[{"title":"\u003Ca href=\u0022\/index.php\/node\/1084225\u0022 hreflang=\u0022pl\u0022\u003E1 Maja\u003C\/a\u003E","field_nazwa_rodzaj_obiektu_opis":"\u003Cp\u003EKamie\u0144 pami\u0105tkowy po\u015bwi\u0119cony tragicznym wydarzeniom zwi\u0105znym z epidemi\u0105 d\u017cumy w latach 1710-11 oraz miesjce poch\u00f3wku \u017co\u0142nierzy poleg\u0142ych w wojnie 1807 r.\u003C\/p\u003E\n","field_autor_monuwgamo":"brak danych","field_data_powstania_monuwgamo":"2004","field_uwagi_monuwgamo":"Napis w brzmieniu: Plac Trzech Krzy\u017cy. Nazwa historyczna z XVIII-XIX wieku. W tym miejscu ustawiono krzy\u017ce po wielkiej d\u017cumie z lat 1710-1711. Tak\u017ce tutaj pochowano \u017co\u0142nierzy francuskich i rosyjskich, kt\u00f3rzy zgin\u0119li w Olsztynie w wojnie 1807 roku","field_stan_aktualny_na_dzien":"\u003Ctime datetime=\u00222026-02-05T00:00:00+01:00\u0022 title=\u00222026-02-05\u0022 class=\u0022datetime\u0022\u003E2026-02-05\u003C\/time\u003E\n"},{"title":"\u003Ca href=\u0022\/index.php\/node\/1084226\u0022 hreflang=\u0022pl\u0022\u003EBaczewskiego (Cmentarz wojenny \/ Cmentarz Ofiar Terroru Hitlerowskiego)\u003C\/a\u003E","field_nazwa_rodzaj_obiektu_opis":"\u003Cp\u003ENowy pomnik upami\u0119tniaj\u0105cy ofiary II wojny \u015bwiatowej oraz 10. krzy\u017cy granitowych\u003C\/p\u003E\n","field_autor_monuwgamo":"Zenon Sowi\u0144ski \u2013 pomnik, ok\u0142adziny kamienne","field_data_powstania_monuwgamo":"2022-2023 ","field_uwagi_monuwgamo":"(dawniej pomnik Ofiar Terroru Hitlerowskiego)","field_stan_aktualny_na_dzien":"\u003Ctime datetime=\u00222026-02-05T00:00:00+01:00\u0022 title=\u00222026-02-05\u0022 class=\u0022datetime\u0022\u003E2026-02-05\u003C\/time\u003E\n"},{"title":"\u003Ca href=\u0022\/index.php\/node\/1084228\u0022 hreflang=\u0022pl\u0022\u003EBaczewskiego (Cmentarz wojenny \/ Cmentarz Ofiar Terroru Hitlerowskiego)\u003C\/a\u003E","field_nazwa_rodzaj_obiektu_opis":"\u003Cp\u003EPomnik po\u015bwi\u0119cony ofiarom II wojny \u015bwiatowej\u003C\/p\u003E\n","field_autor_monuwgamo":"Boles\u0142aw Marschall","field_data_powstania_monuwgamo":"lata 70-te XX w.","field_uwagi_monuwgamo":"(dawniej pomnik Ofiar Terroru Hitlerowskiego)","field_stan_aktualny_na_dzien":"\u003Ctime datetime=\u00222026-02-05T00:00:00+01:00\u0022 title=\u00222026-02-05\u0022 class=\u0022datetime\u0022\u003E2026-02-05\u003C\/time\u003E\n"},{"title":"\u003Ca href=\u0022\/index.php\/node\/1084227\u0022 hreflang=\u0022pl\u0022\u003EBaczewskiego (Cmentarz wojenny \/ Cmentarz Ofiar Terroru Hitlerowskiego)\u003C\/a\u003E","field_nazwa_rodzaj_obiektu_opis":"\u003Cp\u003EPomnik po\u015bwi\u0119cony ofiarom II wojny \u015bwiatowej\u003C\/p\u003E\n","field_autor_monuwgamo":"brak danych","field_data_powstania_monuwgamo":"lata 70-te XX w.","field_uwagi_monuwgamo":"(dawniej pomnik Ofiar Terroru Hitlerowskiego)","field_stan_aktualny_na_dzien":"\u003Ctime datetime=\u00222026-02-05T00:00:00+01:00\u0022 title=\u00222026-02-05\u0022 class=\u0022datetime\u0022\u003E2026-02-05\u003C\/time\u003E\n"},{"title":"\u003Ca href=\u0022\/index.php\/node\/1084232\u0022 hreflang=\u0022pl\u0022\u003EBarczewskiego 11a (teren Szko\u0142y Podstawowej nr 10 im. W\u0142adys\u0142awa Broniewskiego, plac przed szko\u0142\u0105)\u003C\/a\u003E","field_nazwa_rodzaj_obiektu_opis":"\u003Cp\u003ED\u0105b pami\u0119ci posadzony dla uhonorowania starszego przodownika Policji Pa\u0144stwowej  w Widzach Stanis\u0142awa P\u0142aczek ur. 1888 r. w Sadkach aresztowanego przez NKWD w 1939 r.\u003C\/p\u003E\n","field_autor_monuwgamo":"nie dotyczy","field_data_powstania_monuwgamo":"brak danych","field_uwagi_monuwgamo":"","field_stan_aktualny_na_dzien":"\u003Ctime datetime=\u00222026-02-05T00:00:00+01:00\u0022 title=\u00222026-02-05\u0022 class=\u0022datetime\u0022\u003E2026-02-05\u003C\/time\u003E\n"},{"title":"\u003Ca href=\u0022\/index.php\/node\/1084229\u0022 hreflang=\u0022pl\u0022\u003EBa\u0142tycka 135  (otoczenie ko\u015bcio\u0142a p.w. \u015bw. Wawrzy\u0144ca)\u003C\/a\u003E","field_nazwa_rodzaj_obiektu_opis":"\u003Cp\u003EPomnik po\u015bwi\u0119cony poleg\u0142ym podczas I wojny \u015bwiatowej mieszka\u0144com wsi Gutkowo, \u0141upstych, Likusy\u003C\/p\u003E\n","field_autor_monuwgamo":"brak danych ","field_data_powstania_monuwgamo":"lata 20-te XX w.","field_uwagi_monuwgamo":"Pomnik usytuowany na terenie wpisanym  do rejestru zabytk\u00f3w \u2013 nr rej. A-4652, decyzja z 10.05.2018 (krajobraz kulturowy ko\u015bcio\u0142a)","field_stan_aktualny_na_dzien":"\u003Ctime datetime=\u00222026-02-05T00:00:00+01:00\u0022 title=\u00222026-02-05\u0022 class=\u0022datetime\u0022\u003E2026-02-05\u003C\/time\u003E\n"},{"title":"\u003Ca href=\u0022\/index.php\/node\/1084230\u0022 hreflang=\u0022pl\u0022\u003EBa\u0142tycka 151  (teren Zespo\u0142u Szkolno-Przedszkolnego nr 1)\u003C\/a\u003E","field_nazwa_rodzaj_obiektu_opis":"\u003Cp\u003ED\u0105b Pami\u0119ci po\u015bwi\u0119cony Bohaterowi Lasu Katy\u0144skiego - Brunonowi M\u00f3wka\u003C\/p\u003E\n","field_autor_monuwgamo":"nie dotyczy","field_data_powstania_monuwgamo":"brak danych","field_uwagi_monuwgamo":"","field_stan_aktualny_na_dzien":"\u003Ctime datetime=\u00222026-02-05T00:00:00+01:00\u0022 title=\u00222026-02-05\u0022 class=\u0022datetime\u0022\u003E2026-02-05\u003C\/time\u003E\n"},{"title":"\u003Ca href=\u0022\/index.php\/node\/1084231\u0022 hreflang=\u0022pl\u0022\u003EBa\u0142tycka 37A  (teren Zespo\u0142u Szk\u00f3\u0142 Elektronicznych i Telekomunikacyjnych w Olsztynie, przed budynkiem Bursy nr 2)\u003C\/a\u003E","field_nazwa_rodzaj_obiektu_opis":"\u003Cp\u003EG\u0142az upami\u0119tniaj\u0105cy rotmistrza Pileckiego, kt\u00f3rego imi\u0119 nosi Bursa nr 2\u003C\/p\u003E\n","field_autor_monuwgamo":"nie dotyczy","field_data_powstania_monuwgamo":"brak danych","field_uwagi_monuwgamo":"","field_stan_aktualny_na_dzien":"\u003Ctime datetime=\u00222026-02-05T00:00:00+01:00\u0022 title=\u00222026-02-05\u0022 class=\u0022datetime\u0022\u003E2026-02-05\u003C\/time\u003E\n"},{"title":"\u003Ca href=\u0022\/index.php\/node\/1084233\u0022 hreflang=\u0022pl\u0022\u003EBema 5 (elewacja budynku Starostwa Powiatowego)\u003C\/a\u003E","field_nazwa_rodzaj_obiektu_opis":"\u003Cp\u003ETablica upami\u0119tniaj\u0105ca 50-lecie Powstania W\u0119gierskiego\u003C\/p\u003E\n","field_autor_monuwgamo":"Edward Jurjewicz","field_data_powstania_monuwgamo":"2006","field_uwagi_monuwgamo":"","field_stan_aktualny_na_dzien":"\u003Ctime datetime=\u00222026-02-05T00:00:00+01:00\u0022 title=\u00222026-02-05\u0022 class=\u0022datetime\u0022\u003E2026-02-05\u003C\/time\u003E\n"},{"title":"\u003Ca href=\u0022\/index.php\/node\/1084234\u0022 hreflang=\u0022pl\u0022\u003ED\u0105browszczak\u00f3w\/Pi\u0142sudskiego  (skwer przy S\u0105dzie Rejonowym)\u003C\/a\u003E","field_nazwa_rodzaj_obiektu_opis":"\u003Cp\u003EPomnik Armii Krajowej\u003C\/p\u003E\n","field_autor_monuwgamo":"Janusz Wierzy\u0144ski","field_data_powstania_monuwgamo":"2014","field_uwagi_monuwgamo":"","field_stan_aktualny_na_dzien":"\u003Ctime datetime=\u00222026-02-05T00:00:00+01:00\u0022 title=\u00222026-02-05\u0022 class=\u0022datetime\u0022\u003E2026-02-05\u003C\/time\u003E\n"},{"title":"\u003Ca href=\u0022\/index.php\/node\/1084235\u0022 hreflang=\u0022pl\u0022\u003EDworcowa \/ Pi\u0142sudskiego (skrzy\u017cowanie)\u003C\/a\u003E","field_nazwa_rodzaj_obiektu_opis":"\u003Cp\u003EKamie\u0144 upami\u0119tniaj\u0105cy inwalid\u00f3w wojennych\u003C\/p\u003E\n","field_autor_monuwgamo":"brak danych","field_data_powstania_monuwgamo":"1997","field_uwagi_monuwgamo":"Poprzednia lokalizacja Plac Inwalid\u00f3w Wojennych","field_stan_aktualny_na_dzien":"\u003Ctime datetime=\u00222026-02-05T00:00:00+01:00\u0022 title=\u00222026-02-05\u0022 class=\u0022datetime\u0022\u003E2026-02-05\u003C\/time\u003E\n"},{"title":"\u003Ca href=\u0022\/index.php\/node\/1084236\u0022 hreflang=\u0022pl\u0022\u003EDybowskiego (teren Uniwersytetu Warmi\u0144sko-Mazurskiego, tzw. g\u00f3rka kortowska)\u003C\/a\u003E","field_nazwa_rodzaj_obiektu_opis":"\u003Cp\u003EAleja Ofiar Katy\u0144skich - 27 d\u0119b\u00f3w katy\u0144skich\u003C\/p\u003E\n","field_autor_monuwgamo":"nie dotyczy","field_data_powstania_monuwgamo":"brak danych","field_uwagi_monuwgamo":"","field_stan_aktualny_na_dzien":"\u003Ctime datetime=\u00222026-02-05T00:00:00+01:00\u0022 title=\u00222026-02-05\u0022 class=\u0022datetime\u0022\u003E2026-02-05\u003C\/time\u003E\n"},{"title":"\u003Ca href=\u0022\/index.php\/node\/1084237\u0022 hreflang=\u0022pl\u0022\u003EGietkowska 12 (teren Zespo\u0142u Szk\u00f3\u0142 Og\u00f3lnokszta\u0142c\u0105cych nr 5 Mistrzostwa Sportowego im. Mariana Grzegorza Bublewicza, Szko\u0142y Podstawowej nr 23)\u003C\/a\u003E","field_nazwa_rodzaj_obiektu_opis":"\u003Cp\u003ED\u0105b Pami\u0119ci Juliana Uziaka - zamordowanego w Twerze w 1940 przez NKWD\u003C\/p\u003E\n","field_autor_monuwgamo":"nie dotyczy","field_data_powstania_monuwgamo":"brak danych","field_uwagi_monuwgamo":"","field_stan_aktualny_na_dzien":"\u003Ctime datetime=\u00222026-02-05T00:00:00+01:00\u0022 title=\u00222026-02-05\u0022 class=\u0022datetime\u0022\u003E2026-02-05\u003C\/time\u003E\n"},{"title":"\u003Ca href=\u0022\/index.php\/node\/1084238\u0022 hreflang=\u0022pl\u0022\u003EGrunwaldzka \/ Chateauroux Aleja\u003C\/a\u003E","field_nazwa_rodzaj_obiektu_opis":"\u003Cp\u003EKamie\u0144 pami\u0105tkowy na cze\u015b\u0107 Napoleona\u003C\/p\u003E\n","field_autor_monuwgamo":"Edward Jurjewicz","field_data_powstania_monuwgamo":"2007","field_uwagi_monuwgamo":"","field_stan_aktualny_na_dzien":"\u003Ctime datetime=\u00222026-02-05T00:00:00+01:00\u0022 title=\u00222026-02-05\u0022 class=\u0022datetime\u0022\u003E2026-02-05\u003C\/time\u003E\n"},{"title":"\u003Ca href=\u0022\/index.php\/node\/1084239\u0022 hreflang=\u0022pl\u0022\u003EJagiello\u0144czyka 32 (teren Zespo\u0142u Szk\u00f3\u0142 Og\u00f3lnokszta\u0142c\u0105cych nr 5 Mistrzostwa Sportowego im. Mariana Grzegorza Bublewicza, X Liceum Og\u00f3lnokszta\u0142c\u0105cego)\u003C\/a\u003E","field_nazwa_rodzaj_obiektu_opis":"\u003Cp\u003ED\u0105b pami\u0119ci Tadeusza Zawadzkiego \u2013 zamordowanego w Katyniu w 1940 r.\u003C\/p\u003E\n","field_autor_monuwgamo":"nie dotyczy","field_data_powstania_monuwgamo":"brak danych","field_uwagi_monuwgamo":"","field_stan_aktualny_na_dzien":"\u003Ctime datetime=\u00222026-02-05T00:00:00+01:00\u0022 title=\u00222026-02-05\u0022 class=\u0022datetime\u0022\u003E2026-02-05\u003C\/time\u003E\n"},{"title":"\u003Ca href=\u0022\/index.php\/node\/1084240\u0022 hreflang=\u0022pl\u0022\u003EJarocka\u003C\/a\u003E","field_nazwa_rodzaj_obiektu_opis":"\u003Cp\u003EObelisk upami\u0119tniaj\u0105cy miejsce aresztowania Wojciecha K\u0119trzy\u0144skiego podczas powstania styczniowego.\u003C\/p\u003E\n","field_autor_monuwgamo":"brak danych","field_data_powstania_monuwgamo":"1988, 2009","field_uwagi_monuwgamo":"Pierwotnie tablice z blachy mosi\u0119\u017cnej, ukradzione w 2006\/2007 r., w roku 2009 zosta\u0142y zast\u0105pione tablic\u0105 kamienn\u0105.","field_stan_aktualny_na_dzien":"\u003Ctime datetime=\u00222026-02-05T00:00:00+01:00\u0022 title=\u00222026-02-05\u0022 class=\u0022datetime\u0022\u003E2026-02-05\u003C\/time\u003E\n"},{"title":"\u003Ca href=\u0022\/index.php\/node\/1084241\u0022 hreflang=\u0022pl\u0022\u003EJezio\u0142owicza 2 (teren Szko\u0142y Podstawowej nr 33 im. Funduszu Narodk\u00f3w Zjednoczonych na Rzecz Dzieci UNICEF w Olsztynie)\u003C\/a\u003E","field_nazwa_rodzaj_obiektu_opis":"\u003Cp\u003EDwa D\u0119by Pami\u0119ci - Ignacego Drozdka i Micha\u0142a Wasiluka, ofiar Zbrodni Katy\u0144skiej\u003C\/p\u003E\n","field_autor_monuwgamo":"nie dotyczy","field_data_powstania_monuwgamo":"brak danych","field_uwagi_monuwgamo":"","field_stan_aktualny_na_dzien":"\u003Ctime datetime=\u00222026-02-05T00:00:00+01:00\u0022 title=\u00222026-02-05\u0022 class=\u0022datetime\u0022\u003E2026-02-05\u003C\/time\u003E\n"},{"title":"\u003Ca href=\u0022\/index.php\/node\/1084242\u0022 hreflang=\u0022pl\u0022\u003EK\u0119trzy\u0144skiego 10 (teren Szko\u0142y Podstawowej nr 15 im. Wojciecha K\u0119trzy\u0144skiego)\u003C\/a\u003E","field_nazwa_rodzaj_obiektu_opis":"\u003Cp\u003ED\u0105b pami\u0119ci i tablica pami\u0105tkowa po\u015bwi\u0119cona ofiarom Katynia 1940 r.\u003C\/p\u003E\n","field_autor_monuwgamo":"nie dotyczy; brak danych dot. autora tablicy","field_data_powstania_monuwgamo":"2010","field_uwagi_monuwgamo":"","field_stan_aktualny_na_dzien":"\u003Ctime datetime=\u00222026-02-05T00:00:00+01:00\u0022 title=\u00222026-02-05\u0022 class=\u0022datetime\u0022\u003E2026-02-05\u003C\/time\u003E\n"},{"title":"\u003Ca href=\u0022\/index.php\/node\/1084243\u0022 hreflang=\u0022pl\u0022\u003EKonopnickiej 11 (teren Szko\u0142y Podstawowej nr 14 im. Marii Konopnickiej)\u003C\/a\u003E","field_nazwa_rodzaj_obiektu_opis":"\u003Cp\u003ED\u0105b pami\u0119ci Bohatera Lasu Katy\u0144skiego - Starszego Przewodnika Policji Pa\u0144stwowej, Alfonsa Wojtulewskiego\u003C\/p\u003E\n","field_autor_monuwgamo":"nie dotyczy","field_data_powstania_monuwgamo":"2010","field_uwagi_monuwgamo":"","field_stan_aktualny_na_dzien":"\u003Ctime datetime=\u00222026-02-05T00:00:00+01:00\u0022 title=\u00222026-02-05\u0022 class=\u0022datetime\u0022\u003E2026-02-05\u003C\/time\u003E\n"},{"title":"\u003Ca href=\u0022\/index.php\/node\/1084244\u0022 hreflang=\u0022pl\u0022\u003EKonsulatu Polskiego\u003C\/a\u003E","field_nazwa_rodzaj_obiektu_opis":"\u003Cp\u003EPomnik \u0026quot;Kolumna Or\u0142a Bia\u0142ego\u0026quot;\u003C\/p\u003E\n","field_autor_monuwgamo":"Urszula i Ryszard Szmyt (orze\u0142), Andrzej Matyka (kolumna)","field_data_powstania_monuwgamo":"2002","field_uwagi_monuwgamo":"","field_stan_aktualny_na_dzien":"\u003Ctime datetime=\u00222026-02-05T00:00:00+01:00\u0022 title=\u00222026-02-05\u0022 class=\u0022datetime\u0022\u003E2026-02-05\u003C\/time\u003E\n"},{"title":"\u003Ca href=\u0022\/index.php\/node\/1084245\u0022 hreflang=\u0022pl\u0022\u003EKo\u015bciuszki 70 (teren Szko\u0142y Podstawowej nr 2 im. J. D\u0105browskiego)\u003C\/a\u003E","field_nazwa_rodzaj_obiektu_opis":"\u003Cp\u003ED\u0105b pami\u0119ci i kamie\u0144 pami\u0105tkowy z tablic\u0105 granitow\u0105, po\u015bwi\u0119cony Bohaterowi Lasu Katy\u0144skiego Kapitanowi Wojska Polskiego J\u00f3zefowi Bielcowi, zamordowanemu przez NKWD w Charkowie w 1940 roku\u003C\/p\u003E\n","field_autor_monuwgamo":"nie dotyczy;  brak danych dot. autora tablicy","field_data_powstania_monuwgamo":"2010","field_uwagi_monuwgamo":"","field_stan_aktualny_na_dzien":"\u003Ctime datetime=\u00222026-02-05T00:00:00+01:00\u0022 title=\u00222026-02-05\u0022 class=\u0022datetime\u0022\u003E2026-02-05\u003C\/time\u003E\n"},{"title":"\u003Ca href=\u0022\/index.php\/node\/1084246\u0022 hreflang=\u0022pl\u0022\u003EMaria\u0144ska (teren Szko\u0142y Policealnej im. prof. Zbigniewa Religi)\u003C\/a\u003E","field_nazwa_rodzaj_obiektu_opis":"\u003Cp\u003ED\u0105b pami\u0119ci po\u015bwi\u0119cony asp. PP Micha\u0142owi K\u0142oczewskiemu\u003C\/p\u003E\n","field_autor_monuwgamo":"nie dotyczy","field_data_powstania_monuwgamo":"2018","field_uwagi_monuwgamo":"","field_stan_aktualny_na_dzien":"\u003Ctime datetime=\u00222026-02-05T00:00:00+01:00\u0022 title=\u00222026-02-05\u0022 class=\u0022datetime\u0022\u003E2026-02-05\u003C\/time\u003E\n"},{"title":"\u003Ca href=\u0022\/index.php\/node\/1084247\u0022 hreflang=\u0022pl\u0022\u003EMaria\u0144ska (teren Szko\u0142y Policealnej im. prof. Zbigniewa Religi)\u003C\/a\u003E","field_nazwa_rodzaj_obiektu_opis":"\u003Cp\u003ED\u0105b pami\u0119ci ku czci starszego posterunkowego Policji Pa\u0144stwowej Wincentego Bomby\u003C\/p\u003E\n","field_autor_monuwgamo":"nie dotyczy","field_data_powstania_monuwgamo":"2019","field_uwagi_monuwgamo":"","field_stan_aktualny_na_dzien":"\u003Ctime datetime=\u00222026-02-05T00:00:00+01:00\u0022 title=\u00222026-02-05\u0022 class=\u0022datetime\u0022\u003E2026-02-05\u003C\/time\u003E\n"},{"title":"\u003Ca href=\u0022\/index.php\/node\/1084248\u0022 hreflang=\u0022pl\u0022\u003EMetalowa 8 (park ko\u0142o Muzeum Przyrody)\u003C\/a\u003E","field_nazwa_rodzaj_obiektu_opis":"\u003Cp\u003ED\u0105b pami\u0119ci upami\u0119tniaj\u0105cy podpu\u0142kownika Wiaczes\u0142awa Ruszkiewicza, kt\u00f3ry zgin\u0105\u0142 w Starobielsku.\u003C\/p\u003E\n","field_autor_monuwgamo":"nie dotyczy","field_data_powstania_monuwgamo":"2015","field_uwagi_monuwgamo":"","field_stan_aktualny_na_dzien":"\u003Ctime datetime=\u00222026-02-05T00:00:00+01:00\u0022 title=\u00222026-02-05\u0022 class=\u0022datetime\u0022\u003E2026-02-05\u003C\/time\u003E\n"},{"title":"\u003Ca href=\u0022\/index.php\/node\/1084249\u0022 hreflang=\u0022pl\u0022\u003EMickiewicza \/ D\u0105browszczak\u00f3w  (skwer)\u003C\/a\u003E","field_nazwa_rodzaj_obiektu_opis":"\u003Cp\u003EKamie\u0144 po\u015bwi\u0119cony pami\u0119ci Wincentego Pola (1807-1872)\u003C\/p\u003E\n","field_autor_monuwgamo":"Rafa\u0142 Grabowski","field_data_powstania_monuwgamo":"2007","field_uwagi_monuwgamo":"","field_stan_aktualny_na_dzien":"\u003Ctime datetime=\u00222026-02-05T00:00:00+01:00\u0022 title=\u00222026-02-05\u0022 class=\u0022datetime\u0022\u003E2026-02-05\u003C\/time\u003E\n"},{"title":"\u003Ca href=\u0022\/index.php\/node\/1084250\u0022 hreflang=\u0022pl\u0022\u003EMickiewicza 6 (skwer ko\u0142o I LO)\u003C\/a\u003E","field_nazwa_rodzaj_obiektu_opis":"\u003Cp\u003ED\u0105b katy\u0144ski oraz kamie\u0144 pami\u0105tkowy \u2013 po\u015bwi\u0119cony podporucznikowi, oficerowi zawodowemu WP \u2013 Antoniemu  Derwi\u0144skiemu (obecnie brak drzewka)\u003C\/p\u003E\n","field_autor_monuwgamo":"nie dotyczy","field_data_powstania_monuwgamo":"2010","field_uwagi_monuwgamo":"","field_stan_aktualny_na_dzien":"\u003Ctime datetime=\u00222026-02-05T00:00:00+01:00\u0022 title=\u00222026-02-05\u0022 class=\u0022datetime\u0022\u003E2026-02-05\u003C\/time\u003E\n"},{"title":"\u003Ca href=\u0022\/index.php\/node\/1084251\u0022 hreflang=\u0022pl\u0022\u003EMoniuszki 10  (ogr\u00f3d na terenie Szko\u0142y Podstawowej nr 1 im. Ryszarda Knosa\u0142y)\u003C\/a\u003E","field_nazwa_rodzaj_obiektu_opis":"\u003Cp\u003ED\u0105b pami\u0119ci po\u015bwi\u0119cony bohaterowi Lasu Katy\u0144skiego chor\u0105\u017cemu Wojska Polskiego Wac\u0142awowi Piaseckiemu. Przy d\u0119bie umieszczono tablic\u0119 pami\u0105tkow\u0105 ufundowan\u0105 przez spo\u0142eczno\u015b\u0107 szko\u0142y.\u003C\/p\u003E\n","field_autor_monuwgamo":"nie dotyczy; brak danych dot. autora tablicy","field_data_powstania_monuwgamo":"2009 r. (d\u0105b), 2010 r. (tablica)","field_uwagi_monuwgamo":"","field_stan_aktualny_na_dzien":"\u003Ctime datetime=\u00222026-02-05T00:00:00+01:00\u0022 title=\u00222026-02-05\u0022 class=\u0022datetime\u0022\u003E2026-02-05\u003C\/time\u003E\n"},{"title":"\u003Ca href=\u0022\/index.php\/node\/1084252\u0022 hreflang=\u0022pl\u0022\u003ENiepodleg\u0142o\u015bci 18  (skwer przed Szko\u0142\u0105 Podstawow\u0105 nr 10)\u003C\/a\u003E","field_nazwa_rodzaj_obiektu_opis":"\u003Cp\u003EPomnik - popiersie W\u0142adys\u0142awa Broniewskiego oraz le\u017c\u0105cy obok kamie\u0144 z wykutym wierszem\u003C\/p\u003E\n","field_autor_monuwgamo":"Zofia Topczewska - Hudyka","field_data_powstania_monuwgamo":"1970","field_uwagi_monuwgamo":"","field_stan_aktualny_na_dzien":"\u003Ctime datetime=\u00222026-02-05T00:00:00+01:00\u0022 title=\u00222026-02-05\u0022 class=\u0022datetime\u0022\u003E2026-02-05\u003C\/time\u003E\n"},{"title":"\u003Ca href=\u0022\/index.php\/node\/1084253\u0022 hreflang=\u0022pl\u0022\u003ENiepodleg\u0142o\u015bci 18 (teren Szko\u0142y Podstawowej nr 10 im. W\u0142adys\u0142awa Broniewskiego, plac przed szko\u0142\u0105)\u003C\/a\u003E","field_nazwa_rodzaj_obiektu_opis":"\u003Cp\u003ED\u0105b pami\u0119ci posadzony dla uhonorowania Porucznika I Baonu 77 PPZM Antoniego Kajetowskiego ur. 20.05.1912 r. w Wilnie, zamordowanego przez NKWD w 1940 r. w Charkowie\u003C\/p\u003E\n","field_autor_monuwgamo":"nie dotyczy","field_data_powstania_monuwgamo":"brak danych","field_uwagi_monuwgamo":"","field_stan_aktualny_na_dzien":"\u003Ctime datetime=\u00222026-02-05T00:00:00+01:00\u0022 title=\u00222026-02-05\u0022 class=\u0022datetime\u0022\u003E2026-02-05\u003C\/time\u003E\n"},{"title":"\u003Ca href=\u0022\/index.php\/node\/1084254\u0022 hreflang=\u0022pl\u0022\u003EOfiar Katynia Plac  (rondo)\u003C\/a\u003E","field_nazwa_rodzaj_obiektu_opis":"\u003Cp\u003EKamie\u0144 pami\u0105tkowy po\u015bwi\u0119cony ofiarom Katynia\u003C\/p\u003E\n","field_autor_monuwgamo":"Edward Jurjewicz","field_data_powstania_monuwgamo":"1985","field_uwagi_monuwgamo":"","field_stan_aktualny_na_dzien":"\u003Ctime datetime=\u00222026-02-05T00:00:00+01:00\u0022 title=\u00222026-02-05\u0022 class=\u0022datetime\u0022\u003E2026-02-05\u003C\/time\u003E\n"},{"title":"\u003Ca href=\u0022\/index.php\/node\/1084255\u0022 hreflang=\u0022pl\u0022\u003EPaderewskiego 10\/12 (teren Zespo\u0142u Szk\u00f3\u0142 Ekonomiczno-Handlowych)\u003C\/a\u003E","field_nazwa_rodzaj_obiektu_opis":"\u003Cp\u003ED\u0105b katy\u0144ski\u003C\/p\u003E\n","field_autor_monuwgamo":"nie dotyczy","field_data_powstania_monuwgamo":"brak danych","field_uwagi_monuwgamo":"","field_stan_aktualny_na_dzien":"\u003Ctime datetime=\u00222026-02-05T00:00:00+01:00\u0022 title=\u00222026-02-05\u0022 class=\u0022datetime\u0022\u003E2026-02-05\u003C\/time\u003E\n"},{"title":"\u003Ca href=\u0022\/index.php\/node\/1084256\u0022 hreflang=\u0022pl\u0022\u003EPark Kusoci\u0144skiego\u003C\/a\u003E","field_nazwa_rodzaj_obiektu_opis":"\u003Cp\u003ED\u0119by na cze\u015b\u0107 kapitana W\u0142adys\u0142awa Nawrockiego, kt\u00f3ry zosta\u0142 zamordowany w Katyniu w 1940 r.\u003C\/p\u003E\n","field_autor_monuwgamo":"nie dotyczy","field_data_powstania_monuwgamo":"2010","field_uwagi_monuwgamo":"","field_stan_aktualny_na_dzien":"\u003Ctime datetime=\u00222026-02-05T00:00:00+01:00\u0022 title=\u00222026-02-05\u0022 class=\u0022datetime\u0022\u003E2026-02-05\u003C\/time\u003E\n"},{"title":"\u003Ca href=\u0022\/index.php\/node\/1084257\u0022 hreflang=\u0022pl\u0022\u003EPark Kusoci\u0144skiego\u003C\/a\u003E","field_nazwa_rodzaj_obiektu_opis":"\u003Cp\u003EKamie\u0144 z tablic\u0105 pami\u0105tkow\u0105 po\u015bwi\u0119cony ofiarom katastrofy smole\u0144skiej oraz wszystkich, kt\u00f3rzy oddali \u017cycie w s\u0142u\u017cbie ojczyzny\u003C\/p\u003E\n","field_autor_monuwgamo":"brak danych","field_data_powstania_monuwgamo":"2014","field_uwagi_monuwgamo":"","field_stan_aktualny_na_dzien":"\u003Ctime datetime=\u00222026-02-05T00:00:00+01:00\u0022 title=\u00222026-02-05\u0022 class=\u0022datetime\u0022\u003E2026-02-05\u003C\/time\u003E\n"},{"title":"\u003Ca href=\u0022\/index.php\/node\/1084258\u0022 hreflang=\u0022pl\u0022\u003EPark Kusoci\u0144skiego (okolice Tortexu)\u003C\/a\u003E","field_nazwa_rodzaj_obiektu_opis":"\u003Cp\u003E14 d\u0119b\u00f3w na 224 rocznic\u0119 uchwalenia Konstytucji Trzeciego Maja (inicjatywa PiS)\u003C\/p\u003E\n","field_autor_monuwgamo":"nie dotyczy","field_data_powstania_monuwgamo":"2015","field_uwagi_monuwgamo":"","field_stan_aktualny_na_dzien":"\u003Ctime datetime=\u00222026-02-05T00:00:00+01:00\u0022 title=\u00222026-02-05\u0022 class=\u0022datetime\u0022\u003E2026-02-05\u003C\/time\u003E\n"},{"title":"\u003Ca href=\u0022\/index.php\/node\/1084259\u0022 hreflang=\u0022pl\u0022\u003EPark Podzamcze (po\u0142o\u017cenie: ul. F. Nowowiejskiego)\u003C\/a\u003E","field_nazwa_rodzaj_obiektu_opis":"\u003Cp\u003EKamie\u0144 po\u015bwi\u0119cony pami\u0119ci Seweryna Pieni\u0119\u017cnego\u003C\/p\u003E\n","field_autor_monuwgamo":"Eugeniusz Jankowski","field_data_powstania_monuwgamo":"1964","field_uwagi_monuwgamo":"","field_stan_aktualny_na_dzien":"\u003Ctime datetime=\u00222026-02-05T00:00:00+01:00\u0022 title=\u00222026-02-05\u0022 class=\u0022datetime\u0022\u003E2026-02-05\u003C\/time\u003E\n"},{"title":"\u003Ca href=\u0022\/index.php\/node\/1084260\u0022 hreflang=\u0022pl\u0022\u003EPartyzant\u00f3w 23 \u003C\/a\u003E","field_nazwa_rodzaj_obiektu_opis":"\u003Cp\u003ETablica upami\u0119tniaj\u0105ca pp\u0142k Jana Niemierskiego ps. \u0026quot;Kasperski\u0026quot;\u003C\/p\u003E\n","field_autor_monuwgamo":"brak danych","field_data_powstania_monuwgamo":"2021","field_uwagi_monuwgamo":"Ods\u0142oni\u0119cie 13.01.2022 r. ","field_stan_aktualny_na_dzien":"\u003Ctime datetime=\u00222026-02-05T00:00:00+01:00\u0022 title=\u00222026-02-05\u0022 class=\u0022datetime\u0022\u003E2026-02-05\u003C\/time\u003E\n"},{"title":"\u003Ca href=\u0022\/index.php\/node\/1084261\u0022 hreflang=\u0022pl\u0022\u003EPartyzant\u00f3w 87 \u003C\/a\u003E","field_nazwa_rodzaj_obiektu_opis":"\u003Cp\u003ETablica pami\u0105tkowa po\u015bwi\u0119cona istnieniu Szk\u00f3\u0142 Polskich na Warmii (1934-1939)\u003C\/p\u003E\n","field_autor_monuwgamo":"brak danych","field_data_powstania_monuwgamo":"2010","field_uwagi_monuwgamo":"","field_stan_aktualny_na_dzien":"\u003Ctime datetime=\u00222026-02-05T00:00:00+01:00\u0022 title=\u00222026-02-05\u0022 class=\u0022datetime\u0022\u003E2026-02-05\u003C\/time\u003E\n"},{"title":"\u003Ca href=\u0022\/index.php\/node\/1084262\u0022 hreflang=\u0022pl\u0022\u003EPieni\u0119\u017cnego 10\u003C\/a\u003E","field_nazwa_rodzaj_obiektu_opis":"\u003Cp\u003ETablica pami\u0105tkowa Seweryna Pieni\u0119\u017cnego (1890-1940)\u003C\/p\u003E\n","field_autor_monuwgamo":"brak danych","field_data_powstania_monuwgamo":"lata 80. XX w.","field_uwagi_monuwgamo":"","field_stan_aktualny_na_dzien":"\u003Ctime datetime=\u00222026-02-05T00:00:00+01:00\u0022 title=\u00222026-02-05\u0022 class=\u0022datetime\u0022\u003E2026-02-05\u003C\/time\u003E\n"},{"title":"\u003Ca href=\u0022\/index.php\/node\/1084263\u0022 hreflang=\u0022pl\u0022\u003EPi\u0142sudskiego 3 \u003C\/a\u003E","field_nazwa_rodzaj_obiektu_opis":"\u003Cp\u003ETablica pami\u0105tkowa Bohater\u00f3w Polskiego Podziemia antykomunistycznego, przetrzymywanych i represjonowanych w budynku Aresztu \u015aledczego przez komunistyczny aparat terroru\u003C\/p\u003E\n","field_autor_monuwgamo":"brak danych","field_data_powstania_monuwgamo":"2023","field_uwagi_monuwgamo":"","field_stan_aktualny_na_dzien":"\u003Ctime datetime=\u00222026-02-05T00:00:00+01:00\u0022 title=\u00222026-02-05\u0022 class=\u0022datetime\u0022\u003E2026-02-05\u003C\/time\u003E\n"},{"title":"\u003Ca href=\u0022\/index.php\/node\/1084264\u0022 hreflang=\u0022pl\u0022\u003EPlater 1 (elewacja budynku od strony ul. Ko\u015bciuszki)\u003C\/a\u003E","field_nazwa_rodzaj_obiektu_opis":"\u003Cp\u003ETablica pami\u0105tkowa Marsza\u0142ka J\u00f3zefa Pi\u0142sudskiego (1867-1935)\u003C\/p\u003E\n","field_autor_monuwgamo":"Edward Jurjewicz","field_data_powstania_monuwgamo":"2008","field_uwagi_monuwgamo":"Monta\u017c - 2009 r.","field_stan_aktualny_na_dzien":"\u003Ctime datetime=\u00222026-02-05T00:00:00+01:00\u0022 title=\u00222026-02-05\u0022 class=\u0022datetime\u0022\u003E2026-02-05\u003C\/time\u003E\n"},{"title":"\u003Ca href=\u0022\/index.php\/node\/1084265\u0022 hreflang=\u0022pl\u0022\u003EPlater 3 (teren Pa\u0142acu M\u0142odzie\u017cy im. Orl\u0105t Lwowskich w Olsztynie)\u003C\/a\u003E","field_nazwa_rodzaj_obiektu_opis":"\u003Cp\u003ED\u0105b pami\u0119ci posadzony dla uhonorowania pami\u0119ci majora Mariana Jarosiewicza zamordowanego strza\u0142em w ty\u0142 g\u0142owy w Charkowie w roku 1940 przez NKWD\u003C\/p\u003E\n","field_autor_monuwgamo":"nie dotyczy","field_data_powstania_monuwgamo":"2010","field_uwagi_monuwgamo":"","field_stan_aktualny_na_dzien":"\u003Ctime datetime=\u00222026-02-05T00:00:00+01:00\u0022 title=\u00222026-02-05\u0022 class=\u0022datetime\u0022\u003E2026-02-05\u003C\/time\u003E\n"},{"title":"\u003Ca href=\u0022\/index.php\/node\/1084267\u0022 hreflang=\u0022pl\u0022\u003EPoprzeczna (Cmentarz komunalny)\u003C\/a\u003E","field_nazwa_rodzaj_obiektu_opis":"\u003Cp\u003EPomnik Ofiar Zbrodni Katy\u0144skiej\u003C\/p\u003E\n","field_autor_monuwgamo":"brak danych","field_data_powstania_monuwgamo":"brak danych","field_uwagi_monuwgamo":"","field_stan_aktualny_na_dzien":"\u003Ctime datetime=\u00222026-02-05T00:00:00+01:00\u0022 title=\u00222026-02-05\u0022 class=\u0022datetime\u0022\u003E2026-02-05\u003C\/time\u003E\n"},{"title":"\u003Ca href=\u0022\/index.php\/node\/1084266\u0022 hreflang=\u0022pl\u0022\u003EPoprzeczna (Cmentarz komunalny, aleja Zas\u0142u\u017conych)\u003C\/a\u003E","field_nazwa_rodzaj_obiektu_opis":"\u003Cp\u003EPomnik Wilnianom-Wilnianie upami\u0119tniaj\u0105cy 50-t\u0105 rocznic\u0119 agresji ZSRR na Kresy Wschodnie II Rzeczypospolitej\u003C\/p\u003E\n","field_autor_monuwgamo":"brak danych","field_data_powstania_monuwgamo":"1989","field_uwagi_monuwgamo":"","field_stan_aktualny_na_dzien":"\u003Ctime datetime=\u00222026-02-05T00:00:00+01:00\u0022 title=\u00222026-02-05\u0022 class=\u0022datetime\u0022\u003E2026-02-05\u003C\/time\u003E\n"},{"title":"\u003Ca href=\u0022\/index.php\/node\/1084268\u0022 hreflang=\u0022pl\u0022\u003EPoprzeczna (kwatera na cmentarzu komunalnym)\u003C\/a\u003E","field_nazwa_rodzaj_obiektu_opis":"\u003Cp\u003ED\u0119bowy krzy\u017c katy\u0144ski, kamienny pomnik, krzy\u017ce wok\u00f3\u0142 krzy\u017ca katy\u0144skiego upami\u0119tniaj\u0105ce Sybirak\u00f3w, \u017bo\u0142nierzy AK, wi\u0119\u017ani\u00f3w oboz\u00f3w niemieckich, obelisk smole\u0144ski\u003C\/p\u003E\n","field_autor_monuwgamo":"nie dotyczy;  brak danych dot. autora pomnika","field_data_powstania_monuwgamo":"","field_uwagi_monuwgamo":"","field_stan_aktualny_na_dzien":"\u003Ctime datetime=\u00222026-02-05T00:00:00+01:00\u0022 title=\u00222026-02-05\u0022 class=\u0022datetime\u0022\u003E2026-02-05\u003C\/time\u003E\n"},{"title":"\u003Ca href=\u0022\/index.php\/node\/1084269\u0022 hreflang=\u0022pl\u0022\u003EPrzyjaci\u00f3\u0142 Aleja 42 (teren Szko\u0142y Podstawowej nr 7, przy boisku)\u003C\/a\u003E","field_nazwa_rodzaj_obiektu_opis":"\u003Cp\u003ED\u0105b pami\u0119ci po\u015bwi\u0119cony podporucznikowi rezerwy Wojska Polskiego - Edmundowi Indrunasowi\u003C\/p\u003E\n","field_autor_monuwgamo":"nie dotyczy","field_data_powstania_monuwgamo":"2010","field_uwagi_monuwgamo":"","field_stan_aktualny_na_dzien":"\u003Ctime datetime=\u00222026-02-05T00:00:00+01:00\u0022 title=\u00222026-02-05\u0022 class=\u0022datetime\u0022\u003E2026-02-05\u003C\/time\u003E\n"},{"title":"\u003Ca href=\u0022\/index.php\/node\/1084270\u0022 hreflang=\u0022pl\u0022\u003EPuszkina 11 (teren Szko\u0142y Podstawowej nr 13 im. Komisji Edukacji Narodowej)\u003C\/a\u003E","field_nazwa_rodzaj_obiektu_opis":"\u003Cp\u003ED\u0105b pami\u0119ci i kamie\u0144 pami\u0105tkowy po\u015bwi\u0119cony mjr W\u0142adys\u0142awowi Orzeszko oraz Harcerskiej Organizacji Podziemnej Iskra\u003C\/p\u003E\n","field_autor_monuwgamo":"nie dotyczy","field_data_powstania_monuwgamo":"2010","field_uwagi_monuwgamo":"","field_stan_aktualny_na_dzien":"\u003Ctime datetime=\u00222026-02-05T00:00:00+01:00\u0022 title=\u00222026-02-05\u0022 class=\u0022datetime\u0022\u003E2026-02-05\u003C\/time\u003E\n"},{"title":"\u003Ca href=\u0022\/index.php\/node\/1084271\u0022 hreflang=\u0022pl\u0022\u003ESielska  (dawny cmentarz parafialny)\u003C\/a\u003E","field_nazwa_rodzaj_obiektu_opis":"\u003Cp\u003EPomnik upami\u0119tniaj\u0105cy mieszka\u0144c\u00f3w Dajtek poleg\u0142ych na frontach I wojny \u015bwiatowej wraz z now\u0105 tablic\u0105 pami\u0105tkow\u0105\u003C\/p\u003E\n","field_autor_monuwgamo":"brak danych","field_data_powstania_monuwgamo":"1932 \u2013 pomnik, 2013 -  nowa tablica pam.","field_uwagi_monuwgamo":"","field_stan_aktualny_na_dzien":"\u003Ctime datetime=\u00222026-02-05T00:00:00+01:00\u0022 title=\u00222026-02-05\u0022 class=\u0022datetime\u0022\u003E2026-02-05\u003C\/time\u003E\n"},{"title":"\u003Ca href=\u0022\/index.php\/node\/1084272\u0022 hreflang=\u0022pl\u0022\u003ESolidarno\u015bci Plac\u003C\/a\u003E","field_nazwa_rodzaj_obiektu_opis":"\u003Cp\u003EPomnik \u0026quot;Wolno\u015bci Ojczyzny\u0026quot;\u003C\/p\u003E\n","field_autor_monuwgamo":"Janusz Wierzy\u0144ski","field_data_powstania_monuwgamo":"2003","field_uwagi_monuwgamo":"","field_stan_aktualny_na_dzien":"\u003Ctime datetime=\u00222026-02-05T00:00:00+01:00\u0022 title=\u00222026-02-05\u0022 class=\u0022datetime\u0022\u003E2026-02-05\u003C\/time\u003E\n"},{"title":"\u003Ca href=\u0022\/index.php\/node\/1084273\u0022 hreflang=\u0022pl\u0022\u003EStaromiejska 1   (Brama G\u00f3rna)\u003C\/a\u003E","field_nazwa_rodzaj_obiektu_opis":"\u003Cp\u003ETablica upamietnij\u0105ca uwi\u0119zienie Wojciecha K\u0119trzy\u0144skiego (1838-1918) za pomoc powsta\u0144com styczniowym\u003C\/p\u003E\n","field_autor_monuwgamo":"Edward Jurjewicz","field_data_powstania_monuwgamo":"2006","field_uwagi_monuwgamo":"","field_stan_aktualny_na_dzien":"\u003Ctime datetime=\u00222026-02-05T00:00:00+01:00\u0022 title=\u00222026-02-05\u0022 class=\u0022datetime\u0022\u003E2026-02-05\u003C\/time\u003E\n"},{"title":"\u003Ca href=\u0022\/index.php\/node\/1084275\u0022 hreflang=\u0022pl\u0022\u003ESybirak\u00f3w (Pl. Powsta\u0144c\u00f3w Warszawy)\u003C\/a\u003E","field_nazwa_rodzaj_obiektu_opis":"\u003Cp\u003EPomnik \u0026quot;Bohaterom Powstania Warszawskiego\u0026quot;\u003C\/p\u003E\n","field_autor_monuwgamo":"brak danych","field_data_powstania_monuwgamo":"brak danych","field_uwagi_monuwgamo":"","field_stan_aktualny_na_dzien":"\u003Ctime datetime=\u00222026-02-05T00:00:00+01:00\u0022 title=\u00222026-02-05\u0022 class=\u0022datetime\u0022\u003E2026-02-05\u003C\/time\u003E\n"},{"title":"\u003Ca href=\u0022\/index.php\/node\/1084274\u0022 hreflang=\u0022pl\u0022\u003ESybirak\u00f3w (przy pomniku Sybirak\u00f3w)\u003C\/a\u003E","field_nazwa_rodzaj_obiektu_opis":"\u003Cp\u003ED\u0119by pami\u0119ci ppor. Juliana Pie\u0144czykowskiego\u003C\/p\u003E\n","field_autor_monuwgamo":"nie dotyczy","field_data_powstania_monuwgamo":"brak danych","field_uwagi_monuwgamo":"","field_stan_aktualny_na_dzien":"\u003Ctime datetime=\u00222026-02-05T00:00:00+01:00\u0022 title=\u00222026-02-05\u0022 class=\u0022datetime\u0022\u003E2026-02-05\u003C\/time\u003E\n"},{"title":"\u003Ca href=\u0022\/index.php\/node\/1084276\u0022 hreflang=\u0022pl\u0022\u003ESybirak\u00f3w (skwer za ko\u015bcio\u0142em \u015bw. J\u00f3zefa)\u003C\/a\u003E","field_nazwa_rodzaj_obiektu_opis":"\u003Cp\u003EPomnik Pami\u0119ci Zes\u0142a\u0144c\u00f3w Syberyjskich\u003C\/p\u003E\n","field_autor_monuwgamo":"Mariusz Kulpa","field_data_powstania_monuwgamo":"2004,2005","field_uwagi_monuwgamo":"","field_stan_aktualny_na_dzien":"\u003Ctime datetime=\u00222026-02-05T00:00:00+01:00\u0022 title=\u00222026-02-05\u0022 class=\u0022datetime\u0022\u003E2026-02-05\u003C\/time\u003E\n"},{"title":"\u003Ca href=\u0022\/index.php\/node\/1084277\u0022 hreflang=\u0022pl\u0022\u003ESyn\u00f3w Pu\u0142ku (przeci\u0119cie ulic Syn\u00f3w Pu\u0142ku\/ W. Pstrowskiego\/ S. Wyszy\u0144skiego)\u003C\/a\u003E","field_nazwa_rodzaj_obiektu_opis":"\u003Cp\u003EKamie\u0144 pami\u0105tkowy Syn\u00f3w Pu\u0142ku\u003C\/p\u003E\n","field_autor_monuwgamo":"Boles\u0142aw Wolski","field_data_powstania_monuwgamo":"1991","field_uwagi_monuwgamo":"","field_stan_aktualny_na_dzien":"\u003Ctime datetime=\u00222026-02-05T00:00:00+01:00\u0022 title=\u00222026-02-05\u0022 class=\u0022datetime\u0022\u003E2026-02-05\u003C\/time\u003E\n"},{"title":"\u003Ca href=\u0022\/index.php\/node\/1084278\u0022 hreflang=\u0022pl\u0022\u003ESzarych Szereg\u00f3w (cmentarz wojenny z okresu I i II wojny \u015bwiatowej)\u003C\/a\u003E","field_nazwa_rodzaj_obiektu_opis":"\u003Cp\u003EPomnik pami\u0119ci \u017co\u0142nierzy polskich poleg\u0142ych w 1939 r.\u003C\/p\u003E\n","field_autor_monuwgamo":"Sow-Granit","field_data_powstania_monuwgamo":"2006","field_uwagi_monuwgamo":"","field_stan_aktualny_na_dzien":"\u003Ctime datetime=\u00222026-02-05T00:00:00+01:00\u0022 title=\u00222026-02-05\u0022 class=\u0022datetime\u0022\u003E2026-02-05\u003C\/time\u003E\n"},{"title":"\u003Ca href=\u0022\/index.php\/node\/1084279\u0022 hreflang=\u0022pl\u0022\u003ESzarych Szereg\u00f3w (cmentarz wojenny z okresu I i II wojny \u015bwiatowej)\u003C\/a\u003E","field_nazwa_rodzaj_obiektu_opis":"\u003Cp\u003EPomnik pami\u0119ci poleg\u0142ych \u017co\u0142nierzy polskich poleg\u0142ych w latach 1939-1945\u003C\/p\u003E\n","field_autor_monuwgamo":"Ryszard Wachowski","field_data_powstania_monuwgamo":"1996","field_uwagi_monuwgamo":"","field_stan_aktualny_na_dzien":"\u003Ctime datetime=\u00222026-02-05T00:00:00+01:00\u0022 title=\u00222026-02-05\u0022 class=\u0022datetime\u0022\u003E2026-02-05\u003C\/time\u003E\n"},{"title":"\u003Ca href=\u0022\/index.php\/node\/1084280\u0022 hreflang=\u0022pl\u0022\u003ESzarych Szereg\u00f3w (cmentarz wojenny z okresu I i II wojny \u015bwiatowej)\u003C\/a\u003E","field_nazwa_rodzaj_obiektu_opis":"\u003Cp\u003EPomnik \u017co\u0142nierzy polskich, radzieckich i francuskich\u003C\/p\u003E\n","field_autor_monuwgamo":"brak danych","field_data_powstania_monuwgamo":"brak danych","field_uwagi_monuwgamo":"","field_stan_aktualny_na_dzien":"\u003Ctime datetime=\u00222026-02-05T00:00:00+01:00\u0022 title=\u00222026-02-05\u0022 class=\u0022datetime\u0022\u003E2026-02-05\u003C\/time\u003E\n"},{"title":"\u003Ca href=\u0022\/index.php\/node\/1084281\u0022 hreflang=\u0022pl\u0022\u003ESzarych Szereg\u00f3w (cmentarz wojenny z okresu I i II wojny \u015bwiatowej)\u003C\/a\u003E","field_nazwa_rodzaj_obiektu_opis":"\u003Cp\u003EPomnik lotnik\u00f3w francuskich z pu\u0142ku lotniczego Normandie-Niemen\u003C\/p\u003E\n","field_autor_monuwgamo":"brak danych","field_data_powstania_monuwgamo":"2004","field_uwagi_monuwgamo":"","field_stan_aktualny_na_dzien":"\u003Ctime datetime=\u00222026-02-05T00:00:00+01:00\u0022 title=\u00222026-02-05\u0022 class=\u0022datetime\u0022\u003E2026-02-05\u003C\/time\u003E\n"},{"title":"\u003Ca href=\u0022\/index.php\/node\/1084282\u0022 hreflang=\u0022pl\u0022\u003ETarg Rybny  (Dom Gazety Olszty\u0144skiej)\u003C\/a\u003E","field_nazwa_rodzaj_obiektu_opis":"\u003Cp\u003ETablica pami\u0105tkowa \u0026quot;Jeszcze Polska nie zgin\u0119\u0142a. W 200 rocznic\u0119 Mazurka D\u0105browskiego (1797-1997)\u0026quot;\u003C\/p\u003E\n","field_autor_monuwgamo":"Jan Wies\u0142aw Kaczmarek","field_data_powstania_monuwgamo":"1997","field_uwagi_monuwgamo":"","field_stan_aktualny_na_dzien":"\u003Ctime datetime=\u00222026-02-05T00:00:00+01:00\u0022 title=\u00222026-02-05\u0022 class=\u0022datetime\u0022\u003E2026-02-05\u003C\/time\u003E\n"},{"title":"\u003Ca href=\u0022\/index.php\/node\/1084283\u0022 hreflang=\u0022pl\u0022\u003ETowarowa 2  (po\u0142udniowa \u015bciana budynku hali OZGraf)\u003C\/a\u003E","field_nazwa_rodzaj_obiektu_opis":"\u003Cp\u003E\u0026quot;Krzy\u017c Solidarno\u015bci\u0026quot; znajduj\u0105cy si\u0119 na po\u0142udniowej \u015bcianie Olszty\u0144skich Zak\u0142ad\u00f3w Graficznych\u003C\/p\u003E\n","field_autor_monuwgamo":"brak danych","field_data_powstania_monuwgamo":"lata 80-te XX w.","field_uwagi_monuwgamo":"Decyzja o wpisie do rejestru zabytk\u00f3w wojew\u00f3dztwa warmi\u0144sko-mazurskiego IZAR(BS\/GS)-4001-2\/10 z 12.07.2010 r. (numer rejestru: B-316)","field_stan_aktualny_na_dzien":"\u003Ctime datetime=\u00222026-02-05T00:00:00+01:00\u0022 title=\u00222026-02-05\u0022 class=\u0022datetime\u0022\u003E2026-02-05\u003C\/time\u003E\n"},{"title":"\u003Ca href=\u0022\/index.php\/node\/1084284\u0022 hreflang=\u0022pl\u0022\u003ETurowskiego 3 (teren Zespo\u0142u Podstawowej nr 12)\u003C\/a\u003E","field_nazwa_rodzaj_obiektu_opis":"\u003Cp\u003EDwa d\u0119by katy\u0144skie i tablica pami\u0105tkowa po\u015bwi\u0119cone porucznikowi Ryszardowi Wilamowiczowi (oficerowi rezerwy Wojska Polskiego) i majorowi Stefanowi Sarnowskiemu (oficerowi zawodowemu Wojska Polskiego)\u003C\/p\u003E\n","field_autor_monuwgamo":"nie dotyczy; brak danych dot. autora tablicy","field_data_powstania_monuwgamo":"2010","field_uwagi_monuwgamo":"","field_stan_aktualny_na_dzien":"\u003Ctime datetime=\u00222026-02-05T00:00:00+01:00\u0022 title=\u00222026-02-05\u0022 class=\u0022datetime\u0022\u003E2026-02-05\u003C\/time\u003E\n"},{"title":"\u003Ca href=\u0022\/index.php\/node\/1084285\u0022 hreflang=\u0022pl\u0022\u003EWa\u0144kowicza 1  (teren Zespo\u0142u Szk\u00f3\u0142 Og\u00f3lnokszta\u0142c\u0105cych nr 3)\u003C\/a\u003E","field_nazwa_rodzaj_obiektu_opis":"\u003Cp\u003ED\u0119by pami\u0119ci po\u015bwi\u0119cone Bohaterom Lasu Katy\u0144skiego: Aspirantowi Policji Pa\u0144stwowej J\u00f3zefowi Miko\u0142ajczykowi, Kapitanowi Wojska Polskiego Kazimierzowi Wolskiemu, Starszemu Przodownikowi Policji Pa\u0144stwowej - Bronis\u0142awowi Bielec\u003C\/p\u003E\n","field_autor_monuwgamo":"nie dotyczy","field_data_powstania_monuwgamo":"2010","field_uwagi_monuwgamo":"","field_stan_aktualny_na_dzien":"\u003Ctime datetime=\u00222026-02-05T00:00:00+01:00\u0022 title=\u00222026-02-05\u0022 class=\u0022datetime\u0022\u003E2026-02-05\u003C\/time\u003E\n"},{"title":"\u003Ca href=\u0022\/index.php\/node\/1084286\u0022 hreflang=\u0022pl\u0022\u003EWa\u0144kowicza 1  (teren Zespo\u0142u Szk\u00f3\u0142 Og\u00f3lnokszta\u0142c\u0105cych nr 3)\u003C\/a\u003E","field_nazwa_rodzaj_obiektu_opis":"\u003Cp\u003ED\u0105b pami\u0119ci w celu uczczenia 100 rocznicy odzyskania przez Polsk\u0119 Niepodleg\u0142o\u015bci ku pami\u0119ci J\u00f3zefa Pi\u0142sudskiego - Niez\u0142omnego \u017bo\u0142nierza Odrodzonej Rzeczypospolitej\u003C\/p\u003E\n","field_autor_monuwgamo":"nie dotyczy","field_data_powstania_monuwgamo":"2018","field_uwagi_monuwgamo":"","field_stan_aktualny_na_dzien":"\u003Ctime datetime=\u00222026-02-05T00:00:00+01:00\u0022 title=\u00222026-02-05\u0022 class=\u0022datetime\u0022\u003E2026-02-05\u003C\/time\u003E\n"},{"title":"\u003Ca href=\u0022\/index.php\/node\/1084287\u0022 hreflang=\u0022pl\u0022\u003EWarszawska 101 - 103\u003C\/a\u003E","field_nazwa_rodzaj_obiektu_opis":"\u003Cp\u003EMiejsce przetrzymywania aresztowanych i ka\u017cni os\u00f3b naraodowo\u015bci polskiej - dawny areszt Powiatowego Urz\u0119du Bezpiecze\u0144stwa w Olsztynie\u003C\/p\u003E\n","field_autor_monuwgamo":"nie dotyczy","field_data_powstania_monuwgamo":"1930","field_uwagi_monuwgamo":"Decyzja o wpisie do rejestru zabytk\u00f3w wojew\u00f3dztwa warmi\u0144sko-mazurskiego SOZ.IZN-5340(14)2000 r. z  18.01.2000 r.","field_stan_aktualny_na_dzien":"\u003Ctime datetime=\u00222026-02-05T00:00:00+01:00\u0022 title=\u00222026-02-05\u0022 class=\u0022datetime\u0022\u003E2026-02-05\u003C\/time\u003E\n"},{"title":"\u003Ca href=\u0022\/index.php\/node\/1084288\u0022 hreflang=\u0022pl\u0022\u003EWarszawska\/Obro\u0144c\u00f3w Tobruku\u003C\/a\u003E","field_nazwa_rodzaj_obiektu_opis":"\u003Cp\u003EPomnik Obro\u0144c\u00f3w Tobruku\u003C\/p\u003E\n","field_autor_monuwgamo":"brak danych","field_data_powstania_monuwgamo":"1997","field_uwagi_monuwgamo":"","field_stan_aktualny_na_dzien":"\u003Ctime datetime=\u00222026-02-05T00:00:00+01:00\u0022 title=\u00222026-02-05\u0022 class=\u0022datetime\u0022\u003E2026-02-05\u003C\/time\u003E\n"},{"title":"\u003Ca href=\u0022\/index.php\/node\/1084289\u0022 hreflang=\u0022pl\u0022\u003EWojska Polskiego  (Park Jakubowo)\u003C\/a\u003E","field_nazwa_rodzaj_obiektu_opis":"\u003Cp\u003EPomnik \u0026quot;Bohaterom Walk o Wyzwolenie Narodowe i Spo\u0142eczne Warmii i Mazur\u0026quot;\u003C\/p\u003E\n","field_autor_monuwgamo":"Boles\u0142aw Marschall","field_data_powstania_monuwgamo":"1972","field_uwagi_monuwgamo":"","field_stan_aktualny_na_dzien":"\u003Ctime datetime=\u00222026-02-05T00:00:00+01:00\u0022 title=\u00222026-02-05\u0022 class=\u0022datetime\u0022\u003E2026-02-05\u003C\/time\u003E\n"},{"title":"\u003Ca href=\u0022\/index.php\/node\/1084290\u0022 hreflang=\u0022pl\u0022\u003EZamenhofa 14 (teren Szko\u0142y Podstawowej nr 9)\u003C\/a\u003E","field_nazwa_rodzaj_obiektu_opis":"\u003Cp\u003ED\u0105b katy\u0144ski i tablica pami\u0105tkowa po\u015bwi\u0119cone W\u0142adys\u0142awowi Bor\u017cyma\u003C\/p\u003E\n","field_autor_monuwgamo":"nie dotyczy;  brak danych dot. autora tablicy","field_data_powstania_monuwgamo":"2019","field_uwagi_monuwgamo":"","field_stan_aktualny_na_dzien":"\u003Ctime datetime=\u00222026-02-05T00:00:00+01:00\u0022 title=\u00222026-02-05\u0022 class=\u0022datetime\u0022\u003E2026-02-05\u003C\/time\u003E\n"},{"title":"\u003Ca href=\u0022\/index.php\/node\/1084291\u0022 hreflang=\u0022pl\u0022\u003EZamkowa 2 \u2013 Zamek\u003C\/a\u003E","field_nazwa_rodzaj_obiektu_opis":"\u003Cp\u003ETablica pami\u0105tkowa \u0026quot;Bojownikom o Polsko\u015b\u0107 Warmii i Mazur Pomordowanym przez hitlerowc\u00f3w\u0026quot;\u003C\/p\u003E\n","field_autor_monuwgamo":"Zygfryd Korpalski","field_data_powstania_monuwgamo":"1965","field_uwagi_monuwgamo":"","field_stan_aktualny_na_dzien":"\u003Ctime datetime=\u00222026-02-05T00:00:00+01:00\u0022 title=\u00222026-02-05\u0022 class=\u0022datetime\u0022\u003E2026-02-05\u003C\/time\u003E\n"},{"title":"\u003Ca href=\u0022\/index.php\/node\/1084292\u0022 hreflang=\u0022pl\u0022\u003E\u017bo\u0142nierska (k\/ Wojew\u00f3dzkiego Specjalistycznego Szpitala Dzieci\u0119cego)\u003C\/a\u003E","field_nazwa_rodzaj_obiektu_opis":"\u003Cp\u003EPopiersie Janusza Korczaka\u003C\/p\u003E\n","field_autor_monuwgamo":"Boles\u0142aw Marschall","field_data_powstania_monuwgamo":"lata 70-te XX w.","field_uwagi_monuwgamo":"","field_stan_aktualny_na_dzien":"\u003Ctime datetime=\u00222026-02-05T00:00:00+01:00\u0022 title=\u00222026-02-05\u0022 class=\u0022datetime\u0022\u003E2026-02-05\u003C\/time\u003E\n"},{"title":"\u003Ca href=\u0022\/index.php\/node\/1084293\u0022 hreflang=\u0022pl\u0022\u003E\u017bytnia 71 (teren Szko\u0142y Podstawowej nr 10 im. Or\u0142a Bia\u0142ego)\u003C\/a\u003E","field_nazwa_rodzaj_obiektu_opis":"\u003Cp\u003EDwa d\u0119by katy\u0144skie, dwa kamienie z tablicami pami\u0105tkowymi dla: Tomasza Kowalskiego aspiranta Policji i podporucznika Szczepana Cerekwickiego\u003C\/p\u003E\n","field_autor_monuwgamo":"nie dotyczy;  brak danych dot. autora tablic","field_data_powstania_monuwgamo":"brak danych","field_uwagi_monuwgamo":"","field_stan_aktualny_na_dzien":"\u003Ctime datetime=\u00222026-02-05T00:00:00+01:00\u0022 title=\u00222026-02-05\u0022 class=\u0022datetime\u0022\u003E2026-02-05\u003C\/time\u003E\n"}]