[{"field_numer_kolejny_w_ewidencji":"1\/2016","title":"\u003Ca href=\u0022\/stowarzyszenie-zwykle\/liga-szuwarowa-382735\u0022 hreflang=\u0022pl\u0022\u003ELIGA SZUWAROWA\u003C\/a\u003E","field_daty_wpisow_do_ewidencji":"\u003Ctime datetime=\u00222016-07-11T12:00:00Z\u0022 class=\u0022datetime\u0022\u003E2016-07-11\u003C\/time\u003E\n","field_cel_cele_dzialania_stowarz":"1. Cele stowarzyszenia:\u003Cbr \/\u003E\r\n-.aktywizacja m\u0142odzie\u017cy z terenu Warmii i Mazur, w szczeg\u00f3lno\u015bci student\u00f3w Uniwersytetu Warmi\u0144sko - Mazurskiego w Olsztynie;\u003Cbr \/\u003E\r\n- .integracja \u015brodowisk studenckich i m\u0142odzie\u017cowych;\u003Cbr \/\u003E\r\n- inicjowanie dzia\u0142a\u0144 na rzecz zaanga\u017cowania spo\u0142ecznego;\u003Cbr \/\u003E\r\n- wspieranie budowy spo\u0142ecze\u0144stwa obywatelskiego;\u003Cbr \/\u003E\r\n1.\tpromocja-promocja debaty jako warto\u015bciowej formy partycypacji w \u017cyciu spo\u0142ecznym;\u003Cbr \/\u003E\r\n2.\tpopulary- popularyzowanie poprawnej polszczyzny i umiej\u0119tno\u015bci retorycznych;\u003Cbr \/\u003E\r\n3.\trozwijan- rozwijanie umiej\u0119tno\u015bci organizacyjnych i interpersonalnych cz\u0142onk\u00f3w Stowarzyszenia.\u003Cbr \/\u003E\r\n2. Teren dzia\u0142ania: obszar Rzeczpospolitej Polskiej.\u003Cbr \/\u003E\r\n\u003Cbr \/\u003E\r\n3. Spos\u00f3b realizacji cel\u00f3w: \u003Cbr \/\u003E\r\n- organizacj\u0119 wydarze\u0144 spo\u0142eczno - kulturalnych;\u003Cbr \/\u003E\r\n- prowadzenie kurs\u00f3w i szkole\u0144;\u003Cbr \/\u003E\r\nwsp\u00f3\u0142prac\u0119 z podmiotami o zbli\u017conym charakterze dzia\u0142ania;\u003Cbr \/\u003E\r\n- dzia\u0142alno\u015b\u0107 popularyzatorska w mediach spo\u0142eczno\u015bciowych.","field_kod_pocztowy_i7":"10-332","field_miejscowosc_i7":"Olsztyn","field_ulica_i7":"Chopina","field_nr_budynku_i7":"6","field_nr_lokalu_i7":"5","field_reprezentacja_stowarzyszen":"1.\t1.Imiona i nazwiska cz\u0142onk\u00f3w Zarz\u0105du:\u003Cbr \/\u003E\r\n1.\tJakub Pietrzak \u2013 prezes zarz\u0105du,\u003Cbr \/\u003E\r\n2.\tMartyna Morawska \u2013 wiceprezes zarz\u0105du,\u003Cbr \/\u003E\r\n3.\tArtur Hubert Lisius \u2013 sekretarz zarz\u0105du.\u003Cbr \/\u003E\r\n2. Zgodnie z \u00a7 14 regulaminu do reprezentowania stowarzyszenia i zaci\u0105gania zobowi\u0105za\u0144 maj\u0105tkowych uprawniony jest Prezes lub Wiceprezes Stowarzyszenia.\u003Cbr \/\u003E\r\nDo zaci\u0105gania zobowi\u0105za\u0144 maj\u0105tkowych wymagane jest uprzednie podj\u0119cie przez Zarz\u0105d uchwa\u0142y w tej sprawie.\u003Cbr \/\u003E\r\n\u003Cbr \/\u003E\r\nMartyna Morawska - prezes zarz\u0105du;\u003Cbr \/\u003E\r\nDominika Gala - wiceprezes zarz\u0105du;\u003Cbr \/\u003E\r\nKrzysztof Antoni Go\u0142\u0119biowski - sekretarz zarz\u0105du\u003Cbr \/\u003E\r\n2.\t\u003Cbr \/\u003E\r\n","field_organ_kontroli_wewnetrznej":"Stowarzyszenie nie posiada organu kontroli  wewn\u0119trznej","field_status_organizacji_pozytku":"Nie","field_przeksztalcenie_lub_rozwia":"","field_likwidator_stowarzyszenia_":"","field_zastosowanie_wobec_stowarz":"","field_teren_dzialania_stowarzysz":"","field_srodki_dzialania_stowarzys":"","field_uwagi_i7":"PO.512.7.2016   Rezygnacja 19.03.2018"},{"field_numer_kolejny_w_ewidencji":"3\/2016","title":"\u003Ca href=\u0022\/stowarzyszenie-zwykle\/ruch-oburzonych-wa-ma-1084460\u0022 hreflang=\u0022pl\u0022\u003ERUCH OBURZONYCH WA-MA\u003C\/a\u003E","field_daty_wpisow_do_ewidencji":"\u003Ctime datetime=\u00222016-08-23T12:00:00Z\u0022 class=\u0022datetime\u0022\u003E2016-08-23\u003C\/time\u003E\n","field_cel_cele_dzialania_stowarz":"Budowanie i umacnianie obywatelskiej, narodowo patriotycznej troski o Ojczyzn\u0119.\u003Cbr \/\u003E\r\nOchrona konstytucyjnych praw obywatelskich w szczeg\u00f3lno\u015bci zwi\u0105zanych z art. 45.1. tj. sprawiedliwego rozpatrzenia sprawy przez bezstronny s\u0105d.\u003Cbr \/\u003E\r\nKszta\u0142towanie opinii i ocen na temat sprawiedliwo\u015bci i przestrzegania prawa.\u003Cbr \/\u003E\r\nPrzywr\u00f3cenie w\u0142a\u015bciwego znaczenia zdeprecjonowanym warto\u015bciom podstawowym zwi\u0105zanym z poj\u0119ciem sprawiedliwo\u015bci i s\u0105downictwa do rangi nale\u017cnej oraz niezb\u0119dnej w demokratycznym pa\u0144stwie prawnym.\u003Cbr \/\u003E\r\nPrzeciwdzia\u0142anie wyst\u0119puj\u0105cym zjawiskom patologii spo\u0142ecznej w tym tak\u017ce w szczeg\u00f3lno\u015bci w organach \u015bcigania i wymiaru sprawiedliwo\u015bci.","field_kod_pocztowy_i7":"10-503","field_miejscowosc_i7":"OLsztyn","field_ulica_i7":"Ko\u015bciuszki","field_nr_budynku_i7":"33a","field_nr_lokalu_i7":"12","field_reprezentacja_stowarzyszen":"Imiona i nazwiska cz\u0142onk\u00f3w Zarz\u0105du:\u003Cbr \/\u003E\r\n1.Tadeusz Wolnicki \u2013 prezes,\u003Cbr \/\u003E\r\n2.Alfred Surma\u2013 wiceprezes,\u003Cbr \/\u003E\r\n3. Edward Wysocki \u2013 sekretarz.\u003Cbr \/\u003E\r\n2. Spos\u00f3b reprezentowania Stowarzyszenia oraz zaci\u0105gania zobowi\u0105za\u0144 maj\u0105tkowych:\u003Cbr \/\u003E\r\nRegulamin, \u00a7 V:\u003Cbr \/\u003E\r\n4. Decyzje w sprawie nabywania, zbywania i obci\u0105\u017cania maj\u0105tku Stowarzyszenia podejmuje    Zarz\u0105d ;\u003Cbr \/\u003E\r\n1. Do sk\u0142adania o\u015bwiadcze\u0144 woli w zakresie praw i obowi\u0105zk\u00f3w maj\u0105tkowych oraz zawierania um\u00f3w i zaci\u0105gania zobowi\u0105za\u0144 a tak\u017ce udzielania pe\u0142nomocnictw w imieniu Stowarzyszenia jest wymaganie wsp\u00f3\u0142dzia\u0142anie i podpis dw\u00f3ch uprawnionych os\u00f3b.\u003Cbr \/\u003E\r\n2. Osobami uprawnionymi s\u0105: prezes Stowarzyszenia i inny cz\u0142onek Zarz\u0105du.","field_organ_kontroli_wewnetrznej":"nie posiada","field_status_organizacji_pozytku":"-","field_przeksztalcenie_lub_rozwia":"-","field_likwidator_stowarzyszenia_":"-","field_zastosowanie_wobec_stowarz":"-","field_teren_dzialania_stowarzysz":"obszar Rzeczpospolitej Polskiej","field_srodki_dzialania_stowarzys":"Kszta\u0142towanie \u015bwiadomo\u015bci spo\u0142ecznej w poczuciu patriotycznego obowi\u0105zku obywatelskiego wzgl\u0119dem Rzeczypospolitej Polskiej.\u003Cbr \/\u003E\r\nProwadzenie dzia\u0142alno\u015bci apolitycznej, stoj\u0105c ponad podzia\u0142ami wszelkich opcji politycznych reprezentuj\u0105c r\u00f3wno wszystkich Polak\u00f3w o uczciwych i szczerych intencjach poszanowania zasad przestrzegania prawa.\u003Cbr \/\u003E\r\nProwadzenie Biura Porad Obywatelskich - w pierwszej kolejno\u015bci dla os\u00f3b w trudnych sytuacjach \u017cyciowych - bezp\u0142atnie - bezstronnie.\u003Cbr \/\u003E\r\nPromowanie edukacji spo\u0142ecze\u0144stwa w po\u017c\u0105danym regulaminowo kierunku oraz jednoczesnego przyswajania efektywnej wiedzy w ramach wsp\u00f3lnotowych.\u003Cbr \/\u003E\r\nAktywne uczestniczenie w \u017cyciu spo\u0142ecznym, wyra\u017canie pogl\u0105d\u00f3w na tematy spo\u0142eczne, w szczeg\u00f3lno\u015bci na:\u003Cbr \/\u003E\r\n- fundamentalne znaczenie sprawiedliwo\u015bci dla istnienia demokracji, \u003Cbr \/\u003E\r\n- bezprawie, korupcj\u0119 i patologi\u0119 spo\u0142eczn\u0105,\u003Cbr \/\u003E\r\n- umacniane autorytetu Pa\u0144stwa w zakresie sprawiedliwo\u015bci,\u003Cbr \/\u003E\r\n- wynaturzenia w organach \u015bcigania i wymiaru sprawiedliwo\u015bci,\u003Cbr \/\u003E\r\n- wp\u0142yw tych wynaturze\u0144 na ca\u0142okszta\u0142t \u017cycia spo\u0142ecznego i jego rozw\u00f3j,\u003Cbr \/\u003E\r\n- poziom egzystencji spo\u0142ecze\u0144stwa,\u003Cbr \/\u003E\r\n- proces uw\u0142aszczania maj\u0105tku narodowego,\u003Cbr \/\u003E\r\n- prawo udzia\u0142u w pracach legislacyjnych poprzez zg\u0142aszanie uwag i wyra\u017canie opinii.\u003Cbr \/\u003E\r\n\u015acis\u0142a wsp\u00f3\u0142praca ze \u015brodkami masowej komunikacji w celu w celu mo\u017cliwo\u015bci wypowiadania si\u0119 publicznie na nurtuj\u0105ce tematy spo\u0142eczne a szczeg\u00f3lnie ze sfery zada\u0144 regulaminowych Stowarzyszenia.\u003Cbr \/\u003E\r\nSk\u0142adanie skarg i wniosk\u00f3w do organ\u00f3w pa\u0144stwowych i samorz\u0105dowych zgodnie\u003Cbr \/\u003E\r\nz obowi\u0105zuj\u0105cym porz\u0105dkiem prawnym w przypadkach naruszania praworz\u0105dno\u015bci oraz praw cz\u0142onk\u00f3w Stowarzyszenia oraz os\u00f3b postronnych.\u003Cbr \/\u003E\r\nPodejmowanie interwencji oraz reprezentowanie obywateli i innych podmiot\u00f3w wobec organ\u00f3w w\u0142adzy publicznej i innych instytucji pa\u0144stwowych i samorz\u0105dowych, w ochronie ich s\u0142usznych interes\u00f3w lub w przypadkach zagro\u017cenia porz\u0105dku prawnego oraz bezpiecze\u0144stwa, a tak\u017ce udzia\u0142 w post\u0119powaniach prowadzonych przez te organa w granicach prawem dopuszczalnych, w tym prowadzenie mediacji w sprawach karnych, cywilnych, rodzinnych-  jako mediatorzy spo\u0142eczni i zawodowi, o ile spe\u0142niaj\u0105 przewidziane prawem wymagania.\u003Cbr \/\u003E\r\nDzia\u0142ania na rzecz rozwoju spo\u0142eczno\u015bci lokalnych oraz integracji europejskiej i rozwijania wsp\u00f3\u0142pracy mi\u0119dzynarodowej w zakresie ochrony i propagowania praw jednostki.\u003Cbr \/\u003E\r\na.\tOchrona r\u00f3wno\u015bci oraz nie dyskryminacji przez bezpodstawne bezpo\u015brednie lub po\u015brednie zr\u00f3\u017cnicowanie praw i obowi\u0105zk\u00f3w obywateli, w tym mog\u0105 w sprawach o roszczenia z tego zakresu wytacza\u0107 za zgod\u0105 obywateli pow\u00f3dztwa na ich rzecz oraz , za zgod\u0105 powoda, wst\u0119powa\u0107 do post\u0119powania w ka\u017cdym jego stadium.\u003Cbr \/\u003E\r\nb.\tPomoc ofiarom przest\u0119pstw w sprawach o roszczenia z tytu\u0142u odpowiedzialno\u015bci za szkod\u0119 wyrz\u0105dzon\u0105 czynem niedozwolonym, kt\u00f3ry stanowi przest\u0119pstwo \u015bcigane z oskar\u017cenia publicznego w post\u0119powaniu karnym, w tym mog\u0105 wytacza\u0107 za zgod\u0105 obywateli pow\u00f3dztwa na ich rzecz oraz za zgod\u0105 powoda, wst\u0119powa\u0107 do post\u0119powania w ka\u017cdym jego stadium.\u003Cbr \/\u003E\r\nc.\tUdzia\u0142 cz\u0142onk\u00f3w Stowarzyszenia lub os\u00f3b przez nich upowa\u017cnionych, do brania udzia\u0142u w rozprawach cywilnych, na podst. Art.87 \u00a7 3 k.p.c. w zwi\u0105zku z art. 61\u00a7 1 k.p.c. i rozprawach karnych na podstawie art. 90 \u00a7 1,2,3 k.p.k. i art. 91 k.p.k., rozporz\u0105dzeniem Ministra Sprawiedliwo\u015bci z dnia 10.11. 2000r.\u003Cbr \/\u003E\r\nd.\tUdzia\u0142 cz\u0142onk\u00f3w Stowarzyszenia lub os\u00f3b przez nich upowa\u017cnionych do brania udzia\u0142u w rozprawach s\u0105dowych w charakterze os\u00f3b zaufania (art. 154\u00a7 1 k.p.c.), os\u00f3b wskazanych (art. 361\u00a71 k.p.k.) lub publiczno\u015bci.\u003Cbr \/\u003E\r\nPodejmowanie interwencji w przypadkach ra\u017c\u0105cego i bezprawnego naruszania interesu spo\u0142ecznego oraz praw cz\u0142onk\u00f3w Stowarzyszenia i os\u00f3b postronnych.\u003Cbr \/\u003E\r\na.\tw pierwszej kolejno\u015bci podejmowanie interwencji w formie przeprowadzenia rozm\u00f3w\u003Cbr \/\u003E\r\nw organie gdzie nast\u0105pi\u0142o \u0142amanie prawa daj\u0105c mo\u017cliwo\u015b\u0107 sprawcom naprawienia b\u0142\u0119du i zminimalizowania odpowiedzialno\u015bci;\u003Cbr \/\u003E\r\n- je\u015bli w\/w forma nie b\u0119dzie skutkowa\u0107 stosuje si\u0119 punkt 4 lub 5.\u003Cbr \/\u003E\r\n- gdy nadal z kolei ta forma interwencji p.4 lub 5 nie b\u0119dzie skutkowa\u0107 stosuje si\u0119 pkt. 7 b, c i d\u003Cbr \/\u003E\r\nb.\tpodejmowanie interwencji poprzez nag\u0142o\u015bnienie w \u015brodkach masowego przekazu,\u003Cbr \/\u003E\r\nc.\tpodejmowanie nadzwyczajnej interwencji poprzez sk\u0142adanie petycji i list\u00f3w otwartych do najwy\u017cszych organ\u00f3w w\u0142adzy publicznej,\u003Cbr \/\u003E\r\nd.\tprotest zbiorowy - manifestacja publiczna.\u003Cbr \/\u003E\r\nWsp\u00f3\u0142praca z pokrewnymi instytucjami, organizacjami w kraju i za granic\u0105.\u003Cbr \/\u003E\r\nUtrzymywanie wi\u0119zi kole\u017ce\u0144skiej w\u015br\u00f3d cz\u0142onk\u00f3w.","field_uwagi_i7":"-"},{"field_numer_kolejny_w_ewidencji":"4\/2016","title":"\u003Ca href=\u0022\/stowarzyszenie-zwykle\/cannabis-house-olsztyn-grupa-wsparcia-zielony-spokoj-1084461\u0022 hreflang=\u0022pl\u0022\u003ECANNABIS HOUSE OLSZTYN \u2013 GRUPA WSPARCIA \u201eZIELONY SPOK\u00d3J\u201d\u003C\/a\u003E","field_daty_wpisow_do_ewidencji":"\u003Ctime datetime=\u00222016-08-30T12:00:00Z\u0022 class=\u0022datetime\u0022\u003E2016-08-30\u003C\/time\u003E\n","field_cel_cele_dzialania_stowarz":"Celem Stowarzyszenia jest wsp\u00f3\u0142dzia\u0142anie na zasadzie grupy samopomocy skierowane na wsp\u00f3lne zaspokajanie potrzeb, pokonywanie chor\u00f3b, problem\u00f3w natury zdrowotnej, psychicznej albo socjalnej, kt\u00f3re dotycz\u0105 bezpo\u015brednio cz\u0142onk\u00f3w lub ich bliskich, a tak\u017ce udzia\u0142 w kszta\u0142towaniu lokalnej polityki spo\u0142ecznej i zdrowotnej.","field_kod_pocztowy_i7":"10-749 ","field_miejscowosc_i7":"Olsztyn","field_ulica_i7":"Tuwima","field_nr_budynku_i7":"16","field_nr_lokalu_i7":"7","field_reprezentacja_stowarzyszen":"Przedstawiciel: \u003Cbr \/\u003E\r\nTomasz Wilewski\u003Cbr \/\u003E\r\n","field_organ_kontroli_wewnetrznej":"-","field_status_organizacji_pozytku":"-","field_przeksztalcenie_lub_rozwia":"-","field_likwidator_stowarzyszenia_":"-","field_zastosowanie_wobec_stowarz":"-","field_teren_dzialania_stowarzysz":"Miasto Olsztyn","field_srodki_dzialania_stowarzys":"\u003Cbr \/\u003E\r\nWsp\u00f3lne gromadzenie \u015brodk\u00f3w, materia\u0142\u00f3w, wiedzy na rzecz realizacji cel\u00f3w stowarzyszenia.\u003Cbr \/\u003E\r\nWzajemn\u0105 pomoc, samostanowienie, wykorzystywanie w\u0142asnego potencja\u0142u w rozwi\u0105zywaniu pojawiaj\u0105cych si\u0119 trudno\u015bci.\u003Cbr \/\u003E\r\nSpotkania i dzia\u0142ania rozwijaj\u0105ce umiej\u0119tno\u015bci radzenia sobie z problemami.\u003Cbr \/\u003E\r\nUdzia\u0142 w badaniach naukowych i innych projektach realizowanych wsp\u00f3lnie z instytucjami ochrony zdrowia, opieki spo\u0142ecznej, samorz\u0105du.\u003Cbr \/\u003E\r\nDzia\u0142alno\u015b\u0107 edukacyjn\u0105, informacyjn\u0105 i profilaktyczn\u0105.\u003Cbr \/\u003E\r\nUczestnictwo w sprawowaniu w\u0142adzy lokalnej, w szczeg\u00f3lno\u015bci w takich formach jak dy\u017cury obywatelskie, udzia\u0142 w posiedzeniach organ\u00f3w w\u0142adzy publicznej.\u003Cbr \/\u003E\r\n","field_uwagi_i7":"-"},{"field_numer_kolejny_w_ewidencji":"5\/2016","title":"\u003Ca href=\u0022\/stowarzyszenie-zwykle\/artwama-1084462\u0022 hreflang=\u0022pl\u0022\u003EARTWAMA \u003C\/a\u003E","field_daty_wpisow_do_ewidencji":"\u003Ctime datetime=\u00222016-10-17T12:00:00Z\u0022 class=\u0022datetime\u0022\u003E2016-10-17\u003C\/time\u003E\n","field_cel_cele_dzialania_stowarz":"Promocja, popularyzacja i dzia\u0142anie na rzecz podnoszenia poziomu fotografii jako sztuki, formy ekspresji czy te\u017c dokumentu, w szczeg\u00f3lno\u015bci w \u015brodowisku lokalnym i regionalnym oraz we wsp\u00f3\u0142pracy z innymi organizacjami o podobnym profilu zainteresowa\u0144.\u003Cbr \/\u003E\r\nProwadzenie, inicjowanie i wspieranie dzia\u0142alno\u015bci kulturalnej oraz edukacyjnej w zakresie fotografii.\u003Cbr \/\u003E\r\nPromowanie fotografii jako istotnego czynnika kszta\u0142tuj\u0105cego wra\u017cliwo\u015b\u0107 spo\u0142eczn\u0105.\u003Cbr \/\u003E\r\nBudowa spo\u0142ecze\u0144stwa obywatelskiego, ze szczeg\u00f3lnym akcentem na spo\u0142eczno\u015b\u0107 lokaln\u0105.\u003Cbr \/\u003E\r\nIntegrowanie \u015brodowiska os\u00f3b dzia\u0142aj\u0105cych na rzecz dobra publicznego.\u003Cbr \/\u003E\r\nRozpowszechnianie w\u015br\u00f3d spo\u0142eczno\u015bci lokalnej, szczeg\u00f3lnie w\u015br\u00f3d m\u0142odzie\u017cy, najlepszych praktyk wychowania i edukacji.\u003Cbr \/\u003E\r\nDzia\u0142anie na rzecz poprawy jako\u015bci \u017cycia kulturalnego na szczeblu zar\u00f3wno lokalnym jak i globalnym.\u003Cbr \/\u003E\r\nPromocja Miasta Olsztyna, Warmii i Mazur i Polski w Europie i na \u015bwiecie.\u003Cbr \/\u003E\r\n\u003Cbr \/\u003E\r\n","field_kod_pocztowy_i7":"10-080 Olsztyn","field_miejscowosc_i7":"Olsztyn","field_ulica_i7":"Profesorska","field_nr_budynku_i7":"17","field_nr_lokalu_i7":"3","field_reprezentacja_stowarzyszen":"Imiona i nazwiska cz\u0142onk\u00f3w Zarz\u0105du:\u003Cbr \/\u003E\r\nPiotr Wyrzykowski\u2013 prezes zarz\u0105du,\u003Cbr \/\u003E\r\nDariusz Prokopczuk\u2013cz\u0142onek zarz\u0105du,\u003Cbr \/\u003E\r\nMarcin Kierul\u2013cz\u0142onek zarz\u0105du.\u003Cbr \/\u003E\r\n2. Zgodnie z \u00a7 22 regulaminu, Stowarzyszenie jest reprezentowane przez ka\u017cdego z cz\u0142onk\u00f3w Zarz\u0105du samodzielnie.\u003Cbr \/\u003E\r\n","field_organ_kontroli_wewnetrznej":"-","field_status_organizacji_pozytku":"-","field_przeksztalcenie_lub_rozwia":"-","field_likwidator_stowarzyszenia_":"-","field_zastosowanie_wobec_stowarz":"-","field_teren_dzialania_stowarzysz":"obszar Rzeczpospolitej Polskiej","field_srodki_dzialania_stowarzys":"- niedochodowe organizowanie  spotka\u0144, plener\u00f3w, warsztat\u00f3w, sympozj\u00f3w, konferencji, pokaz\u00f3w, wystaw oraz innych imprez kulturalnych maj\u0105cych na celu propagowanie fotografii jako sztuki, formy ekspresji lub te\u017c dokumentu, a tak\u017ce dzia\u0142a\u0144 na rzecz jej ochrony;\u003Cbr \/\u003E\r\n- niedochodow\u0105 dzia\u0142alno\u015b\u0107 wydawnicz\u0105 obejmuj\u0105c\u0105 inicjowanie wydawnictw \u003Cbr \/\u003E\r\ni publikacji w zakresie realizacji cel\u00f3w statutowych;\u003Cbr \/\u003E\r\n- niedochodow\u0105 dzia\u0142alno\u015b\u0107 wystawiennicz\u0105 obejmuj\u0105c\u0105 organizacj\u0119 i wsp\u00f3\u0142prac\u0119 przy organizacji wystaw i pokaz\u00f3w fotografii;\u003Cbr \/\u003E\r\n- inspirowanie i wspieranie dzia\u0142alno\u015bci tw\u00f3rczej lokalnych artyst\u00f3w fotograf\u00f3w, \u003Cbr \/\u003E\r\na tak\u017ce rozwijanie wzajemnej wsp\u00f3\u0142pracy zwi\u0105zanej z ich tw\u00f3rczo\u015bci\u0105;\u003Cbr \/\u003E\r\n- promowanie dorobku tw\u00f3rczego lokalnych artyst\u00f3w fotograf\u00f3w oraz dorobku  cz\u0142onk\u00f3w Stowarzyszenia;\u003Cbr \/\u003E\r\n- promocj\u0119 medi\u00f3w po\u015bwi\u0119conych fotografii (ksi\u0105\u017cki, albumy, czasopisma, filmy, portale i strony internetowe itp.);\u003Cbr \/\u003E\r\n-  wspieranie dzia\u0142a\u0144 os\u00f3b i instytucji zbie\u017cnych z celami Stowarzyszenia;\u003Cbr \/\u003E\r\n- uczestniczenie w inicjatywach edukacyjnych i wychowawczych ze szczeg\u00f3lnym uwzgl\u0119dnieniem edukacji fotograficznej;\u003Cbr \/\u003E\r\n- wsp\u00f3\u0142prac\u0119 z uczelniami i innymi instytucjami i organizacjami edukacyjnymi \u003Cbr \/\u003E\r\ni naukowymi;\u003Cbr \/\u003E\r\n- wsp\u00f3\u0142prac\u0119 z organami gmin, powiat\u00f3w i wojew\u00f3dztwa pomorskiego oraz innymi jednostkami samorz\u0105dowymi;\u003Cbr \/\u003E\r\n- wsp\u00f3\u0142prac\u0119 z polskimi instytucjami pa\u0144stwowymi i samorz\u0105dowymi oraz organizacjami pozarz\u0105dowymi;\u003Cbr \/\u003E\r\n- wsp\u00f3\u0142praca z organami Unii Europejskiej;\u003Cbr \/\u003E\r\n- organizowanie zbi\u00f3rek publicznych zgodnie z obowi\u0105zuj\u0105cymi przepisami;\u003Cbr \/\u003E\r\n- wyst\u0119powanie przed w\u0142a\u015bciwymi organami administracji publicznej w sprawach obj\u0119tych celami statutowymi;\u003Cbr \/\u003E\r\n- inicjowanie i wspieranie wolontariatu i akcji dobroczynnych.\u003Cbr \/\u003E\r\n\u003Cbr \/\u003E\r\n","field_uwagi_i7":"-"},{"field_numer_kolejny_w_ewidencji":"6\/2016","title":"\u003Ca href=\u0022\/stowarzyszenie-zwykle\/komitet-budowy-infrastruktury-przy-ul-sielskiej-w-olsztynie-1084463\u0022 hreflang=\u0022pl\u0022\u003EKOMITET BUDOWY INFRASTRUKTURY PRZY UL. SIELSKIEJ W OLSZTYNIE\u003C\/a\u003E","field_daty_wpisow_do_ewidencji":"\u003Ctime datetime=\u00222016-10-24T12:00:00Z\u0022 class=\u0022datetime\u0022\u003E2016-10-24\u003C\/time\u003E\n","field_cel_cele_dzialania_stowarz":"Budowa sieci oraz przy\u0142\u0105czy do dzia\u0142ek po\u0142o\u017conych przy ul. Sielskiej  w Olsztynie - obr\u0119b 45 i 120.\u003Cbr \/\u003E\r\nBudowa dr\u00f3g i ich infrastruktury do dzia\u0142ek po\u0142o\u017conych przy ul. Sielskiej w Olsztynie - obr\u0119b 45 i 120.\u003Cbr \/\u003E\r\nPrzekazanie dr\u00f3g wewn\u0119trznych po\u0142o\u017conych przy ul. Sielskiej \u003Cbr \/\u003E\r\nw Olsztynie - obr\u0119b 45 i 120 - Miastu Olsztyn.\u003Cbr \/\u003E\r\n","field_kod_pocztowy_i7":"10-545 ","field_miejscowosc_i7":"Olsztyn","field_ulica_i7":"Warmi\u0144ska","field_nr_budynku_i7":"8","field_nr_lokalu_i7":"2","field_reprezentacja_stowarzyszen":"1.\t1.Przedstawiciel  Stowarzyszenia: Adam Olszewski\u003Cbr \/\u003E\r\n\u003Cbr \/\u003E\r\n2. Zgodnie z \u00a7 4 Stowarzyszenie Reprezentuje na zewn\u0105trz Przedstawiciel Stowarzyszenia.\u003Cbr \/\u003E\r\n\u003Cbr \/\u003E\r\n\u003Cbr \/\u003E\r\n","field_organ_kontroli_wewnetrznej":"-","field_status_organizacji_pozytku":"-","field_przeksztalcenie_lub_rozwia":"-","field_likwidator_stowarzyszenia_":"-","field_zastosowanie_wobec_stowarz":"-","field_teren_dzialania_stowarzysz":"Miasto Olsztyn.","field_srodki_dzialania_stowarzys":"- prowadzenie rozm\u00f3w oraz negocjacji \u003Cbr \/\u003E\r\nz Urz\u0119dem Miasta Olsztyna;\u003Cbr \/\u003E\r\n- prowadzenie rozm\u00f3w oraz negocjacji\u003Cbr \/\u003E\r\n z dostawcami medi\u00f3w;\u003Cbr \/\u003E\r\n- prowadzenie rozm\u00f3w oraz negocjacji \u003Cbr \/\u003E\r\nz wykonawcami poszczeg\u00f3lnych element\u00f3w infrastruktury;\u003Cbr \/\u003E\r\n- prowadzenie rozm\u00f3w  oraz negocjacji\u003Cbr \/\u003E\r\n z poszczeg\u00f3lnymi w\u0142a\u015bcicielkami nieruchomo\u015bci po\u0142o\u017conych przy ul. Sielskiej w Olsztynie - obr\u0119b 45 i 120.\u003Cbr \/\u003E\r\n","field_uwagi_i7":"-"},{"field_numer_kolejny_w_ewidencji":"7\/2016","title":"\u003Ca href=\u0022\/stowarzyszenie-zwykle\/olsztynskie-stowarzyszenie-modelarzy-warmia-1084464\u0022 hreflang=\u0022pl\u0022\u003EOLSZTY\u0143SKIE STOWARZYSZENIE MODELARZY WARMIA\u003C\/a\u003E","field_daty_wpisow_do_ewidencji":"\u003Ctime datetime=\u00222016-12-05T12:00:00Z\u0022 class=\u0022datetime\u0022\u003E2016-12-05\u003C\/time\u003E\n","field_cel_cele_dzialania_stowarz":"- propagowanie i rozw\u00f3j modelarstwa redukcyjnego,\u003Cbr \/\u003E\r\n- szerzenie wiedzy historycznej i modelarskiej,\u003Cbr \/\u003E\r\n- promocja Polski na wystawach i konkursach modelarskich w kraju i za granic\u0105.\u003Cbr \/\u003E\r\n","field_kod_pocztowy_i7":"10-173 Olsztyn, Ul. Le\u015bna 14\/2","field_miejscowosc_i7":"Olsztyn","field_ulica_i7":"Le\u015bna","field_nr_budynku_i7":"14","field_nr_lokalu_i7":"2","field_reprezentacja_stowarzyszen":"Imiona i nazwiska cz\u0142onk\u00f3w Zarz\u0105du:\u003Cbr \/\u003E\r\n9.\tAndrzej Lis -Kujawski  - prezes;\u003Cbr \/\u003E\r\n10.\tPiotr Targo\u0144ski -wiceprezes;\u003Cbr \/\u003E\r\n11.\tAndrzej Buder - skarbnik\u003Cbr \/\u003E\r\n\u003Cbr \/\u003E\r\n2. Zgodnie z \u00a7 29 do   reprezentacji Stowarzyszenia, w tym w sprawach maj\u0105tkowych, niezb\u0119dne jest dzia\u0142anie dw\u00f3ch cz\u0142onk\u00f3w Zarz\u0105du \u0142\u0105cznie.\u003Cbr \/\u003E\r\n","field_organ_kontroli_wewnetrznej":"-","field_status_organizacji_pozytku":"-","field_przeksztalcenie_lub_rozwia":"-","field_likwidator_stowarzyszenia_":"-","field_zastosowanie_wobec_stowarz":"-","field_teren_dzialania_stowarzysz":"obszar Rzeczpospolitej Polskiej.","field_srodki_dzialania_stowarzys":"wspieranie cz\u0142onk\u00f3w Stowarzyszenia w dzia\u0142aniach propaguj\u0105cych cele oraz dorobek Stowarzyszenia,\u003Cbr \/\u003E\r\n- wsp\u00f3\u0142praca ze krajowymi i mi\u0119dzynarodowymi organizacjami modelarskimi celem promocji modelarstwa,\u003Cbr \/\u003E\r\n- organizowanie, r\u00f3wnie\u017c we wsp\u00f3\u0142pracy z innymi podmiotami, wystaw i innych inicjatyw modelarskich w plac\u00f3wkach o\u015bwiatowych, muzeach i samorz\u0105dowych plac\u00f3wkach kulturalnych,\u003Cbr \/\u003E\r\n- promocj\u0119 Polski poprzez organizacj\u0119 imprez modelarskich o zasi\u0119gu krajowym i mi\u0119dzynarodowym, b\u0105d\u017a poprzez uczestnictwo w takich imprezach,\u003Cbr \/\u003E\r\n- prowadzenie konsultacji dla wszystkich os\u00f3b i organizacji wykonuj\u0105cych modele, prowadz\u0105cych lub organizuj\u0105cych modelarnie, - uczestnictwo oraz prezentacj\u0119 dorobku modelarskiego w wystawach i konkursach modelarskich na terenie Polski i zagranicy.\u003Cbr \/\u003E\r\n","field_uwagi_i7":"-"},{"field_numer_kolejny_w_ewidencji":"9\/2017","title":"\u003Ca href=\u0022\/stowarzyszenie-zwykle\/stowarzyszenie-pasjonatow-militarny-olsztyn-1084465\u0022 hreflang=\u0022pl\u0022\u003ESTOWARZYSZENIE PASJONAT\u00d3W \u201eMILITARNY OLSZTYN\u201d\u003C\/a\u003E","field_daty_wpisow_do_ewidencji":"\u003Ctime datetime=\u00222017-02-13T12:00:00Z\u0022 class=\u0022datetime\u0022\u003E2017-02-13\u003C\/time\u003E\n","field_cel_cele_dzialania_stowarz":"- rozw\u00f3j zainteresowa\u0144 zwi\u0105zanych z tematyk\u0105 militarn\u0105;\u003Cbr \/\u003E\r\n- kszta\u0142cenie w zakresie zdobywania wiedzy i praktyki proobronnej kraju i granic;\u003Cbr \/\u003E\r\n- samokszta\u0142cenie w zakresie dzia\u0142a\u0144 militarnych oraz pierwszej pomocy przedmedycznej;\u003Cbr \/\u003E\r\n- propagowanie prawid\u0142owych postaw patriotycznych i obywatelskich;\u003Cbr \/\u003E\r\n- rozw\u00f3j aktywno\u015bci fizycznej cz\u0142onk\u00f3w;\u003Cbr \/\u003E\r\n- integracja m\u0142odzie\u017cy olszty\u0144skiej;\u003Cbr \/\u003E\r\n- wsp\u00f3\u0142praca z innymi organizacjami realizuj\u0105cymi cele i tematyk\u0119 zbie\u017cn\u0105 \u003Cbr \/\u003E\r\nz wymienionymi w art. 7 oraz spotkania z przedstawicielami s\u0142u\u017cb mundurowych;\u003Cbr \/\u003E\r\n- kszta\u0142cenie w zakresie smoobrony i sztuk walki;\u003Cbr \/\u003E\r\n- piel\u0119gnowanie i podtrzymywanie tradycji narodowych;\u003Cbr \/\u003E\r\n- sport i rekreacja;\u003Cbr \/\u003E\r\n- turystyka;\u003Cbr \/\u003E\r\n- udzia\u0142 i organizowanie akcji charytatywnych na rzecz spo\u0142eczno\u015bci lokalnej i narodowej.\u003Cbr \/\u003E\r\n","field_kod_pocztowy_i7":"10-688 ","field_miejscowosc_i7":"Olsztyn","field_ulica_i7":"Witosa","field_nr_budynku_i7":"27","field_nr_lokalu_i7":"30","field_reprezentacja_stowarzyszen":"Imiona i nazwiska cz\u0142onk\u00f3w Zarz\u0105du:\u003Cbr \/\u003E\r\n- Jakub Koro\u015bcik \u003Cbr \/\u003E\r\nPrzewodnicz\u0105cy,\u003Cbr \/\u003E\r\n- Bart\u0142omiej Orzo\u0142 \u003Cbr \/\u003E\r\n Wiceprzewodnicz\u0105cy,\u003Cbr \/\u003E\r\n- Aleksandra Kasjaniuk\u003Cbr \/\u003E\r\nSekretarz,\u003Cbr \/\u003E\r\n- Dariusz  Koro\u015bcik\u003Cbr \/\u003E\r\n  Skarbnik,\u003Cbr \/\u003E\r\n- Pawe\u0142 Olak\u003Cbr \/\u003E\r\nCz\u0142onek Zarz\u0105du.\u003Cbr \/\u003E\r\n1.\t.\u003Cbr \/\u003E\r\n\u003Cbr \/\u003E\r\n2. Zgodnie z art. 39  regulaminu do reprezentowania stowarzyszenia i zaci\u0105gania zobowi\u0105za\u0144 maj\u0105tkowych wymagane jest wsp\u00f3\u0142dzia\u0142anie Przewodnicz\u0105cego, Przewodnicz\u0105cego Komisji Rewizyjnej oraz Skarbnika\u003Cbr \/\u003E\r\n","field_organ_kontroli_wewnetrznej":"Imiona i nazwiska cz\u0142onk\u00f3w Komisji Rewizyjnej: - Przemys\u0142aw Mazur  Przewodnicz\u0105cy, - Aleksandra Orzo\u0142  Zast\u0119pca Przewodnicz\u0105cego - Mateusz Jab\u0142o\u0144ski  Cz\u0142onek Komisji Rewizyjnej.","field_status_organizacji_pozytku":"-","field_przeksztalcenie_lub_rozwia":"-","field_likwidator_stowarzyszenia_":"-","field_zastosowanie_wobec_stowarz":"-","field_teren_dzialania_stowarzysz":"obszar Rzeczpospolitej Polskiej","field_srodki_dzialania_stowarzys":"- organizowanie spotka\u0144 rozwijaj\u0105cych zainteresowanie tematyk\u0105 militarn\u0105;\u003Cbr \/\u003E\r\n- organizowanie wyjazd\u00f3w maj\u0105cych na celu rozw\u00f3j aktywno\u015bci fizycznej \u003Cbr \/\u003E\r\ni kszta\u0142cenie w zakresie obronno\u015bci kraju i jego granic oraz pierwszej pomocy przedmedycznej; \u003Cbr \/\u003E\r\n-  udzia\u0142 w uroczysto\u015bciach pa\u0144stwowych;\u003Cbr \/\u003E\r\n- organizowanie i udzia\u0142 w akcjach o tematyce pro patriotycznej;\u003Cbr \/\u003E\r\n- udzia\u0142 w r\u00f3\u017cnych grach zespo\u0142owych, sportowych; \u003Cbr \/\u003E\r\n- rekreacja w spos\u00f3b aktywny;\u003Cbr \/\u003E\r\n-organizowanie spotka\u0144 integruj\u0105cych cz\u0142onk\u00f3w Stowarzyszenia;\u003Cbr \/\u003E\r\n-organizowanie spotka\u0144 z udzia\u0142em przedstawicieli s\u0142u\u017cb mundurowych i innych podmiot\u00f3w odpowiedzialnych za bezpiecze\u0144stwo wewn\u0119trzne i zewn\u0119trzne kraju; \u003Cbr \/\u003E\r\n-udzia\u0142 w treningach samoobrony i innych sztuk walki; \u003Cbr \/\u003E\r\n-organizowanie wycieczek, wyjazd\u00f3w, przeja\u017cd\u017cek o charakterze historycznym, krajoznawczym, rekreacyjnym, integracyjnym i naukowym;\u003Cbr \/\u003E\r\n- udzia\u0142 i organizowanie akcji charytatywnych na rzecz spo\u0142eczno\u015bci lokalnej i narodowej;\u003Cbr \/\u003E\r\n- organizowanie innych spotka\u0144 zgodnych z tematyk\u0105 og\u00f3lnomilitarn\u0105, patriotyczn\u0105, sportow\u0105, rekreacyjn\u0105, historyczn\u0105, turystyczn\u0105 i naukow\u0105. \u003Cbr \/\u003E\r\n","field_uwagi_i7":"-"},{"field_numer_kolejny_w_ewidencji":"11\/2017","title":"\u003Ca href=\u0022\/stowarzyszenie-zwykle\/stowarzyszenie-parking-na-gorce-1084466\u0022 hreflang=\u0022pl\u0022\u003ESTOWARZYSZENIE PARKING NA G\u00d3RCE\u003C\/a\u003E","field_daty_wpisow_do_ewidencji":"\u003Ctime datetime=\u00222017-03-15T12:00:00Z\u0022 class=\u0022datetime\u0022\u003E2017-03-15\u003C\/time\u003E\n","field_cel_cele_dzialania_stowarz":"Celem Stowarzyszenia jest prowadzenie parkingu spo\u0142ecznego mieszcz\u0105cego si\u0119 przy ulicy Or\u0142owicza 2 i 16","field_kod_pocztowy_i7":"10-684 ","field_miejscowosc_i7":"Olsztyn","field_ulica_i7":"Or\u0142owicza","field_nr_budynku_i7":"16","field_nr_lokalu_i7":"27","field_reprezentacja_stowarzyszen":"Imiona i nazwiska cz\u0142onk\u00f3w Zarz\u0105du:\u003Cbr \/\u003E\r\n- \u0141ukasz Gasiulewicz \tzamieszka\u0142y:  ul. Or\u0142owicza 16\/11,\t10-684 Olsztyn\u003Cbr \/\u003E\r\n- Rafa\u0142 K\u0142ujszo \tzamieszka\u0142y:  ul. Or\u0142owicza 16\/5,\t10-684 Olsztyn\u003Cbr \/\u003E\r\n   - Marcin Kulas\tzamieszka\u0142y:  ul. Or\u0142owicza 16\/9,\t10-684 Olsztyn\u003Cbr \/\u003E\r\n  - Katarzyna Gasiulewicz\tzamieszka\u0142a:  ul. Or\u0142owicza 16\/11,\t10-684 Olsztyn\u003Cbr \/\u003E\r\n  -  Arkadiusz Tabaka\u003Cbr \/\u003E\r\n\u003Cbr \/\u003E\r\n Zgodnie z \u00a7 3, pkt.15 regulaminu  Stowarzyszenie reprezentuje, r\u00f3wnie\u017c w zakresie zaci\u0105gania zobowi\u0105za\u0144 maj\u0105tkowych, dw\u00f3ch cz\u0142onk\u00f3w Zarz\u0105du \u2013 w tym Prezes, dzia\u0142aj\u0105c \u0142\u0105cznie.\u003Cbr \/\u003E\r\n\u003Cbr \/\u003E\r\n","field_organ_kontroli_wewnetrznej":"Robert Nowak\t Mariusz Rogalski  Pawe\u0142 Mo\u017cejko ","field_status_organizacji_pozytku":"-","field_przeksztalcenie_lub_rozwia":"-","field_likwidator_stowarzyszenia_":"-","field_zastosowanie_wobec_stowarz":"-","field_teren_dzialania_stowarzysz":"obszar Rzeczpospolitej Polskiej","field_srodki_dzialania_stowarzys":"- integracj\u0119 spo\u0142ecze\u0144stwa lokalnego;\u003Cbr \/\u003E\r\n- chron\u0119 mienia w postaci pojazd\u00f3w samochodowych parkuj\u0105cych za ogrodzeniem parkingu nale\u017c\u0105cego do stowarzyszenia;\u003Cbr \/\u003E\r\n- promocj\u0119 utrzymywania czysto\u015bci i porz\u0105dku na terenie parkingu nale\u017c\u0105cym do stowarzyszenia;\u003Cbr \/\u003E\r\n-umo\u017cliwienie cz\u0142onkom stowarzyszenia realizacj\u0119 hobby zwi\u0105zanego z motoryzacj\u0105.\u003Cbr \/\u003E\r\n","field_uwagi_i7":"-"},{"field_numer_kolejny_w_ewidencji":"13\/2017","title":"\u003Ca href=\u0022\/stowarzyszenie-zwykle\/stowarzyszenie-kombatantow-wojska-polskiego-przeciwlotnik-1084467\u0022 hreflang=\u0022pl\u0022\u003ESTOWARZYSZENIE KOMBATANT\u00d3W WOJSKA POLSKIEGO \u201ePRZECIWLOTNIK\u201d\u003C\/a\u003E","field_daty_wpisow_do_ewidencji":"\u003Ctime datetime=\u00222017-09-28T12:00:00Z\u0022 class=\u0022datetime\u0022\u003E2017-09-28\u003C\/time\u003E\n","field_cel_cele_dzialania_stowarz":"Celem dzia\u0142ania stowarzyszenia jest integrowanie \u015brodowiska kombatant\u00f3w, weteran\u00f3w i \u017co\u0142nierzy Wojska Polskiego, utrzymywanie i rozw\u00f3j wi\u0119zi kole\u017ce\u0144skich by\u0142ych i obecnych \u017co\u0142nierzy Wojska Polskiego, kultywowanie chlubnych tradycji or\u0119\u017ca polskiego oraz realizacja za\u0142o\u017ce\u0144 polityki proobronnej pa\u0144stwa polskiego. \u003Cbr \/\u003E\r\n","field_kod_pocztowy_i7":"10-687 ","field_miejscowosc_i7":"Olsztyn","field_ulica_i7":"Hanowskiego","field_nr_budynku_i7":"1","field_nr_lokalu_i7":"14","field_reprezentacja_stowarzyszen":"Imiona i nazwiska cz\u0142onk\u00f3w Zarz\u0105du:\u003Cbr \/\u003E\r\nJerzy Moskal - prezes\u003Cbr \/\u003E\r\nAleksander Pieczkin - wiceprezes\u003Cbr \/\u003E\r\nEmil Bednarczyk - sekretarz\u003Cbr \/\u003E\r\n Zbigniew Mikielewicz - cz\u0142onek zarz\u0105du.\u003Cbr \/\u003E\r\nWaldemar Danielewicz - skarbnik\u003Cbr \/\u003E\r\n\u003Cbr \/\u003E\r\n\t\u003Cbr \/\u003E\r\n Zgodnie z \u00a7 12, pkt. 8 regulaminu\u003Cbr \/\u003E\r\nZobowi\u0105zania maj\u0105tkowe zarz\u0105d zaci\u0105ga w sk\u0142adzie co najmniej trzyosobowym, w tym obowi\u0105zkowo prezes lub wiceprezes i skarbnik. \u003Cbr \/\u003E\r\nZgodnie z \u00a7 12 pkt. 8 Zobowi\u0105zania maj\u0105tkowe zarz\u0105d zaci\u0105ga w sk\u0142adzie co najmniej dwuosobowym, w tym obowi\u0105zkowo prezes lub wiceprezes i cz\u0142onek zarz\u0105du\u003Cbr \/\u003E\r\n","field_organ_kontroli_wewnetrznej":"-","field_status_organizacji_pozytku":"-","field_przeksztalcenie_lub_rozwia":"-","field_likwidator_stowarzyszenia_":"-","field_zastosowanie_wobec_stowarz":"-","field_teren_dzialania_stowarzysz":"obszar Rzeczpospolitej Polskiej ","field_srodki_dzialania_stowarzys":"spotkania integracyjne kombatant\u00f3w, weteran\u00f3w i \u017co\u0142nierzy oraz ich rodzin; \u003Cbr \/\u003E\r\n-  organizowanie samopomocy kole\u017ce\u0144skiej potrzebuj\u0105cym;\u003Cbr \/\u003E\r\n- aktywizacj\u0119 fizyczn\u0105 i strzeleck\u0105 kombatant\u00f3w i weteran\u00f3w Wojska Polskiego;\u003Cbr \/\u003E\r\n- organizowanie zawod\u00f3w sportowo-obronnych; \u003Cbr \/\u003E\r\n-  organizowanie podr\u00f3\u017cy wojskowo-historycznych;\u003Cbr \/\u003E\r\n-  spotkania edukacyjne weteran\u00f3w i \u017co\u0142nierzy z m\u0142odzie\u017c\u0105 szkoln\u0105;\u003Cbr \/\u003E\r\n- praktyczn\u0105 realizacj\u0119 idei proobronnych pa\u0144stwa.\u003Cbr \/\u003E\r\n","field_uwagi_i7":"-"},{"field_numer_kolejny_w_ewidencji":"14\/2017","title":"\u003Ca href=\u0022\/stowarzyszenie-zwykle\/stowarzyszenie-europejska-rada-na-rzecz-demokracji-i-praw-czlowieka-1084468\u0022 hreflang=\u0022pl\u0022\u003ESTOWARZYSZENIE EUROPEJSKA RADA NA RZECZ DEMOKRACJI  I PRAW CZ\u0141OWIEKA\u003C\/a\u003E","field_daty_wpisow_do_ewidencji":"\u003Ctime datetime=\u00222017-10-03T12:00:00Z\u0022 class=\u0022datetime\u0022\u003E2017-10-03\u003C\/time\u003E\n","field_cel_cele_dzialania_stowarz":"-  dzia\u0142anie na rzecz ochrony praw i wolno\u015bci cz\u0142owieka; \u003Cbr \/\u003E\r\n- dzia\u0142anie na rzecz wzmacniania demokracji i pa\u0144stwa prawa;.\u003Cbr \/\u003E\r\n-  promowanie idei demokracji oraz praw i wolno\u015bci cz\u0142owieka, \u003Cbr \/\u003E\r\na w szczeg\u00f3lno\u015bci prawnych gwarancji ich ochrony; \u003Cbr \/\u003E\r\n-  dzia\u0142anie na rzecz wzmacniania i rozwoju swob\u00f3d obywatelskich.\u003Cbr \/\u003E\r\n- promowanie idei spo\u0142ecze\u0144stwa obywatelskiego\u003Cbr \/\u003E\r\n-  budowanie tolerancji oraz dialogu mi\u0119dzykulturowego\u003Cbr \/\u003E\r\n-  promowanie patriotyzmu oraz solidaryzmu spo\u0142ecznego\u003Cbr \/\u003E\r\n- edukacja obywatelska, prawna, ekonomiczna\u003Cbr \/\u003E\r\n- wdra\u017canie idei otwartej w\u0142adzy oraz rewitalizacji spo\u0142ecznej\u003Cbr \/\u003E\r\n- wspieranie budowy elektronicznej demokracji i cyfrowej gospodarki\u003Cbr \/\u003E\r\n-  ochrona konstytucyjnych praw obywatelskich i praw cz\u0142owieka\u003Cbr \/\u003E\r\n-  dzia\u0142anie na rzecz ludzi pokrzywdzonych i wykluczonych spo\u0142ecznie\u003Cbr \/\u003E\r\n- podejmowanie walki z wyst\u0119puj\u0105cymi zjawiskami patologii spo\u0142ecznej\u003Cbr \/\u003E\r\n i korupcji\u003Cbr \/\u003E\r\n-  aktywizacja mieszka\u0144c\u00f3w i mieszkanek Polski do uczestnictwa w \u017cyciu spo\u0142ecznym i politycznym kraju oraz \u015bwiata\u003Cbr \/\u003E\r\n-  ochrona przed wszelkiego rodzaju dyskryminacj\u0105\u003Cbr \/\u003E\r\n- ochrona \u015brodowiska naturalnego i przekazanie go w dobrym stanie dla przysz\u0142ych pokole\u0144\u003Cbr \/\u003E\r\n- promocja praw cyfrowych oraz prywatno\u015bci w internecie\u003Cbr \/\u003E\r\n-  umacnianie wolno\u015bci wypowiedzi i zgromadze\u0144\u003Cbr \/\u003E\r\n-  popieranie demokratycznych przemian w \u017cyciu publicznym, przedsi\u0119biorczo\u015bci i aktywno\u015bci obywateli\u003Cbr \/\u003E\r\n\u003Cbr \/\u003E\r\n","field_kod_pocztowy_i7":"10 - 691 ","field_miejscowosc_i7":"Olsztyn","field_ulica_i7":"Kanta","field_nr_budynku_i7":"15","field_nr_lokalu_i7":"-","field_reprezentacja_stowarzyszen":"Przedstawiciel: \u003Cbr \/\u003E\r\nJanusz Nied\u017awiedzki\u003Cbr \/\u003E\r\n\u003Cbr \/\u003E\r\nRegulamin, pkt. 22:  do zakresu dzia\u0142ania przedstawiciela nale\u017cy zarz\u0105dzanie maj\u0105tkiem stowarzyszenia, pkt. 23: podj\u0119cie przez przedstawiciela  decyzji przekraczaj\u0105cej uprawnienia zwyk\u0142ego zarz\u0105du wymaga zgody wszystkich cz\u0142onk\u00f3w stowarzyszenia.\u003Cbr \/\u003E\r\n","field_organ_kontroli_wewnetrznej":"","field_status_organizacji_pozytku":"-","field_przeksztalcenie_lub_rozwia":"-","field_likwidator_stowarzyszenia_":"-","field_zastosowanie_wobec_stowarz":"-","field_teren_dzialania_stowarzysz":"obszar Rzeczpospolitej Polskiej","field_srodki_dzialania_stowarzys":"Stowarzyszenie realizuje swoje cele poprzez \u003Cbr \/\u003E\r\n-  inicjowanie i prowadzenie debaty publicznej na temat standard\u00f3w demokracji oraz ochrony praw i wolno\u015bci cz\u0142owieka; \u003Cbr \/\u003E\r\n- prowadzenie akcji maj\u0105cych na celu aktywizacj\u0119 obywateli do uczestnictwa \u003Cbr \/\u003E\r\nw  wyborach i innych instrumentach demokratycznego pa\u0144stwa prawa;\u003Cbr \/\u003E\r\n- obserwacj\u0119 procesu wyborczego i monitorowanie narusze\u0144 oraz nieprawid\u0142owo\u015bci;\u003Cbr \/\u003E\r\n-  czynne uczestniczenie w \u017cyciu publicznym i wyra\u017canie zr\u00f3\u017cnicowanych pogl\u0105d\u00f3w;\u003Cbr \/\u003E\r\n- realizowanie dzia\u0142a\u0144 edukacyjnych dotycz\u0105cych demokracji oraz ochrony praw i wolno\u015bci cz\u0142owieka; \u003Cbr \/\u003E\r\n-  inspirowanie i prowadzenie bada\u0144 naukowych w zakresie ochrony praw i wolno\u015bci cz\u0142owieka; \u003Cbr \/\u003E\r\n- wsp\u00f3\u0142prac\u0119 z polskimi i zagranicznymi organizacjami pozarz\u0105dowymi aktywnymi w obszarze demokracji oraz ochrony praw i wolno\u015bci cz\u0142owieka;\u003Cbr \/\u003E\r\n- organizacj\u0119 debat i konferencji\u003Cbr \/\u003E\r\n-  kolporta\u017c materia\u0142\u00f3w promuj\u0105cych idee i warto\u015bci sp\u00f3jne z celami stowarzyszenia\u003Cbr \/\u003E\r\n","field_uwagi_i7":"-"},{"field_numer_kolejny_w_ewidencji":"15\/2017","title":"\u003Ca href=\u0022\/stowarzyszenie-zwykle\/stowarzyszenie-spolecznie-strzezony-parking-przy-ul-dworcowej-1084469\u0022 hreflang=\u0022pl\u0022\u003ESTOWARZYSZENIE SPO\u0141ECZNIE STRZE\u017bONY PARKING PRZY UL. DWORCOWEJ\u003C\/a\u003E","field_daty_wpisow_do_ewidencji":"\u003Ctime datetime=\u00222017-10-25T12:00:00Z\u0022 class=\u0022datetime\u0022\u003E2017-10-25\u003C\/time\u003E\n","field_cel_cele_dzialania_stowarz":"Celem dzia\u0142ania stowarzyszenia jest poprawa bezpiecze\u0144stwa publicznego w mie\u015bcie Olsztyn poprzez ochron\u0119 przed kradzie\u017c\u0105 lub uszkodzeniem samochod\u00f3w osobowych obywateli.","field_kod_pocztowy_i7":"10-437 ","field_miejscowosc_i7":"Olsztyn","field_ulica_i7":"Dworcowa","field_nr_budynku_i7":"52","field_nr_lokalu_i7":"72","field_reprezentacja_stowarzyszen":"\u003Cbr \/\u003E\r\n Zgodnie z \u00a7 13, pkt. 5 regulaminu\u003Cbr \/\u003E\r\nDo sk\u0142adania o\u015bwiadcze\u0144 woli w zakresie praw i obowi\u0105zk\u00f3w maj\u0105tkowych oraz zawierania um\u00f3w i zaci\u0105gania zobowi\u0105za\u0144 maj\u0105tkowych, a tak\u017ce udzielania pe\u0142nomocnictw w imieniu stowarzyszenia wymagany jest podpis prezesa i skarbnika.\u003Cbr \/\u003E\r\n","field_organ_kontroli_wewnetrznej":"-","field_status_organizacji_pozytku":"-","field_przeksztalcenie_lub_rozwia":"-","field_likwidator_stowarzyszenia_":"-","field_zastosowanie_wobec_stowarz":"-","field_teren_dzialania_stowarzysz":"Miasto Olsztyn","field_srodki_dzialania_stowarzys":"stowarzyszenie realizuje swoje cele poprzez wybudowanie parkingu, wybudowanie ogrodzenia parkingu i budynku dy\u017curnego parkingu, oraz pe\u0142nienie dy\u017cur\u00f3w na parkingu.","field_uwagi_i7":"-"},{"field_numer_kolejny_w_ewidencji":"16\/2017","title":"\u003Ca href=\u0022\/stowarzyszenie-zwykle\/stowarzyszeniae-milosnikow-jogi-w-olsztynie-1084470\u0022 hreflang=\u0022pl\u0022\u003ESTOWARZYSZENIAE MI\u0141O\u015aNIK\u00d3W JOGI W OLSZTYNIE\u003C\/a\u003E","field_daty_wpisow_do_ewidencji":"\u003Ctime datetime=\u00222017-10-26T12:00:00Z\u0022 class=\u0022datetime\u0022\u003E2017-10-26\u003C\/time\u003E\n","field_cel_cele_dzialania_stowarz":"- propagowanie jogi w r\u00f3\u017cnych jej odmianach i stylach oraz korzy\u015bci p\u0142yn\u0105cych z jej praktykowania; \u003Cbr \/\u003E\r\n- dbanie o wysokie standardy nauczania jogi; \u003Cbr \/\u003E\r\n- organizacja, rozwijanie i propagowanie inicjatyw i postaw sprzyjaj\u0105cych wszechstronnemu psychofizycznemu rozwojowi cz\u0142owieka (osobistego \u003Cbr \/\u003E\r\ni duchowego), w tym inicjatyw z zakresu kultury fizycznej, profilaktyki zdrowia i \u017cywienia cz\u0142owieka, fizykoterapii, fizjoterapii, dietetyki, medytacji itp.;\u003Cbr \/\u003E\r\n- organizacja dzia\u0142a\u0144 i wydarze\u0144 maj\u0105cych na celu przybli\u017canie warto\u015bci\u003Cbr \/\u003E\r\n i korzy\u015bci p\u0142yn\u0105cych z praktykowania jogi i dyscyplin jej pokrewnych lub blisko z ni\u0105 zwi\u0105zanych;\u003Cbr \/\u003E\r\n- wspieranie organizacyjne os\u00f3b fizycznych i innych organizacji zajmuj\u0105cych si\u0119 jog\u0105 oraz dyscyplinami jej pokrewnymi lub blisko z ni\u0105 zwi\u0105zanymi\u003Cbr \/\u003E\r\n","field_kod_pocztowy_i7":"10 - 693 Olsztyn","field_miejscowosc_i7":"Olsztyn","field_ulica_i7":"ks.J.Popie\u0142uszki","field_nr_budynku_i7":"26","field_nr_lokalu_i7":"12","field_reprezentacja_stowarzyszen":"Przedstawiciel:  - Justyna Cilulko - Do\u0142\u0119ga","field_organ_kontroli_wewnetrznej":"-","field_status_organizacji_pozytku":"-","field_przeksztalcenie_lub_rozwia":"wykrer\u015blenie z ewidencji","field_likwidator_stowarzyszenia_":"-","field_zastosowanie_wobec_stowarz":"-","field_teren_dzialania_stowarzysz":"obszar Rzeczpospolitej Polskiej","field_srodki_dzialania_stowarzys":"organizacj\u0119 imprez, kurs\u00f3w, warsztat\u00f3w, spotka\u0144 tematycznych, szkole\u0144, konferencji, odczyt\u00f3w, sesji naukowych, seminari\u00f3w zwi\u0105zanych z celami Stowarzyszenia zar\u00f3wno stacjonarnych, jak i wyjazdowych dla os\u00f3b doros\u0142ych, m\u0142odzie\u017cy i dzieci;\u003Cbr \/\u003E\r\n- dzia\u0142alno\u015b\u0107 o\u015bwiatow\u0105 oraz informacyjn\u0105 poprzez wsp\u00f3\u0142prac\u0119 z krajowymi oraz zagranicznymi o\u015brodkami sportowymi, kulturalnymi oraz edukacyjnymi;\u003Cbr \/\u003E\r\n- dzia\u0142alno\u015b\u0107 wydawnicz\u0105 w tym publikacje ksi\u0105\u017ckowe, czasopisma, biuletyny, ulotki, broszury, wydawnictwa elektroniczne i multimedialne;\u003Cbr \/\u003E\r\n- kontakty z organizacjami krajowymi lub zagranicznymi, realizuj\u0105cymi podobne  za\u0142o\u017cenia;\u003Cbr \/\u003E\r\n- wsp\u00f3\u0142prac\u0119 ze szko\u0142ami jogi oraz organizacjami zwi\u0105zanymi z dzia\u0142alno\u015bci\u0105 kulturalno-sportow\u0105, fizjoterapeutyczn\u0105 i profilaktyk\u0105 zdrowia i \u017cywienia cz\u0142owieka.\u003Cbr \/\u003E\r\n","field_uwagi_i7":"-"},{"field_numer_kolejny_w_ewidencji":"17\/20217","title":"\u003Ca href=\u0022\/stowarzyszenie-zwykle\/pracownia-powidia-1084471\u0022 hreflang=\u0022pl\u0022\u003EPRACOWNIA POWIDIA\u003C\/a\u003E","field_daty_wpisow_do_ewidencji":"\u003Ctime datetime=\u00222017-10-26T12:00:00Z\u0022 class=\u0022datetime\u0022\u003E2017-10-26\u003C\/time\u003E\n","field_cel_cele_dzialania_stowarz":"- wsp\u00f3\u0142prowadzenie bada\u0144 naukowych nad histori\u0105 i dziedzictwem kulturowym terenu dzia\u0142ania Stowarzyszenia;\u003Cbr \/\u003E\r\n- edukacja w zakresie dziedzictwa kulturowego \u003Cbr \/\u003E\r\n i przyrodniczego Warmii \u003Cbr \/\u003E\r\ni Mazur;\u003Cbr \/\u003E\r\n- rozw\u00f3j i popularyzacja dziedzictwa kulturowego\u003Cbr \/\u003E\r\n i przyrodniczego Warmii \u003Cbr \/\u003E\r\ni Mazur w kraju i za granic\u0105.","field_kod_pocztowy_i7":"10-762","field_miejscowosc_i7":"Olsztyn","field_ulica_i7":"Wawrzyczka","field_nr_budynku_i7":"1","field_nr_lokalu_i7":"3","field_reprezentacja_stowarzyszen":"1. Maria Chomicka \u2013 prezes zarz\u0105du,\u003Cbr \/\u003E\r\n2. Monika Stankiewicz \u2013 dyrektor wykonawczy,\u003Cbr \/\u003E\r\n3.Aleksanda Wilczy\u0144ska \u2013 sekretarz zarz\u0105du,\u003Cbr \/\u003E\r\nRegulamin, punkt 21: \u201eDo reprezentowania stowarzyszenia na zewn\u0105trz upowa\u017cniony jest ka\u017cdy z cz\u0142onk\u00f3w Zarz\u0105du samodzielnie, pod warunkiem uzyskania zgody ca\u0142ego Zarz\u0105du\u201d","field_organ_kontroli_wewnetrznej":"-","field_status_organizacji_pozytku":"-","field_przeksztalcenie_lub_rozwia":"-","field_likwidator_stowarzyszenia_":"-","field_zastosowanie_wobec_stowarz":"-","field_teren_dzialania_stowarzysz":"teren pa\u0144stw po\u0142udniowego wybrze\u017ca Morza Ba\u0142tyckiego,  w szczeg\u00f3lno\u015bci wojew\u00f3dztwo warmi\u0144sko - mazurskie.","field_srodki_dzialania_stowarzys":"wsp\u00f3\u0142prowadzenie bada\u0144 naukowych nad histori\u0105 i dziedzictwem kulturowym terenu  dzia\u0142ania Stowarzyszenia;\u003Cbr \/\u003E\r\n2) tworzenie produkt\u00f3w turystycznych oraz propozycji edukacyjnych;\u003Cbr \/\u003E\r\n3) udzia\u0142 w szkoleniach, konferencjach oraz innych wydarzeniach zwi\u0105zanych \u003Cbr \/\u003E\r\nz realizacj\u0105 cel\u00f3w Stowarzyszenia;\u003Cbr \/\u003E\r\n4) organizowanie szkole\u0144, konferencji naukowych i spotka\u0144 popularyzatorskich;\u003Cbr \/\u003E\r\n5) dzia\u0142alno\u015b\u0107 wydawnicza;\u003Cbr \/\u003E\r\n6) prowadzenie dzia\u0142alno\u015bci w mediach elektronicznych i innych","field_uwagi_i7":"-"},{"field_numer_kolejny_w_ewidencji":"18\/2018","title":"\u003Ca href=\u0022\/stowarzyszenie-zwykle\/stowarzyszeniae-strzeleckie-orion-1084472\u0022 hreflang=\u0022pl\u0022\u003ESTOWARZYSZENIAE STRZELECKIE ORION\u003C\/a\u003E","field_daty_wpisow_do_ewidencji":"\u003Ctime datetime=\u00222018-01-04T12:00:00Z\u0022 class=\u0022datetime\u0022\u003E2018-01-04\u003C\/time\u003E\n","field_cel_cele_dzialania_stowarz":"-  dzia\u0142anie na rzecz  umacniania niepodleg\u0142o\u015bci Rzeczypospolitej Polskiej oraz identyfikacji i  eliminacji zagro\u017ce\u0144, kt\u00f3re mog\u0142y by j\u0105 naruszy\u0107;\u003Cbr \/\u003E\r\n- udzia\u0142 w przygotowywaniu obywateli Rzeczypospolitej Polskiej do postaw proobronnych;\u003Cbr \/\u003E\r\n- podnoszenie poziomu sprawno\u015bci fizycznej cz\u0142onk\u00f3w stowarzyszenia i wszystkich os\u00f3b zainteresowanych wsp\u00f3\u0142prac\u0105 ze Stowarzyszeniem;\u003Cbr \/\u003E\r\n-  uczenie i rozwijanie\u003Cbr \/\u003E\r\n zdyscyplinowanego funkcjonowania w zespole;\u003Cbr \/\u003E\r\n-  propagowanie wsp\u00f3lnego uprawiania aktywnej rekreacji;\u003Cbr \/\u003E\r\n-  ochrona i promocja zdrowia;\u003Cbr \/\u003E\r\n- dzia\u0142alno\u015b\u0107 kulturalna;\u003Cbr \/\u003E\r\n- wspieranie i animowanie aktywno\u015bci spo\u0142ecznej w \u015brodowiskach lokalnych;\u003Cbr \/\u003E\r\n - rozwijanie \u015bwiadomo\u015bci spo\u0142ecze\u0144stwa obywatelskiego w\u015br\u00f3d cz\u0142onk\u00f3w Stowarzyszenia i os\u00f3b bior\u0105cych udzia\u0142 w funkcjonowaniu Stowarzyszenia; \u003Cbr \/\u003E\r\n- propagowanie postaw  wolontariackich; \u003Cbr \/\u003E\r\n- propagowanie aktywnych form rozrywki i rozwoju osobowego;\u003Cbr \/\u003E\r\n- organizowanie rekonstrukcji historycznych z wykorzystaniem dopuszczonych prawem rodzaj\u00f3w broni;\u003Cbr \/\u003E\r\n- promowanie i organizowanie dzia\u0142a\u0144 o charakterze kolekcjonerskim w\u015br\u00f3d cz\u0142onk\u00f3w Stowarzyszenia;\u003Cbr \/\u003E\r\n- upowszechnianie , rozwijanie i doskonalenie wiedzy o pierwszej pomocy, medycynie ratunkowej i ochronie zdrowia;\u003Cbr \/\u003E\r\n- wspomaganie zabezpieczenia logistycznego akcji i szkole\u0144 ratowniczych,\u003Cbr \/\u003E\r\n- wsp\u00f3\u0142praca przy organizowaniu pomocy poszkodowanym w katastrofach \u003Cbr \/\u003E\r\ni kataklizmach;\u003Cbr \/\u003E\r\n- doskonalenie dzia\u0142a\u0144 w zakresie ratownictwa i ochrony ludno\u015bci;\u003Cbr \/\u003E\r\n- organizowanie edukacji w zakresie historii powszechnej;\u003Cbr \/\u003E\r\n-  popularyzacja i rozwijanie wiedzy w dziedzinie strzelectwa rekreacyjnego, sportu strzeleckiego i kolekcjonerstwa broni palnej;\u003Cbr \/\u003E\r\n- promocja i popieranie kusznictwa i \u0142ucznictwa.","field_kod_pocztowy_i7":"10-437","field_miejscowosc_i7":"Olsztyn","field_ulica_i7":"Dworcowa","field_nr_budynku_i7":"66","field_nr_lokalu_i7":"141","field_reprezentacja_stowarzyszen":"Przedstawiciel:  - Wojciech Tyszer\u003Cbr \/\u003E\r\nRegulamin, rozdzia\u0142 V, \u00a7 18: \u015arodkami finansowymi Stowarzyszenia zarz\u0105dza Przedstawiciel. Podj\u0119cie przez przedstawiciela decyzji przekraczaj\u0105cej uprawnienia zwyk\u0142ego zarz\u0105du wymaga uprzedniej zgody wszystkich cz\u0142onk\u00f3w stowarzyszenia zwyk\u0142ego oraz udzielenia przez nich pe\u0142nomocnictwa do dokonania tych czynno\u015bci.","field_organ_kontroli_wewnetrznej":"-","field_status_organizacji_pozytku":"-","field_przeksztalcenie_lub_rozwia":"-","field_likwidator_stowarzyszenia_":"-","field_zastosowanie_wobec_stowarz":"-","field_teren_dzialania_stowarzysz":"Obszar Rzeczpospolitej, kraje Unii europejskiej oraz kraje Wsp\u00f3lnoty Niepodleg\u0142ych Pa\u0144stw.","field_srodki_dzialania_stowarzys":"3. \u015arodki dzia\u0142ania stowarzyszenia zwyk\u0142ego:\u003Cbr \/\u003E\r\n- tworzenie warunk\u00f3w do zaspokajania zainteresowa\u0144 cz\u0142onk\u00f3w przede wszystkim \u003Cbr \/\u003E\r\nw zakresie samokszta\u0142cenia og\u00f3lnego i specjalistycznego;\u003Cbr \/\u003E\r\n- organizowanie przedsi\u0119wzi\u0119\u0107 zwi\u0105zanych z dzia\u0142alno\u015bci\u0105 w zakresie kultury, wychowania fizycznego i sportu oraz higieny i o\u015bwiaty zdrowotnej;\u003Cbr \/\u003E\r\n-  prowadzenie wyk\u0142ad\u00f3w, \u0107wicze\u0144, kurs\u00f3w i oboz\u00f3w;\u003Cbr \/\u003E\r\n-   prowadzenie ww. dzia\u0142alno\u015bci tak\u017ce w\u015br\u00f3d niezrzeszonych w Stowarzyszeniu;\u003Cbr \/\u003E\r\n- wsp\u00f3\u0142dzia\u0142anie z w\u0142adzami pa\u0144stwowymi i samorz\u0105dowymi oraz instytucjami powo\u0142anymi przez w\u0142adze pa\u0144stwowe do wsp\u00f3\u0142pracy w zakresie obrony kraju, wsp\u00f3\u0142prac\u0119 z organami w\u0142adz pa\u0144stwowych, administracji rz\u0105dowej i samorz\u0105du terytorialnego, plac\u00f3wkami o\u015bwiaty i wychowania, w zakresie realizacji programu wychowania og\u00f3lnego i obywatelskiego;\u003Cbr \/\u003E\r\n- kszta\u0142towaniu i umacnianiu w spo\u0142ecze\u0144stwie, zw\u0142aszcza w\u015br\u00f3d m\u0142odzie\u017cy, obywatelskiej postaw pro obronnych wobec spraw Rzeczypospolitej Polskiej;\u003Cbr \/\u003E\r\n- wyrabianiu i utrwalaniu w spo\u0142ecze\u0144stwie po\u017c\u0105danych zainteresowa\u0144, nawyk\u00f3w \u003Cbr \/\u003E\r\ni umiej\u0119tno\u015bci wa\u017cnych z punktu widzenia zdolno\u015bci pro obronnych Pa\u0144stwa oraz przydatnych w przygotowaniu spo\u0142ecze\u0144stwa do zapobiegania i ewentualnego zwalczania zagro\u017ce\u0144 okresu pokoju;\u003Cbr \/\u003E\r\n- wydawanie publikacji, czasopism, broszur zwi\u0105zanych z celami Stowarzyszenia,\u003Cbr \/\u003E\r\n- upowszechnianiu kultury fizycznej i turystyki, rozwoju dyscyplin sportu, w tym sportu wyczynowego, wchodz\u0105cych w zakres zainteresowania Stowarzyszenia;\u003Cbr \/\u003E\r\n-  upowszechnianie wiedzy na temat wsp\u00f3\u0142czesnych problem\u00f3w obronno\u015bci Rzeczypospolitej Polskiej;\u003Cbr \/\u003E\r\n- organizowanie oraz wsp\u00f3\u0142organizowanie okoliczno\u015bciowych imprez masowych;\u003Cbr \/\u003E\r\n-  kszta\u0142towanie przez cz\u0142onk\u00f3w stowarzyszenia poczucia obywatelskiej odpowiedzialno\u015bci za kraj;\u003Cbr \/\u003E\r\n-  popularyzowanie, organizowanie oraz stwarzanie warunk\u00f3w do masowego uprawiania r\u00f3\u017cnych dyscyplin sportowych, w tym: sport\u00f3w obronnych, sport\u00f3w walki, p\u0142etwonurkowania, a tak\u017ce r\u00f3\u017cnych odmian sport\u00f3w \u0142\u0105czno\u015bci;\u003Cbr \/\u003E\r\n- wspieranie instytucji publicznych w propagowaniu postaw pro obronnych w\u015br\u00f3d obywateli Rzeczypospolitej  Polskiej;\u003Cbr \/\u003E\r\n-  wykonywanie zada\u0144 zleconych przez organa w\u0142adzy i administracji pa\u0144stwowej oraz samorz\u0105dowej w ramach powszechnego obowi\u0105zku obrony;\u003Cbr \/\u003E\r\n- wsp\u00f3\u0142praca z Si\u0142ami Zbrojnymi Rzeczypospolitej Polskiej na podstawie obowi\u0105zuj\u0105cych akt\u00f3w prawnych;\u003Cbr \/\u003E\r\n- wsp\u00f3\u0142praca z organami w\u0142adzy i administracji rz\u0105dowej oraz samorz\u0105dowej, \u003Cbr \/\u003E\r\nz kierownictwami podmiot\u00f3w gospodarczych, szk\u00f3\u0142 i innych plac\u00f3wek o\u015bwiatowo-wychowawczych oraz organizacji spo\u0142ecznych, w celu zapewnienia jak najlepszych warunk\u00f3w do dzia\u0142ania Stowarzyszenia;\u003Cbr \/\u003E\r\n- wsp\u00f3\u0142praca z resortami: obrony narodowej, edukacji, spraw wewn\u0119trznych \u003Cbr \/\u003E\r\ni administracji, kultury fizycznej, jednostkami wojskowym oraz organami administracji rz\u0105dowej i samorz\u0105dowej, stowarzyszeniami, kierownictwami podmiot\u00f3w gospodarczych, szk\u00f3\u0142 i plac\u00f3wek o\u015bwiatowych;\u003Cbr \/\u003E\r\n- uprawianie i propagowanie sport\u00f3w strzeleckich;\u003Cbr \/\u003E\r\n- organizowanie lub udzia\u0142 w imprezach, zawodach strzeleckich, kolekcjonerskich, \u003Cbr \/\u003E\r\n- organizowanie lub udzia\u0142 w prelekcjach, szkoleniach, treningach, pokazach strzeleckich, kolekcjonerskich; \u003Cbr \/\u003E\r\n-  promocja i popieranie strzelectwa rekreacyjnego, sportu strzeleckiego \u003Cbr \/\u003E\r\ni kolekcjonerstwa broni; \u003Cbr \/\u003E\r\n- tworzenie wsp\u00f3\u0142zawodnictwa sportowego w strzelectwie sportowym, praktycznym oraz historycznym;\u003Cbr \/\u003E\r\n24) wsp\u00f3\u0142udzia\u0142 w inicjowaniu i koordynacji program\u00f3w edukacyjnych z zakresu bezpiecze\u0144stwa publicznego, pierwszej pomocy i ratownictwa medycznego;\u003Cbr \/\u003E\r\n- udzielanie wsparcia i pomocy interwencyjnej w sytuacjach kryzysowych, \u003Cbr \/\u003E\r\n(w og\u00f3lnie rozumianym procesie funkcjonowaniu spo\u0142ecze\u0144stwa);\u003Cbr \/\u003E\r\n- zabezpieczanie przedmedyczne i medyczne wydarze\u0144, zgromadze\u0144 i imprez, r\u00f3wnie\u017c o charakterze masowym;\u003Cbr \/\u003E\r\n- podejmowanie wsp\u00f3\u0142pracy z jednostkami systemu Pa\u0144stwowe Ratownictwo Medyczne oraz jednostkami ochrony przeciwpo\u017carowej w tym dzia\u0142aj\u0105cymi w ramach Krajowego Systemu Ratowniczo-Ga\u015bniczego, kt\u00f3rej zakres zostaje okre\u015blony na podstawie osobnych um\u00f3w i porozumie\u0144.","field_uwagi_i7":"-"},{"field_numer_kolejny_w_ewidencji":"19\/2018","title":"\u003Ca href=\u0022\/stowarzyszenie-zwykle\/polskie-stowarzyszenie-ormian-1084473\u0022 hreflang=\u0022pl\u0022\u003EPOLSKIE STOWARZYSZENIE ORMIAN\u003C\/a\u003E","field_daty_wpisow_do_ewidencji":"\u003Ctime datetime=\u00222018-01-19T12:00:00Z\u0022 class=\u0022datetime\u0022\u003E2018-01-19\u003C\/time\u003E\n","field_cel_cele_dzialania_stowarz":"- popularyzowanie kultury Ormian, tworzenie i wspieranie kontakt\u00f3w mi\u0119dzynarodowych mniejszo\u015bci narodowych w Polsce z przedstawicielami mniejszo\u015bci narodowych za granic\u0105, dzia\u0142anie w celu poszerzenia wiedzy o tradycjach, sztuce, kulturze Ormian;\u003Cbr \/\u003E\r\n - dzia\u0142anie w zakresie wsparcia Ormian w celu wyr\u00f3wnania ich szans, przeciwdzia\u0142anie marginalizacji Ormian, pomoc prawna s\u0142u\u017c\u0105ca poprawie jako\u015bci ich \u017cycia w Polsce i u\u0142atwieniu funkcjonowania jako mniejszo\u015bci etnicznej, narodowej, religijnej, pomoc w w utrzymaniu jedno\u015bci duchowej Ormian;\u003Cbr \/\u003E\r\n - dzia\u0142alno\u015b\u0107 edukacyjna, i wspieranie dzia\u0142alno\u015bci s\u0142u\u017c\u0105cej wychowaniu w spo\u0142ecze\u0144stwie tolerancyjnym, wspieranie bada\u0144 naukowych i szerzenie wiedzy z zakresu problematyki Ormian, ich dziedzictwa kulturowego, ochrona zabytk\u00f3w, integracja spo\u0142eczno\u015bci polskich Ormian;\u003Cbr \/\u003E\r\n-prowadzenie dzia\u0142alno\u015bci na rzecz ochrony zdrowia Ormian, dzia\u0142anie s\u0142u\u017c\u0105ce wyr\u00f3wnaniu szans na leczenie i ochron\u0119 zdrowia Ormian, dost\u0119pno\u015bci do leczenia ormia\u0144skiej mniejszo\u015bci narodowej w Polsce oraz Ormian za granicami Rzeczypospolitej, opieka i pomoc spo\u0142eczna na rzecz Ormian w Polsce i za granic\u0105.\u003Cbr \/\u003E\r\n","field_kod_pocztowy_i7":"10-075","field_miejscowosc_i7":"Olsztyn","field_ulica_i7":"Okopowa","field_nr_budynku_i7":"18","field_nr_lokalu_i7":"-","field_reprezentacja_stowarzyszen":"Przedstawiciel: \u003Cbr \/\u003E\r\nArtur Manukyan\u003Cbr \/\u003E\r\n","field_organ_kontroli_wewnetrznej":"-","field_status_organizacji_pozytku":"-","field_przeksztalcenie_lub_rozwia":"-","field_likwidator_stowarzyszenia_":"-","field_zastosowanie_wobec_stowarz":"-","field_teren_dzialania_stowarzysz":"Miasto Olsztyn","field_srodki_dzialania_stowarzys":"-   Inicjowanie, organizowanie i popieranie przedsi\u0119wzi\u0119\u0107 popularyzatorskich, kulturalnych, naukowych, turystycznych, gospodarczych i handlowych.\u003Cbr \/\u003E\r\n- Wsp\u00f3\u0142prac\u0119 z instytucjami pa\u0144stwowymi i organizacjami spo\u0142ecznymi dzia\u0142aj\u0105cymi na terytorium Rzeczypospolitej Polskiej, Republiki Armenii oraz innych pa\u0144stw.\u003Cbr \/\u003E\r\n - Gromadzenie \u015brodk\u00f3w finansowych na ich realizacj\u0119.\u003Cbr \/\u003E\r\n- Udzia\u0142 w programach finansowych ze \u015brodk\u00f3w zewn\u0119trznych (prywatnych lub publicznych), kt\u00f3rych zakres jest zbie\u017cny z celami Stowarzyszenia.\u015awiadczenie pomocy doradczej.\u003Cbr \/\u003E\r\n- Wsp\u00f3\u0142prac\u0119 z instytucjami pa\u0144stwowymi i organizacjami spo\u0142ecznymi dzia\u0142aj\u0105cymi na terenie Rzeczypospolitej,, Republiki Armenii oraz innych pa\u0144stw.\u003Cbr \/\u003E\r\n- Organizowanie i prowadzenie szkole\u0144 i konferencji oraz innych podobnych przedsi\u0119wzi\u0119\u0107.\u003Cbr \/\u003E\r\n- Wydawanie ksi\u0105\u017cek i biuletyn\u00f3w zwi\u0105zanych z dzia\u0142alno\u015bci\u0105 Stowarzyszenia.\u003Cbr \/\u003E\r\n- Prowadzenie dzia\u0142alno\u015bci edukacyjnej i informacyjnej.\u003Cbr \/\u003E\r\n- Udzielanie pomocy finansowej, rzeczowej, intelektualnej.\u003Cbr \/\u003E\r\n- Organizowanie wycieczek krajowych i zagranicznych.\u003Cbr \/\u003E\r\n- Organizowanie wymian mi\u0119dzynarodowych.\u003Cbr \/\u003E\r\n- Organizowanie koncert\u00f3w, wspieranie wydawania projekt\u00f3w muzycznych, filmowych.\u003Cbr \/\u003E\r\n","field_uwagi_i7":"-"},{"field_numer_kolejny_w_ewidencji":"20\/2018","title":"\u003Ca href=\u0022\/stowarzyszenie-zwykle\/stowarzyszenie-sa-wolniejsi-1084474\u0022 hreflang=\u0022pl\u0022\u003ESTOWARZYSZENIE  \u201eS\u0104 WOLNIEJSI\u201d\u003C\/a\u003E","field_daty_wpisow_do_ewidencji":"\u003Ctime datetime=\u00222018-01-08T12:00:00Z\u0022 class=\u0022datetime\u0022\u003E2018-01-08\u003C\/time\u003E\n","field_cel_cele_dzialania_stowarz":"- promocja i upowszechnianie biegania jako najprostszej formy ruchu;\u003Cbr \/\u003E\r\n- organizacja imprez biegowych, w tym bieg\u00f3w ulicznych i prze\u0142ajowych oraz cyklicznych spotka\u0144 biegowych o charakterze sportowo-rekreacyjnym;\u003Cbr \/\u003E\r\n-  uczestnictwo w imprezach sportowych organizowanych na obszarze ca\u0142ego kraju, \u003Cbr \/\u003E\r\na tak\u017ce poza jego granicami;\u003Cbr \/\u003E\r\n- promocja aktywnego i zdrowego stylu \u017cycia;\u003Cbr \/\u003E\r\n- kszta\u0142towanie pozytywnych cech charakteru i osobowo\u015bci poprzez uczestnictwo \u003Cbr \/\u003E\r\nw realizacji zada\u0144 sportowych Stowarzyszenia; \u003Cbr \/\u003E\r\n-  przeciwdzia\u0142anie patologiom spo\u0142ecznym w rodzinie i szkole, tj. chuliga\u0144stwu, alkoholizmowi, narkomanii, poprzez promowanie prozdrowotnej postawy; \u003Cbr \/\u003E\r\n-  inspirowanie r\u00f3\u017cnych \u015brodowisk do tworzenia warunk\u00f3w dla zapewnienia prawid\u0142owego rozwoju psychofizycznego dzieci i m\u0142odzie\u017cy;\u003Cbr \/\u003E\r\n- promocja aktywno\u015bci fizycznej os\u00f3b niepe\u0142nosprawnych;\u003Cbr \/\u003E\r\n-  promocja miasta Olsztyna i powiatu olszty\u0144skiego;\u003Cbr \/\u003E\r\n- utrzymywanie wi\u0119zi kole\u017ce\u0144skiej w\u015br\u00f3d cz\u0142onk\u00f3w.\u003Cbr \/\u003E\r\n","field_kod_pocztowy_i7":"10 - 084 ","field_miejscowosc_i7":"Olsztyn","field_ulica_i7":"Aleja Warszawska","field_nr_budynku_i7":"82","field_nr_lokalu_i7":"15","field_reprezentacja_stowarzyszen":"Tomasz  Hermann - prezes Zarz\u0105du\u003Cbr \/\u003E\r\n Magdalena J\u0119drzejak - Wiceprezeska       Zarz\u0105du\u003Cbr \/\u003E\r\n  Miros\u0142aw Mikita - Sekretarz Zarz\u0105du\u003Cbr \/\u003E\r\n\u003Cbr \/\u003E\r\nZgodnie z Regulaminem, \u003Cbr \/\u003E\r\nRozdzia\u0142 25, \u00a7 25, pkt. 3:\u003Cbr \/\u003E\r\nDo reprezentacji w imieniu Stowarzyszenia uprawniony jest ka\u017cdy z Cz\u0142onk\u00f3w Zarz\u0105du dzia\u0142aj\u0105cy samodzielnie, natomiast do zaci\u0105gania zobowi\u0105za\u0144 maj\u0105tkowych, w tym zawierania um\u00f3w, udzielania pe\u0142nomocnictw, uprawnionych jest dw\u00f3ch Cz\u0142onk\u00f3w Zarz\u0105du dzia\u0142aj\u0105cych \u0142\u0105cznie,\u003Cbr \/\u003E\r\n w tym Prezes lub Wiceprezes i Sekretarz. Decyzje w sprawie nabywania, zbywania i obci\u0105\u017cania maj\u0105tku Stowarzyszenia podejmuje Walne Zebranie\u003Cbr \/\u003E\r\n","field_organ_kontroli_wewnetrznej":"-","field_status_organizacji_pozytku":"-","field_przeksztalcenie_lub_rozwia":"-","field_likwidator_stowarzyszenia_":"-","field_zastosowanie_wobec_stowarz":"-","field_teren_dzialania_stowarzysz":"obszar Rzeczpospolitej Polskiej","field_srodki_dzialania_stowarzys":"organizowanie wsp\u00f3lnych trening\u00f3w i spotka\u0144 biegowych;\u003Cbr \/\u003E\r\n organizowanie oraz wspieranie organizacji imprez biegowych na terenie Olsztyna\u003Cbr \/\u003E\r\n i powiatu olszty\u0144skiego;\u003Cbr \/\u003E\r\nprowadzenie dzia\u0142a\u0144 integruj\u0105cych \u015brodowisko biegaczy;\u003Cbr \/\u003E\r\npodejmowanie inicjatyw budowy \u015bcie\u017cek biegowych;\u003Cbr \/\u003E\r\npromowanie miasta Olsztyna i powiatu olszty\u0144skiego, poprzez uczestnictwo \u003Cbr \/\u003E\r\nw licznych imprezach biegowych na terenie kraju i poza jego granicami;\u003Cbr \/\u003E\r\n promowanie akcji \u201eBieg na 6 \u0142ap\u201d;\u003Cbr \/\u003E\r\norganizowanie wyjazd\u00f3w dla cz\u0142onk\u00f3w Stowarzyszenia na imprezy sportowo-rekreacyjne na terenie kraju i za granic\u0105, po\u0142\u0105czonych z reprezentacj\u0105 cz\u0142onk\u00f3w klubu na zawodach;\u003Cbr \/\u003E\r\nwypowiadanie si\u0119 w sprawach publicznych, zwi\u0105zanych z celami stowarzyszenia;\u003Cbr \/\u003E\r\nwsp\u00f3\u0142praca z w\u0142adzami samorz\u0105dowymi, pa\u0144stwowymi, sektorem gospodarczym, \u015brodkami masowego przekazu zainteresowanymi rozwojem sportu i spo\u0142ecze\u0144stwa obywatelskiego;\u003Cbr \/\u003E\r\n wsp\u00f3\u0142prac\u0119 z innymi instytucjami o podobnych celach; \u003Cbr \/\u003E\r\nprowadzenie strony internetowej Stowarzyszenia;\u003Cbr \/\u003E\r\ndzia\u0142ania marketingowo \u2013 promocyjne.\u003Cbr \/\u003E\r\n","field_uwagi_i7":"-"},{"field_numer_kolejny_w_ewidencji":"22\/2018","title":"\u003Ca href=\u0022\/stowarzyszenie-zwykle\/stowarzyszenie-ekspolracyjne-historyczno-astronomiczne-medalion-1084475\u0022 hreflang=\u0022pl\u0022\u003ESTOWARZYSZENIE  EKSPOLRACYJNE HISTORYCZNO - ASTRONOMICZNE \u201eMEDALION\u201d\u003C\/a\u003E","field_daty_wpisow_do_ewidencji":"\u003Ctime datetime=\u00222018-05-18T12:00:00Z\u0022 class=\u0022datetime\u0022\u003E2018-05-18\u003C\/time\u003E\n","field_cel_cele_dzialania_stowarz":"- popularyzacja historii Rzeczpospolitej w szczeg\u00f3lno\u015bci historii Warmii i Mazur.\u003Cbr \/\u003E\r\n- popularyzacja warto\u015bci patriotycznych\u003Cbr \/\u003E\r\n- popularyzacja wiedzy z zakresu astronomii, meteorytyki oraz paleontologii w\u015br\u00f3d dzieci, m\u0142odzie\u017cy i doros\u0142ych\u003Cbr \/\u003E\r\n.\u003Cbr \/\u003E\r\n","field_kod_pocztowy_i7":"10 - 084 ","field_miejscowosc_i7":"Olsztyn","field_ulica_i7":"ul. Warszawska","field_nr_budynku_i7":"66","field_nr_lokalu_i7":"33","field_reprezentacja_stowarzyszen":"przedstawiciel :\u003Cbr \/\u003E\r\nMaciej Sadowski \u003Cbr \/\u003E\r\n  \u003Cbr \/\u003E\r\n\u003Cbr \/\u003E\r\n Regulamin, pkt 21,: Do zakresu dzia\u0142ania Przedstawiciela nale\u017cy : 1) reprezentowanie stowarzyszenia na zewn\u0105trz; 2) \u003Cbr \/\u003E\r\nzarz\u0105dzanie maj\u0105tkiem stowarzyszenia,\u003Cbr \/\u003E\r\n pkt 22: Podj\u0119cie przez przedstawiciela stowarzyszenia decyzji przekraczaj\u0105cej uprawnienia zwyk\u0142ego zarz\u0105du wymaga zgody wszystkich cz\u0142onk\u00f3w stowarzyszenia.\u003Cbr \/\u003E\r\n\u003Cbr \/\u003E\r\n","field_organ_kontroli_wewnetrznej":"-","field_status_organizacji_pozytku":"-","field_przeksztalcenie_lub_rozwia":"-","field_likwidator_stowarzyszenia_":"-","field_zastosowanie_wobec_stowarz":"-","field_teren_dzialania_stowarzysz":"obszar Rzeczpospolitej Polskiej","field_srodki_dzialania_stowarzys":"- popularyzacj\u0119 wiedzy historycznej i kultury Rzeczpospolitej w\u015br\u00f3d m\u0142odzie\u017cy \u003Cbr \/\u003E\r\ni doros\u0142ych poprzez prelekcj\u0119, eventy historyczne itd.\u003Cbr \/\u003E\r\n\u003Cbr \/\u003E\r\n- sta\u0142\u0105 wsp\u00f3\u0142prac\u0119 z Wojew\u00f3dzkim Konserwatorem Zabytk\u00f3w w Olsztynie;\u003Cbr \/\u003E\r\n- sta\u0142\u0105 wsp\u00f3\u0142prac\u0119 z Olszty\u0144skim Planetarium i Obserwatorium Astronomicznym w Olsztynie;\u003Cbr \/\u003E\r\n- sta\u0142\u0105 wsp\u00f3\u0142prac\u0105 z Polskim towarzystwem Meteorytowym w Sosnowcu;\u003Cbr \/\u003E\r\n\u003Cbr \/\u003E\r\n- wsp\u00f3\u0142prac\u0119 z instytucjami i osobami o podobnych zainteresowaniach i celach.\u003Cbr \/\u003E\r\n","field_uwagi_i7":"Pierwsza nazwa Stowarzyszenia OLSZTY\u0143SKIE STOWARZYSZENIE SPO\u0141ECZNIE HISTORYCZNO - EKSPOLRACYJNE \u201eMEDALION\u201d"},{"field_numer_kolejny_w_ewidencji":"23\/2018","title":"\u003Ca href=\u0022\/stowarzyszenie-zwykle\/stowarzyszenie-stowarzyszenie-platforma-pomocy-poszkodowanym-1084476\u0022 hreflang=\u0022pl\u0022\u003ESTOWARZYSZENIE   STOWARZYSZENIE - PLATFORMA POMOCY POSZKODOWANYM\u003C\/a\u003E","field_daty_wpisow_do_ewidencji":"\u003Ctime datetime=\u00222018-06-25T12:00:00Z\u0022 class=\u0022datetime\u0022\u003E2018-06-25\u003C\/time\u003E\n","field_cel_cele_dzialania_stowarz":"- Pog\u0142\u0119bianie \u015bwiadomo\u015bci prawnej spo\u0142ecze\u0144stwa.\u003Cbr \/\u003E\r\n- Pomoc osobom poszkodowanym w dochodzeniu odszkodowa\u0144, w tym: z tytu\u0142u doznanego uszczerbku na zdrowiu w wyniku zdarze\u0144 medycznych, b\u0142\u0119d\u00f3w w sztuce lekarskiej, nieprawid\u0142owych procedur medycznych,  z wypadk\u00f3w komunikacyjnych, odszkodowa\u0144 z innych tytu\u0142\u00f3w.\u003Cbr \/\u003E\r\n- Pomoc osobom poszkodowanym przez instytucje bankowe oraz parabankowe.\u003Cbr \/\u003E\r\n- Udzia\u0142 w post\u0119powaniach administracyjnych lub s\u0105dowych na prawach strony w oparciu o przepis art. 31 ustawy z dnia 14 czerwca 1960 r. Kodeks post\u0119powania administracyjnego \u003Cbr \/\u003E\r\npolegaj\u0105cy na: prezentowaniu stanowisk oraz sk\u0142adaniu wniosk\u00f3w zgodnie z oczekiwaniami pasa\u017cer\u00f3w \u003Cbr \/\u003E\r\ni lokalnej spo\u0142eczno\u015bci, organom administracji publicznej w zakresie proponowanej sieci po\u0142\u0105cze\u0144 komunikacyjnych, uczestnictwo na prawach strony w post\u0119powaniach administracyjnych dotycz\u0105cych wydania licencji oraz zezwole\u0144 na dan\u0105 lini\u0119 komunikacyjn\u0105.\u003Cbr \/\u003E\r\n-  Udzia\u0142 na prawach strony w post\u0119powaniach szeroko rozumianych, w tym w post\u0119powaniach administracyjnych lub s\u0105dowych innych ni\u017c wymienione, uzasadnionych celami Stowarzyszenia oraz interesem spo\u0142ecznym.\u003Cbr \/\u003E\r\n-  Promocja i popieranie inicjatyw wspieraj\u0105cych ochron\u0119 os\u00f3b poszkodowanych.\u003Cbr \/\u003E\r\n-  Upowszechnianie i ochrona wolno\u015bci i praw cz\u0142owieka oraz swob\u00f3d obywatelskich.","field_kod_pocztowy_i7":"10 - 552 ","field_miejscowosc_i7":"Olsztyn","field_ulica_i7":"Ko\u015bciuszki","field_nr_budynku_i7":"84D","field_nr_lokalu_i7":"5","field_reprezentacja_stowarzyszen":"przedstawiciel :\u003Cbr \/\u003E\r\nJakub Przym\u0119cki\u003Cbr \/\u003E\r\n\u003Cbr \/\u003E\r\n Zgodnie z Regulaminem, Rozdzia\u0142 25, \u00a7 25, pkt. 3:\u003Cbr \/\u003E\r\nDo reprezentacji w imieniu Stowarzyszenia uprawniony jest ka\u017cdy z Cz\u0142onk\u00f3w Zarz\u0105du dzia\u0142aj\u0105cy samodzielnie, natomiast do zaci\u0105gania zobowi\u0105za\u0144 maj\u0105tkowych, w tym zawierania um\u00f3w, udzielania pe\u0142nomocnictw, uprawnionych jest dw\u00f3ch Cz\u0142onk\u00f3w Zarz\u0105du dzia\u0142aj\u0105cych \u0142\u0105cznie,\u003Cbr \/\u003E\r\n w tym Prezes lub Wiceprezes i Sekretarz. Decyzje w sprawie nabywania, zbywania i obci\u0105\u017cania maj\u0105tku Stowarzyszenia podejmuje Walne Zebranie.","field_organ_kontroli_wewnetrznej":"-","field_status_organizacji_pozytku":"-","field_przeksztalcenie_lub_rozwia":"-","field_likwidator_stowarzyszenia_":"-","field_zastosowanie_wobec_stowarz":"-","field_teren_dzialania_stowarzysz":"obszar Rzeczpospolitej Polskiej","field_srodki_dzialania_stowarzys":"Udzielanie nieodp\u0142atnych porad prawnych,\u003Cbr \/\u003E\r\n- Dy\u017cury prawnicze w kt\u00f3rych b\u0119d\u0105 uczestniczy\u0107 cz\u0142onkowie Stowarzyszenia oraz prawnicy zaproszeni do wzi\u0119cia udzia\u0142u w tej formie pomocy spo\u0142ecznej,\u003Cbr \/\u003E\r\n- Sk\u0142adanie skarg i wniosk\u00f3w do organ\u00f3w pa\u0144stwowych oraz organ\u00f3w samorz\u0105du terytorialnego \u003Cbr \/\u003E\r\nw imieniu os\u00f3b pokrzywdzonych, poszkodowanych albo w imieniu w\u0142asnym.\u003Cbr \/\u003E\r\n- Reprezentowanie interes\u00f3w i praw os\u00f3b pokrzywdzonych lub poszkodowanych przed instytucjami, organami administracji publicznej oraz innymi podmiotami, w tym udzia\u0142 w post\u0119powaniach administracyjnych lub s\u0105dowych na prawach strony w oparciu o przepis art. 31 ustawy \u003Cbr \/\u003E\r\nz dnia 14 czerwca 1960 r. Kodeks post\u0119powania administracyjnego \u003Cbr \/\u003E\r\n- Wsp\u00f3\u0142dzia\u0142anie z innymi organizacjami, instytucjami, podmiotami w celu zapewnienia pomocy prawnej osobom poszkodowanym.\u003Cbr \/\u003E\r\n- Stowarzyszenie mo\u017ce posi\u0142kowa\u0107 si\u0119 pomoc\u0105 kancelarii prawnych, kt\u00f3re zostan\u0105 zaproszone \u003Cbr \/\u003E\r\ndo wsp\u00f3\u0142pracy w celu \u015bwiadczenia pomocy osobom poszkodowanym.\u003Cbr \/\u003E\r\n- Inne dzia\u0142ania realizuj\u0105ce cele regulaminowe Stowarzyszenia","field_uwagi_i7":"-"},{"field_numer_kolejny_w_ewidencji":"24\/2018","title":"\u003Ca href=\u0022\/stowarzyszenie-zwykle\/stowarzyszenie-pro-eko-1084477\u0022 hreflang=\u0022pl\u0022\u003ESTOWARZYSZENIE PRO - EKO\u003C\/a\u003E","field_daty_wpisow_do_ewidencji":"\u003Ctime datetime=\u00222018-07-19T12:00:00Z\u0022 class=\u0022datetime\u0022\u003E2018-07-19\u003C\/time\u003E\n","field_cel_cele_dzialania_stowarz":"Rozwijanie i propagowanie inicjatyw, postaw i dzia\u0142a\u0144 maj\u0105cych na celu ochron\u0119 \u015brodowiska naturalnego, zw\u0142aszcza rzek wojew\u00f3dztwa Warmi\u0144sko - Mazurskiego oraz przyczynianie si\u0119 do  stosowania zasady zr\u00f3wnowa\u017conego rozwoju w istniej\u0105cych lub przewidywanych przedsi\u0119wzi\u0119ciach mog\u0105cych wp\u0142ywa\u0107 na sta stan \u015brodowiska naturalnego.","field_kod_pocztowy_i7":"Ul. Pieni\u0119\u017cnego 18, 10-512 Olsztyn","field_miejscowosc_i7":"Olsztyn","field_ulica_i7":"Ko\u0142\u0142\u0105taja","field_nr_budynku_i7":"18","field_nr_lokalu_i7":"-","field_reprezentacja_stowarzyszen":"przedstawiciel :\u003Cbr \/\u003E\r\n   Wac\u0142aw Kondratowicz\u003Cbr \/\u003E\r\n","field_organ_kontroli_wewnetrznej":"-","field_status_organizacji_pozytku":"-","field_przeksztalcenie_lub_rozwia":"-","field_likwidator_stowarzyszenia_":"-","field_zastosowanie_wobec_stowarz":"-","field_teren_dzialania_stowarzysz":"wojew\u00f3dztwo warmi\u0144sko - mazurskie","field_srodki_dzialania_stowarzys":"analizowanie stanu \u015brodowiska i jego zagro\u017ce\u0144;\u003Cbr \/\u003E\r\n-dzia\u0142ania edukacyjne i informacyjne na rzecz cz\u0142onk\u00f3w i \u015brodowisk lokalnych;\u003Cbr \/\u003E\r\n-  inicjowanie post\u0119powa\u0144 w sprawach mog\u0105cych wp\u0142ywa\u0107 na stan \u015brodowiska;\u003Cbr \/\u003E\r\n-  udzia\u0142 w tocz\u0105cych si\u0119 post\u0119powaniach w sprawach mog\u0105cych mie\u0107 wp\u0142yw na stan \u015brodowiska;\u003Cbr \/\u003E\r\n-  wsp\u00f3\u0142prac\u0119 z innymi organizacjami.\u003Cbr \/\u003E\r\n","field_uwagi_i7":"-"},{"field_numer_kolejny_w_ewidencji":"27\/2018","title":"\u003Ca href=\u0022\/stowarzyszenie-zwykle\/stowarzyszenie-wspolny-olsztyn-1084485\u0022 hreflang=\u0022pl\u0022\u003ESTOWARZYSZENIE WSP\u00d3LNY OLSZTYN\u003C\/a\u003E","field_daty_wpisow_do_ewidencji":"\u003Ctime datetime=\u00222018-12-28T12:00:00Z\u0022 class=\u0022datetime\u0022\u003E2018-12-28\u003C\/time\u003E\n","field_cel_cele_dzialania_stowarz":"-zagwarantowanie mieszka\u0144com i mieszkankom prawa do miasta, kt\u00f3re oznacza prawo do korzystania z zasob\u00f3w miasta, prawo do wsp\u00f3\u0142decydowania o najwa\u017cniejszych sprawach miasta oraz jego mieszka\u0144c\u00f3w i mieszkanek;\u003Cbr \/\u003E\r\n- budowanie demokracji miejskiej, czyli ci\u0105g\u0142ej partycypacji mieszka\u0144c\u00f3w i mieszkanek w realnym podejmowaniu decyzji o mie\u015bcie, opartej na edukacji obywatelskiej;\u003Cbr \/\u003E\r\n- zwi\u0119kszanie wp\u0142ywu mieszka\u0144c\u00f3w i mieszkanek na bud\u017cet miasta oraz prowadzenie dialogu obywatelskiego w procesie jego realizacji;\u003Cbr \/\u003E\r\n- dzia\u0142ania maj\u0105ce na celu wytworzenie lub przywr\u00f3cenie miastu i jego mieszka\u0144com przestrzeni, kt\u00f3re maj\u0105 sprzyja\u0107 podejmowaniu r\u00f3\u017cnorodnych aktywno\u015bci przez mieszka\u0144c\u00f3w, jak te\u017c osoby odwiedzaj\u0105ce miasto, pozytywnie wp\u0142ywa\u0107 na jako\u015b\u0107 \u017cycia;\u003Cbr \/\u003E\r\n- promowanie idei i praktycznych rozwi\u0105za\u0144 w dziedzinie zr\u00f3wnowa\u017conego transportu, opieraj\u0105cego si\u0119 na systemie powszechnie dost\u0119pnej komunikacji publicznej oraz ruchu pieszego i rowerowego zmniejszaj\u0105cego rol\u0119 transportu samochodowego;\u003Cbr \/\u003E\r\n- wspieranie i kszta\u0142towanie lider\u00f3w i liderek spo\u0142ecznych, samorz\u0105dowych  \u003Cbr \/\u003E\r\ni gospodarczych;\u003Cbr \/\u003E\r\n- inicjowanie i wspieranie uczestnictwa mieszka\u0144c\u00f3w i mieszkanek w \u017cyciu publicznym;\u003Cbr \/\u003E\r\n- wspieranie grup mniejszo\u015bciowych i marginalizowanych; \u003Cbr \/\u003E\r\n- dzia\u0142anie na rzecz jako\u015bci, statusu i dost\u0119pno\u015bci kultury; \u003Cbr \/\u003E\r\n- dzia\u0142ania w obszarze edukacji;\u003Cbr \/\u003E\r\n- dzia\u0142ania ekologiczne, ochrona d\u00f3br naturalnych i praw zwierz\u0105t;\u003Cbr \/\u003E\r\n- dzia\u0142ania na rzecz kreowania przedsi\u0119biorczo\u015bci i innowacyjno\u015bci w mie\u015bcie\u003Cbr \/\u003E\r\n","field_kod_pocztowy_i7":"10 - 257 ","field_miejscowosc_i7":"Olsztyn","field_ulica_i7":"Moniuszki","field_nr_budynku_i7":"12","field_nr_lokalu_i7":"4","field_reprezentacja_stowarzyszen":"Imiona i nazwiska cz\u0142onk\u00f3w Zarz\u0105du:\u003Cbr \/\u003E\r\n Miros\u0142aw Arczak - przewodnicz\u0105cy\u003Cbr \/\u003E\r\n   Aleksandra Drza\u0142 - Sierocka - wsp\u00f3\u0142przewodnicz\u0105ca\u003Cbr \/\u003E\r\n   Borys Zadorecki - wsp\u00f3\u0142przewodnicz\u0105cy\u003Cbr \/\u003E\r\n\u003Cbr \/\u003E\r\nZgodnie z  \u00a7 16 Regulaminu, dla wa\u017cno\u015bci  o\u015bwiadcze\u0144 woli, w tym   \u003Cbr \/\u003E\r\n zaci\u0105gania zobowi\u0105za\u0144 maj\u0105tkowych wymagane jest wsp\u00f3\u0142dzia\u0142anie dw\u00f3ch  cz\u0142onk\u00f3w\/ cz\u0142onki\u0144 zarz\u0105du\u003Cbr \/\u003E\r\n\u003Cbr \/\u003E\r\n","field_organ_kontroli_wewnetrznej":"-","field_status_organizacji_pozytku":"-","field_przeksztalcenie_lub_rozwia":"-","field_likwidator_stowarzyszenia_":"-","field_zastosowanie_wobec_stowarz":"-","field_teren_dzialania_stowarzysz":"obszar Rzeczpospolitej Polskiej","field_srodki_dzialania_stowarzys":"-  powo\u0142ywanie lub wspieranie powstawania grup roboczych przy Stowarzyszeniu;\u003Cbr \/\u003E\r\n- organizowanie konferencji, seminari\u00f3w, warsztat\u00f3w, spotka\u0144 dyskusyjnych i wyjazd\u00f3w studyjnych, w tym zagranicznych;\u003Cbr \/\u003E\r\n- samodzielne lub \u0142\u0105czne z innymi podmiotami prowadzenie projekt\u00f3w i dzia\u0142a\u0144 realizuj\u0105cych cele Stowarzyszenia, w tym kampanii oraz bada\u0144 spo\u0142ecznych;\u003Cbr \/\u003E\r\n- organizowanie imprez, koncert\u00f3w, gal, konkurs\u00f3w i innych przedsi\u0119wzi\u0119\u0107 maj\u0105cych na celu promocj\u0119 dzia\u0142alno\u015bci statutowej Stowarzyszenia;\u003Cbr \/\u003E\r\n- dzia\u0142alno\u015b\u0107 wydawnicz\u0105 oraz medialn\u0105 w zakresie wszystkich dost\u0119pnych \u015brodk\u00f3w masowego przekazu oraz masowego komunikowania;\u003Cbr \/\u003E\r\n- wymian\u0119 i edukacj\u0119 kulturaln\u0105;\u003Cbr \/\u003E\r\n- wsp\u00f3\u0142prac\u0119 mi\u0119dzyregionaln\u0105 i mi\u0119dzynarodow\u0105 z innymi osobami i podmiotami;\u003Cbr \/\u003E\r\n- wsp\u00f3\u0142prac\u0119 ze szko\u0142ami, uczelniami wy\u017cszymi;\u003Cbr \/\u003E\r\n- wsp\u00f3\u0142prac\u0119 z samorz\u0105dami, mediami i organizacjami pozarz\u0105dowymi;\u003Cbr \/\u003E\r\n- wsp\u00f3\u0142prac\u0119 z podmiotami prowadz\u0105cymi dzia\u0142alno\u015b\u0107 zbie\u017cn\u0105 z celami Stowarzyszenia;\u003Cbr \/\u003E\r\n- wsp\u00f3\u0142prac\u0119 z osobami fizycznymi wykazuj\u0105cymi zainteresowanie celami Stowarzyszenia;\u003Cbr \/\u003E\r\n-  tworzenie sieci i narz\u0119dzi s\u0142u\u017c\u0105cych rozwojowi partnerstw wspieraj\u0105cych dzia\u0142alno\u015b\u0107 statutow\u0105 Stowarzyszenia, w tym zagranicznych;\u003Cbr \/\u003E\r\n- pozyskiwanie \u015brodk\u00f3w finansowych i rzeczowych oraz us\u0142ug wspomagaj\u0105cych dzia\u0142ania zgodnie ze statutowymi celami Stowarzyszenia;\u003Cbr \/\u003E\r\n- inne dzia\u0142ania zmierzaj\u0105ce do realizacji cel\u00f3w Stowarzyszenia.\u003Cbr \/\u003E\r\n","field_uwagi_i7":"-"}]