[{"title":"\u003Ca href=\u0022\/miejska-jednostka-organizacyjna-miasta-olsztyna\/olsztynskie-mienie-miejskie-sp-z-o-o-w-olsztynie-0\u0022 hreflang=\u0022pl\u0022\u003EOlszty\u0144skie Mienie Miejskie Sp. z o. o. w Olsztynie\u003C\/a\u003E","field_kierownik_jednostki":"Zbigniew Godlewski - Prezes Zarz\u0105du","field_numer_telefonu":"725190971","field_identyfikator_epuap":"AE:PL-74446-17734-WDBHU-20","field_adres_bip":"\u003Ca href=\u0022https:\/\/bip.omm.olsztyn.pl\/\u0022\u003Ehttps:\/\/bip.omm.olsztyn.pl\/\u003C\/a\u003E","field_adres_strony_internetowe5":"\u003Ca href=\u0022https:\/\/omm.olsztyn.pl\/\u0022\u003Ehttps:\/\/omm.olsztyn.pl\/\u003C\/a\u003E"},{"title":"\u003Ca href=\u0022\/miejska-jednostka-organizacyjna-miasta-olsztyna\/olsztynskie-centrum-uslug-wspolnych-1070852\u0022 hreflang=\u0022pl\u0022\u003EOlszty\u0144skie Centrum Us\u0142ug Wsp\u00f3lnych \u003C\/a\u003E","field_kierownik_jednostki":"Aneta Terlikowska-Kuchta","field_numer_telefonu":" 89 50 60 760 ","field_identyfikator_epuap":"AE:PL-68497-72870-WSVBF-26","field_adres_bip":"\u003Ca href=\u0022https:\/\/bip-ocuw.olsztyn.eu\/\u0022\u003Ehttps:\/\/bip-ocuw.olsztyn.eu\/\u003C\/a\u003E","field_adres_strony_internetowe5":""},{"title":"\u003Ca href=\u0022\/miejska-jednostka-organizacyjna-miasta-olsztyna\/hala-olsztyn-spolka-z-oo-w-olsztynie-1070851\u0022 hreflang=\u0022pl\u0022\u003EHALA OLSZTYN Sp\u00f3\u0142ka z o.o.  w Olsztynie\u003C\/a\u003E","field_kierownik_jednostki":"Zbigniew Trzoska - Prezes Zarz\u0105du","field_numer_telefonu":"692 887 173","field_identyfikator_epuap":"","field_adres_bip":"","field_adres_strony_internetowe5":"\u003Ca href=\u0022\/%20https%3A\/\/hala.olsztyn.eu\/\u0022\u003E https:\/\/hala.olsztyn.eu\/\u003C\/a\u003E"},{"title":"\u003Ca href=\u0022\/miejska-jednostka-organizacyjna-miasta-olsztyna\/miejskie-przedsiebiorstwo-energetyki-cieplnej\u0022 hreflang=\u0022pl\u0022\u003EMiejskie Przedsi\u0119biorstwo Energetyki Cieplnej Sp\u00f3\u0142ka z o.o. w Olsztynie\u003C\/a\u003E","field_kierownik_jednostki":"Konrad Krzysztof Nowak","field_numer_telefonu":"89 524-05-34","field_identyfikator_epuap":"","field_adres_bip":"\u003Ca href=\u0022https:\/\/www.bip.mpec.olsztyn.pl\/\u0022\u003Ehttps:\/\/www.bip.mpec.olsztyn.pl\/\u003C\/a\u003E","field_adres_strony_internetowe5":"\u003Ca href=\u0022http:\/\/mpec.olsztyn.pl\/\u0022\u003Ehttp:\/\/mpec.olsztyn.pl\/\u003C\/a\u003E"},{"title":"\u003Ca href=\u0022\/miejska-jednostka-organizacyjna-miasta-olsztyna\/miejskie-przedsiebiorstwo-komunikacyjne-spolka-z-oo\u0022 hreflang=\u0022pl\u0022\u003EMiejskie Przedsi\u0119biorstwo Komunikacyjne Sp\u00f3\u0142ka z o.o. w Olsztynie\u003C\/a\u003E","field_kierownik_jednostki":"Jerzy Roman","field_numer_telefonu":"89 513-84-03","field_identyfikator_epuap":"\/MPK\/SkrytkaESP","field_adres_bip":"\u003Ca href=\u0022https:\/\/bip.mpkolsztyn.pl\/\u0022\u003Ehttps:\/\/bip.mpkolsztyn.pl\/\u003C\/a\u003E","field_adres_strony_internetowe5":"\u003Ca href=\u0022https:\/\/www.mpkolsztyn.pl\/\u0022\u003Ehttps:\/\/www.mpkolsztyn.pl\/\u003C\/a\u003E"},{"title":"\u003Ca href=\u0022\/miejska-jednostka-organizacyjna-miasta-olsztyna\/olsztynskie-towarzystwo-budownictwa-spolecznego-sp\u0022 hreflang=\u0022pl\u0022\u003EOlszty\u0144skie Towarzystwo Budownictwa Spo\u0142ecznego Sp. z o.o.\u003C\/a\u003E","field_kierownik_jednostki":"Bart\u0142omiej Olszewski","field_numer_telefonu":"89 524-15-00","field_identyfikator_epuap":"","field_adres_bip":"\u003Ca href=\u0022https:\/\/otbs.olsztyn.pl\/index.php\/home\/info\/bip\u0022\u003Ehttps:\/\/otbs.olsztyn.pl\/index.php\/home\/info\/bip\u003C\/a\u003E","field_adres_strony_internetowe5":"\u003Ca href=\u0022https:\/\/otbs.olsztyn.pl\/\u0022\u003Ehttps:\/\/otbs.olsztyn.pl\/\u003C\/a\u003E"},{"title":"\u003Ca href=\u0022\/miejska-jednostka-organizacyjna-miasta-olsztyna\/przedsiebiorstwo-wodociagow-i-kanalizacji-spolka-z\u0022 hreflang=\u0022pl\u0022\u003EPrzedsi\u0119biorstwo Wodoci\u0105g\u00f3w i Kanalizacji Sp\u00f3\u0142ka z o.o. w Olsztynie\u003C\/a\u003E","field_kierownik_jednostki":"Rados\u0142aw Zawadzki","field_numer_telefonu":"89 526-66-06","field_identyfikator_epuap":"","field_adres_bip":"\u003Ca href=\u0022http:\/\/bip.pwik.olsztyn.pl\/\u0022\u003Ehttp:\/\/bip.pwik.olsztyn.pl\/\u003C\/a\u003E","field_adres_strony_internetowe5":"\u003Ca href=\u0022https:\/\/pwik.olsztyn.pl\/\u0022\u003Ehttps:\/\/pwik.olsztyn.pl\/\u003C\/a\u003E"},{"title":"\u003Ca href=\u0022\/miejska-jednostka-organizacyjna-miasta-olsztyna\/zaklad-budynkow-komunalnych-spolka-z-oo-w-olsztynie\u0022 hreflang=\u0022pl\u0022\u003EZak\u0142ad Budynk\u00f3w Komunalnych Sp\u00f3\u0142ka z o.o. w Olsztynie\u003C\/a\u003E","field_kierownik_jednostki":"Marzena Fesnak","field_numer_telefonu":"89 526-65-10","field_identyfikator_epuap":"","field_adres_bip":"\u003Ca href=\u0022https:\/\/bip.zbk1.olsztyn.pl\/\u0022\u003Ehttps:\/\/bip.zbk1.olsztyn.pl\/\u003C\/a\u003E","field_adres_strony_internetowe5":"\u003Ca href=\u0022http:\/\/zbk1.olsztyn.pl\/\u0022\u003Ehttp:\/\/zbk1.olsztyn.pl\/\u003C\/a\u003E"},{"title":"\u003Ca href=\u0022\/miejska-jednostka-organizacyjna-miasta-olsztyna\/zaklad-gospodarki-odpadami-komunalnymi-spolka-z-oo\u0022 hreflang=\u0022pl\u0022\u003EZak\u0142ad Gospodarki Odpadami Komunalnymi Sp\u00f3\u0142ka z o.o. w Olsztynie\u003C\/a\u003E","field_kierownik_jednostki":"Mariusz Rychcik - Prezes Zarz\u0105du","field_numer_telefonu":"514 337 522","field_identyfikator_epuap":"","field_adres_bip":"\u003Ca href=\u0022http:\/\/zgok-olsztyn.bip.eur.pl\/public\/\u0022\u003Ehttp:\/\/zgok-olsztyn.bip.eur.pl\/public\/\u003C\/a\u003E","field_adres_strony_internetowe5":"\u003Ca href=\u0022http:\/\/zgok.olsztyn.pl\/\u0022\u003Ehttp:\/\/zgok.olsztyn.pl\/\u003C\/a\u003E"},{"title":"\u003Ca href=\u0022\/miejska-jednostka-organizacyjna-miasta-olsztyna\/centrum-integracji-spolecznej-w-olsztynie-382843\u0022 hreflang=\u0022pl\u0022\u003ECentrum Integracji Spo\u0142ecznej w Olsztynie\u003C\/a\u003E","field_kierownik_jednostki":"El\u017cbieta Kiernozek","field_numer_telefonu":"89 526-16-51","field_identyfikator_epuap":"\/cisolsztyn1\/SkrytkaESP","field_adres_bip":"\u003Ca href=\u0022http:\/\/olsztyn.cis.bip.waw.pl\/\u0022\u003Ehttp:\/\/olsztyn.cis.bip.waw.pl\/\u003C\/a\u003E","field_adres_strony_internetowe5":"\u003Ca href=\u0022https:\/\/cisolsztyn1.bip.gov.pl\u0022\u003Ehttps:\/\/cisolsztyn1.bip.gov.pl\u003C\/a\u003E"},{"title":"\u003Ca href=\u0022\/miejska-jednostka-organizacyjna-miasta-olsztyna\/zaklad-cmentarzy-komunalnych-w-olsztynie-382844\u0022 hreflang=\u0022pl\u0022\u003EZak\u0142ad Cmentarzy Komunalnych w Olsztynie\u003C\/a\u003E","field_kierownik_jednostki":"Zbigniew Kot","field_numer_telefonu":"89 526-97-02","field_identyfikator_epuap":"\/zckol\/SkrytkaESP","field_adres_bip":"\u003Ca href=\u0022http:\/\/zck.olsztyn.eu\/\u0022\u003Ehttp:\/\/zck.olsztyn.eu\/\u003C\/a\u003E","field_adres_strony_internetowe5":"\u003Ca href=\u0022http:\/\/zck.olsztyn.eu\/\u0022\u003Ehttp:\/\/zck.olsztyn.eu\/\u003C\/a\u003E"},{"title":"\u003Ca href=\u0022\/miejska-jednostka-organizacyjna-miasta-olsztyna\/zaklad-lokali-i-budynkow-komunalnych-w-olsztynie\u0022 hreflang=\u0022pl\u0022\u003EZak\u0142ad Lokali i Budynk\u00f3w Komunalnych w Olsztynie\u003C\/a\u003E","field_kierownik_jednostki":"Katarzyna Nieczepa","field_numer_telefonu":"89 533-36-26","field_identyfikator_epuap":"\/ZLiBK_Olsztyn\/SkrytkaESP","field_adres_bip":"\u003Ca href=\u0022https:\/\/zlibk_olsztyn.bip.gov.pl\/\u0022\u003Ehttps:\/\/zlibk_olsztyn.bip.gov.pl\/\u003C\/a\u003E","field_adres_strony_internetowe5":"\u003Ca href=\u0022https:\/\/zlibk.olsztyn.eu\/\u0022\u003Ehttps:\/\/zlibk.olsztyn.eu\/\u003C\/a\u003E"},{"title":"\u003Ca href=\u0022\/miejska-jednostka-organizacyjna-miasta-olsztyna\/miejski-szpital-zespolony-w-olsztynie-im-mikolaja\u0022 hreflang=\u0022pl\u0022\u003EMiejski Szpital Zespolony w Olsztynie im. Miko\u0142aja Kopernika\u003C\/a\u003E","field_kierownik_jednostki":"Beata Ostrzycka","field_numer_telefonu":"89 532-62-63","field_identyfikator_epuap":"\/SzpitalOlsztyn\/SkrytkaESP","field_adres_bip":"\u003Ca href=\u0022https:\/\/mszolsztyn.bip.gov.pl\/\u0022\u003Ehttps:\/\/mszolsztyn.bip.gov.pl\/\u003C\/a\u003E","field_adres_strony_internetowe5":"\u003Ca href=\u0022http:\/\/www.szpital.olsztyn.pl\/\u0022\u003Ehttp:\/\/www.szpital.olsztyn.pl\/\u003C\/a\u003E"},{"title":"\u003Ca href=\u0022\/miejska-jednostka-organizacyjna-miasta-olsztyna\/przychodnia-specjalistyczna-w-olsztynie-382847\u0022 hreflang=\u0022pl\u0022\u003EPrzychodnia Specjalistyczna w Olsztynie\u003C\/a\u003E","field_kierownik_jednostki":"p.o. Grzegorz Karpa","field_numer_telefonu":"89 537-32-75","field_identyfikator_epuap":"\/Przychodnia_Olsztyn\/SkrytkaESP","field_adres_bip":"\u003Ca href=\u0022http:\/\/bip.przychodniaspecjalistyczna.pl\/\u0022\u003Ehttp:\/\/bip.przychodniaspecjalistyczna.pl\/\u003C\/a\u003E","field_adres_strony_internetowe5":"\u003Ca href=\u0022https:\/\/przychodniaspecjalistyczna.pl\/\u0022\u003Ehttps:\/\/przychodniaspecjalistyczna.pl\/\u003C\/a\u003E"},{"title":"\u003Ca href=\u0022\/miejska-jednostka-organizacyjna-miasta-olsztyna\/szkola-podstawowa-nr-30-im-marii-zientary\u0022 hreflang=\u0022pl\u0022\u003ESzko\u0142a Podstawowa nr 30 im. Marii Zientary-Malewskiej w Olsztynie\u003C\/a\u003E","field_kierownik_jednostki":"Anna Staryk","field_numer_telefonu":"89 541-96-89","field_identyfikator_epuap":"\/SP_30_Olsztyn\/SkrytkaESP","field_adres_bip":"\u003Ca href=\u0022https:\/\/sp30olsztyn.bip.gov.pl\u0022\u003Ehttps:\/\/sp30olsztyn.bip.gov.pl\u003C\/a\u003E","field_adres_strony_internetowe5":"\u003Ca href=\u0022http:\/\/sp30.olsztyn.eu\u0022\u003Ehttp:\/\/sp30.olsztyn.eu\u003C\/a\u003E"},{"title":"\u003Ca href=\u0022\/miejska-jednostka-organizacyjna-miasta-olsztyna\/szkola-podstawowa-nr-33-im-funduszu-narodow\u0022 hreflang=\u0022pl\u0022\u003ESzko\u0142a Podstawowa nr 33 im. Funduszu Narod\u00f3w Zjednoczonych na Rzecz Dzieci UNICEF w Olsztynie\u003C\/a\u003E","field_kierownik_jednostki":"Edyta Agnieszka Balbuza-Szarota","field_numer_telefonu":"89 541-42-86","field_identyfikator_epuap":"\/SP33_olsztyn\/SkrytkaESP","field_adres_bip":"\u003Ca href=\u0022https:\/\/sp33_olsztyn.bip.gov.pl\/\u0022\u003Ehttps:\/\/sp33_olsztyn.bip.gov.pl\/\u003C\/a\u003E","field_adres_strony_internetowe5":"\u003Ca href=\u0022https:\/\/www.sp33.olsztyn.pl\/\u0022\u003Ehttps:\/\/www.sp33.olsztyn.pl\/\u003C\/a\u003E"},{"title":"\u003Ca href=\u0022\/miejska-jednostka-organizacyjna-miasta-olsztyna\/szkola-podstawowa-nr-34-im-jozefa-malewskiego-w\u0022 hreflang=\u0022pl\u0022\u003ESzko\u0142a Podstawowa nr 34 im. J\u00f3zefa Malewskiego w Olsztynie\u003C\/a\u003E","field_kierownik_jednostki":"Marek Stanis\u0142aw W\u0105sik","field_numer_telefonu":"89 541-29-62","field_identyfikator_epuap":"\/SP34Olsztyn\/SkrytkaESP","field_adres_bip":"\u003Ca href=\u0022https:\/\/sp34olsztyn.bip.gov.pl\/\u0022\u003Ehttps:\/\/sp34olsztyn.bip.gov.pl\/\u003C\/a\u003E","field_adres_strony_internetowe5":"\u003Ca href=\u0022https:\/\/sp34.olsztyn.pl\/\u0022\u003Ehttps:\/\/sp34.olsztyn.pl\/\u003C\/a\u003E"},{"title":"\u003Ca href=\u0022\/miejska-jednostka-organizacyjna-miasta-olsztyna\/swietlica-terapeutyczna-nr-1-w-olsztynie-382816\u0022 hreflang=\u0022pl\u0022\u003E\u015awietlica Terapeutyczna nr 1 w Olsztynie\u003C\/a\u003E","field_kierownik_jednostki":"Wies\u0142awa Gutowska","field_numer_telefonu":"89 535-75-00","field_identyfikator_epuap":"\/Swietlica\/SkrytkaESP","field_adres_bip":"\u003Ca href=\u0022http:\/\/bip-swietlica1.olsztyn.eu\/\u0022\u003Ehttp:\/\/bip-swietlica1.olsztyn.eu\/\u003C\/a\u003E","field_adres_strony_internetowe5":""},{"title":"\u003Ca href=\u0022\/miejska-jednostka-organizacyjna-miasta-olsztyna\/swietlica-terapeutyczna-nr-2-w-olsztynie-382817\u0022 hreflang=\u0022pl\u0022\u003E\u015awietlica Terapeutyczna nr 2 w Olsztynie\u003C\/a\u003E","field_kierownik_jednostki":"Dariusz Poniewozik","field_numer_telefonu":"89 541-94-07, 505-179-320","field_identyfikator_epuap":"\/ST2_Olsztyn\/SkrytkaESP","field_adres_bip":"\u003Ca href=\u0022http:\/\/bip-swietlica2.olsztyn.eu\/\u0022\u003Ehttp:\/\/bip-swietlica2.olsztyn.eu\/\u003C\/a\u003E","field_adres_strony_internetowe5":"\u003Ca href=\u0022http:\/\/swietlica.org\/\u0022\u003Ehttp:\/\/swietlica.org\/\u003C\/a\u003E"},{"title":"\u003Ca href=\u0022\/miejska-jednostka-organizacyjna-miasta-olsztyna\/zarzad-drog-zieleni-i-transportu-w-olsztynie-382818\u0022 hreflang=\u0022pl\u0022\u003EZarz\u0105d Dr\u00f3g Zieleni i Transportu w Olsztynie\u003C\/a\u003E","field_kierownik_jednostki":"Tomasz Krzyszto\u0144","field_numer_telefonu":"89 544-31-11","field_identyfikator_epuap":"\/zdzit_olsztyn\/SkrytkaESP","field_adres_bip":"\u003Ca href=\u0022https:\/\/bip.zdzit.olsztyn.eu\/\u0022\u003Ehttps:\/\/bip.zdzit.olsztyn.eu\/\u003C\/a\u003E","field_adres_strony_internetowe5":"\u003Ca href=\u0022https:\/\/www.zdzit.olsztyn.eu\/pl\/\u0022\u003Ehttps:\/\/www.zdzit.olsztyn.eu\/pl\/\u003C\/a\u003E"},{"title":"\u003Ca href=\u0022\/miejska-jednostka-organizacyjna-miasta-olsztyna\/zespol-placowek-specjalnych-w-olsztynie-382819\u0022 hreflang=\u0022pl\u0022\u003EZesp\u00f3\u0142 Plac\u00f3wek Specjalnych w Olsztynie\u003C\/a\u003E","field_kierownik_jednostki":"Izabela Daszkowska-D\u0105browska","field_numer_telefonu":"89 539-34-82","field_identyfikator_epuap":"\/ZPS_olsztyn\/SkrytkaESP","field_adres_bip":"\u003Ca href=\u0022http:\/\/bip-zps.olsztyn.eu\/\u0022\u003Ehttp:\/\/bip-zps.olsztyn.eu\/\u003C\/a\u003E","field_adres_strony_internetowe5":"\u003Ca href=\u0022https:\/\/zps.olsztyn.eu\/\u0022\u003Ehttps:\/\/zps.olsztyn.eu\/\u003C\/a\u003E"},{"title":"\u003Ca href=\u0022\/miejska-jednostka-organizacyjna-miasta-olsztyna\/zespol-szkolno-przedszkolny-nr-1-w-olsztynie-382820\u0022 hreflang=\u0022pl\u0022\u003EZesp\u00f3\u0142 Szkolno-Przedszkolny nr 1 w Olsztynie\u003C\/a\u003E","field_kierownik_jednostki":"Anna Sankowska","field_numer_telefonu":"89 523-87-31","field_identyfikator_epuap":"\/ZS-P1Olsztyn\/SkrytkaESP","field_adres_bip":"\u003Ca href=\u0022https:\/\/zs-p1olsztyn.bip.gov.pl\/\u0022\u003Ehttps:\/\/zs-p1olsztyn.bip.gov.pl\/\u003C\/a\u003E","field_adres_strony_internetowe5":"\u003Ca href=\u0022https:\/\/zs-p1.olsztyn.eu\/\u0022\u003Ehttps:\/\/zs-p1.olsztyn.eu\/\u003C\/a\u003E"},{"title":"\u003Ca href=\u0022\/miejska-jednostka-organizacyjna-miasta-olsztyna\/zespol-szkol-budowlanych-im-zolnierzy-armii\u0022 hreflang=\u0022pl\u0022\u003EZesp\u00f3\u0142 Szk\u00f3\u0142 Budowlanych im. \u017bo\u0142nierzy Armii Krajowej w Olsztynie\u003C\/a\u003E","field_kierownik_jednostki":"Lidia Daria Nowacka","field_numer_telefonu":"89 527-97-87","field_identyfikator_epuap":"\/zsb_olsztyn\/SkrytkaESP","field_adres_bip":"\u003Ca href=\u0022https:\/\/bipzsb.olsztyn.eu\u0022\u003Ehttps:\/\/bipzsb.olsztyn.eu\u003C\/a\u003E","field_adres_strony_internetowe5":"\u003Ca href=\u0022https:\/\/zsb.olsztyn.eu\u0022\u003Ehttps:\/\/zsb.olsztyn.eu\u003C\/a\u003E"},{"title":"\u003Ca href=\u0022\/miejska-jednostka-organizacyjna-miasta-olsztyna\/zespol-szkol-chemicznych-i-ogolnoksztalcacych-im\u0022 hreflang=\u0022pl\u0022\u003EZesp\u00f3\u0142 Szk\u00f3\u0142 Chemicznych i Og\u00f3lnokszta\u0142c\u0105cych im. J\u0119drzeja \u015aniadeckiego w Olsztynie\u003C\/a\u003E","field_kierownik_jednostki":"Iwona Godlewska","field_numer_telefonu":"89 533-18-55","field_identyfikator_epuap":"\/zschio-warm-maz\/SkrytkaESP","field_adres_bip":"\u003Ca href=\u0022https:\/\/bip.zschio.olsztyn.eu\/\u0022\u003Ehttps:\/\/bip.zschio.olsztyn.eu\/\u003C\/a\u003E","field_adres_strony_internetowe5":"\u003Ca href=\u0022https:\/\/zschio.olsztyn.eu\/\u0022\u003Ehttps:\/\/zschio.olsztyn.eu\/\u003C\/a\u003E"},{"title":"\u003Ca href=\u0022\/miejska-jednostka-organizacyjna-miasta-olsztyna\/zespol-szkol-ekonomiczno-handlowych-im-polakow-spod\u0022 hreflang=\u0022pl\u0022\u003EZesp\u00f3\u0142 Szk\u00f3\u0142 Ekonomiczno-Handlowych im. Polak\u00f3w spod Znaku Rod\u0142a w Olsztynie\u003C\/a\u003E","field_kierownik_jednostki":"Ma\u0142gorzata El\u017cbieta Pa\u0144czyk","field_numer_telefonu":"89 526-79-91","field_identyfikator_epuap":"\/zseh_olsztyn\/SkrytkaESP","field_adres_bip":"\u003Ca href=\u0022https:\/\/zseh.olsztyn.eu\/bip\/\u0022\u003Ehttps:\/\/zseh.olsztyn.eu\/bip\/\u003C\/a\u003E","field_adres_strony_internetowe5":"\u003Ca href=\u0022https:\/\/zseh.olsztyn.eu\/\u0022\u003Ehttps:\/\/zseh.olsztyn.eu\/\u003C\/a\u003E"},{"title":"\u003Ca href=\u0022\/miejska-jednostka-organizacyjna-miasta-olsztyna\/zespol-szkol-ekonomicznych-im-mikolaja-kopernika-w\u0022 hreflang=\u0022pl\u0022\u003EZesp\u00f3\u0142 Szk\u00f3\u0142 Ekonomicznych im. Miko\u0142aja Kopernika w Olsztynie\u003C\/a\u003E","field_kierownik_jednostki":"Stefan Procyk","field_numer_telefonu":"89 527-37-58","field_identyfikator_epuap":"\/EkonomikZSEolsztyn\/SkrytkaESP","field_adres_bip":"\u003Ca href=\u0022https:\/\/zseolsztyn.bip.gov.pl\/\u0022\u003Ehttps:\/\/zseolsztyn.bip.gov.pl\/\u003C\/a\u003E","field_adres_strony_internetowe5":"\u003Ca href=\u0022http:\/\/zse.olsztyn.eu\/\u0022\u003Ehttp:\/\/zse.olsztyn.eu\/\u003C\/a\u003E"},{"title":"\u003Ca href=\u0022\/miejska-jednostka-organizacyjna-miasta-olsztyna\/zespol-szkol-elektronicznych-i-telekomunikacyjnych\u0022 hreflang=\u0022pl\u0022\u003EZesp\u00f3\u0142 Szk\u00f3\u0142 Elektronicznych i Telekomunikacyjnych w Olsztynie\u003C\/a\u003E","field_kierownik_jednostki":"Grzegorz G\u00f3rski","field_numer_telefonu":"89 527-51-91","field_identyfikator_epuap":"\/ZSEiTOlsztyn\/SkrytkaESP","field_adres_bip":"\u003Ca href=\u0022http:\/\/zseitolsztyn.biposwiata.pl\/\u0022\u003Ehttp:\/\/zseitolsztyn.biposwiata.pl\/\u003C\/a\u003E","field_adres_strony_internetowe5":"\u003Ca href=\u0022http:\/\/zseit.olsztyn.eu\/\u0022\u003Ehttp:\/\/zseit.olsztyn.eu\/\u003C\/a\u003E"},{"title":"\u003Ca href=\u0022\/miejska-jednostka-organizacyjna-miasta-olsztyna\/zespol-szkol-gastronomiczno-spozywczych-w-olsztynie\u0022 hreflang=\u0022pl\u0022\u003EZesp\u00f3\u0142 Szk\u00f3\u0142 Gastronomiczno-Spo\u017cywczych w Olsztynie\u003C\/a\u003E","field_kierownik_jednostki":"Wioletta R\u00f3\u017ca Rutkowska","field_numer_telefonu":"89 533-75-65","field_identyfikator_epuap":"\/ZSGS\/SkrytkaESP","field_adres_bip":"\u003Ca href=\u0022https:\/\/zsgs.bip.gov.pl\/\u0022\u003Ehttps:\/\/zsgs.bip.gov.pl\/\u003C\/a\u003E","field_adres_strony_internetowe5":"\u003Ca href=\u0022https:\/\/zsgs.olsztyn.eu\/\u0022\u003Ehttps:\/\/zsgs.olsztyn.eu\/\u003C\/a\u003E"},{"title":"\u003Ca href=\u0022\/miejska-jednostka-organizacyjna-miasta-olsztyna\/zespol-szkol-mechaniczno-energetycznych-im-tadeusza\u0022 hreflang=\u0022pl\u0022\u003EZesp\u00f3\u0142 Szk\u00f3\u0142 Mechaniczno-Energetycznych im. Tadeusza Ko\u015bciuszki w Olsztynie\u003C\/a\u003E","field_kierownik_jednostki":"Katarzyna Chamerska","field_numer_telefonu":"89 533-52-55","field_identyfikator_epuap":"\/zsme-olsztyn\/SkrytkaESP","field_adres_bip":"\u003Ca href=\u0022https:\/\/zsme-olsztyn.bip.gov.pl\/\u0022\u003Ehttps:\/\/zsme-olsztyn.bip.gov.pl\/\u003C\/a\u003E","field_adres_strony_internetowe5":"\u003Ca href=\u0022https:\/\/zsmeolsztyn.pl\/\u0022\u003Ehttps:\/\/zsmeolsztyn.pl\/\u003C\/a\u003E"},{"title":"\u003Ca href=\u0022\/miejska-jednostka-organizacyjna-miasta-olsztyna\/ii-liceum-ogolnoksztalcace-im-konstantego-ildefonsa\u0022 hreflang=\u0022pl\u0022\u003EII Liceum Og\u00f3lnokszta\u0142c\u0105ce im. Konstantego Ildefonsa Ga\u0142czy\u0144skiego\u003C\/a\u003E","field_kierownik_jednostki":"Krzysztof Wi\u015bniewski","field_numer_telefonu":"89 527-24-55","field_identyfikator_epuap":"\/ZSO1_Olsztyn\/SkrytkaESP","field_adres_bip":"\u003Ca href=\u0022https:\/\/lo2.olsztyn.eu\/bip\/\u0022\u003Ehttps:\/\/lo2.olsztyn.eu\/bip\/\u003C\/a\u003E","field_adres_strony_internetowe5":"\u003Ca href=\u0022https:\/\/lo2.olsztyn.eu\u0022\u003Ehttps:\/\/lo2.olsztyn.eu\u003C\/a\u003E"},{"title":"\u003Ca href=\u0022\/miejska-jednostka-organizacyjna-miasta-olsztyna\/zespol-szkol-ogolnoksztalcacych-nr-2-w-olsztynie\u0022 hreflang=\u0022pl\u0022\u003EZesp\u00f3\u0142 Szk\u00f3\u0142 Og\u00f3lnokszta\u0142c\u0105cych nr 2 w Olsztynie\u003C\/a\u003E","field_kierownik_jednostki":"Tomasz Nied\u017awiecki","field_numer_telefonu":"89 533-70-44","field_identyfikator_epuap":"\/LO2Olsztyn\/SkrytkaESP","field_adres_bip":"\u003Ca href=\u0022https:\/\/zso2olsztyn.bip.gov.pl\/\u0022\u003Ehttps:\/\/zso2olsztyn.bip.gov.pl\/\u003C\/a\u003E","field_adres_strony_internetowe5":"\u003Ca href=\u0022http:\/\/zso2.olsztyn.eu\/\u0022\u003Ehttp:\/\/zso2.olsztyn.eu\/\u003C\/a\u003E"},{"title":"\u003Ca href=\u0022\/miejska-jednostka-organizacyjna-miasta-olsztyna\/zespol-szkol-ogolnoksztalcacych-nr-3-w-olsztynie\u0022 hreflang=\u0022pl\u0022\u003EZesp\u00f3\u0142 Szk\u00f3\u0142 Og\u00f3lnokszta\u0142c\u0105cych nr 3 w Olsztynie\u003C\/a\u003E","field_kierownik_jednostki":"Izabela Milan","field_numer_telefonu":"89 542-90-15","field_identyfikator_epuap":"\/zso3ols\/SkrytkaESP","field_adres_bip":"\u003Ca href=\u0022https:\/\/zso3olsztyn.bip.gov.pl\/\u0022\u003Ehttps:\/\/zso3olsztyn.bip.gov.pl\/\u003C\/a\u003E","field_adres_strony_internetowe5":"\u003Ca href=\u0022http:\/\/zso3.olsztyn.eu\/\u0022\u003Ehttp:\/\/zso3.olsztyn.eu\/\u003C\/a\u003E"},{"title":"\u003Ca href=\u0022\/miejska-jednostka-organizacyjna-miasta-olsztyna\/zespol-szkol-ogolnoksztalcacych-nr-5-mistrzostwa\u0022 hreflang=\u0022pl\u0022\u003EZesp\u00f3\u0142 Szk\u00f3\u0142 Og\u00f3lnokszta\u0142c\u0105cych nr 5 Mistrzostwa Sportowego im. Mariana Grzegorza Bublewicza w Olsztynie\u003C\/a\u003E","field_kierownik_jednostki":"Anna Ewa Michels","field_numer_telefonu":"89 526-09-34","field_identyfikator_epuap":"\/ZSO5MSOlsztyn\/SkrytkaESP","field_adres_bip":"\u003Ca href=\u0022http:\/\/bip-zso5.olsztyn.eu\u0022\u003Ebip-zso5.olsztyn.eu\u003C\/a\u003E","field_adres_strony_internetowe5":"\u003Ca href=\u0022\/zso5.olsztyn.eu\u0022\u003Ezso5.olsztyn.eu\u003C\/a\u003E"},{"title":"\u003Ca href=\u0022\/miejska-jednostka-organizacyjna-miasta-olsztyna\/zespol-szkol-ogolnoksztalcacych-nr-6-w-olsztynie\u0022 hreflang=\u0022pl\u0022\u003EZesp\u00f3\u0142 Szk\u00f3\u0142 Og\u00f3lnokszta\u0142c\u0105cych nr 6 w Olsztynie\u003C\/a\u003E","field_kierownik_jednostki":"Rados\u0142aw J\u00f3zef Jankowski","field_numer_telefonu":"89 527-93-57","field_identyfikator_epuap":"\/ZSO6Olsztyn\/SkrytkaESP","field_adres_bip":"\u003Ca href=\u0022https:\/\/bip.zso6.olsztyn.eu\/\u0022\u003Ehttps:\/\/bip.zso6.olsztyn.eu\/\u003C\/a\u003E","field_adres_strony_internetowe5":"\u003Ca href=\u0022https:\/\/zso6.olsztyn.eu\/\u0022\u003Ehttps:\/\/zso6.olsztyn.eu\/\u003C\/a\u003E"},{"title":"\u003Ca href=\u0022\/miejska-jednostka-organizacyjna-miasta-olsztyna\/zespol-szkol-samochodowych-im-por-adolfa-marii\u0022 hreflang=\u0022pl\u0022\u003EZesp\u00f3\u0142 Szk\u00f3\u0142 Samochodowych im. por. Adolfa Marii Boche\u0144skiego w Olsztynie\u003C\/a\u003E","field_kierownik_jednostki":"Arkadiusz Gnoza","field_numer_telefonu":"89 526-44-41","field_identyfikator_epuap":"\/ZSSOLSZTYN\/SkrytkaESP","field_adres_bip":"\u003Ca href=\u0022https:\/\/bip.zss.olsztyn.eu\/\u0022\u003Ehttps:\/\/bip.zss.olsztyn.eu\/\u003C\/a\u003E","field_adres_strony_internetowe5":"\u003Ca href=\u0022https:\/\/zss.olsztyn.eu\/\u0022\u003Ehttps:\/\/zss.olsztyn.eu\/\u003C\/a\u003E"},{"title":"\u003Ca href=\u0022\/miejska-jednostka-organizacyjna-miasta-olsztyna\/zespol-szkol-specjalnych-w-olsztynie-382834\u0022 hreflang=\u0022pl\u0022\u003EZesp\u00f3\u0142 Szk\u00f3\u0142 Specjalnych w Olsztynie\u003C\/a\u003E","field_kierownik_jednostki":"Kazimierz Joachim Ewertowski","field_numer_telefonu":"89 526-54-29","field_identyfikator_epuap":"\/ZSzSpecOlsztyn\/SkrytkaESP","field_adres_bip":"\u003Ca href=\u0022https:\/\/zszspecolsztyn.bip.gov.pl\/\u0022\u003Ehttps:\/\/zszspecolsztyn.bip.gov.pl\/\u003C\/a\u003E","field_adres_strony_internetowe5":""},{"title":"\u003Ca href=\u0022\/miejska-jednostka-organizacyjna-miasta-olsztyna\/zespol-zlobkow-miejskich-w-olsztynie-382835\u0022 hreflang=\u0022pl\u0022\u003EZesp\u00f3\u0142 \u017b\u0142obk\u00f3w Miejskich w Olsztynie\u003C\/a\u003E","field_kierownik_jednostki":"Barbara Korpusik","field_numer_telefonu":"89 533-37-66","field_identyfikator_epuap":"\/ZZMOlsztyn\/SkrytkaESP","field_adres_bip":"\u003Ca href=\u0022https:\/\/zzmolsztyn.bip.gov.pl\/\u0022\u003Ehttps:\/\/zzmolsztyn.bip.gov.pl\/\u003C\/a\u003E","field_adres_strony_internetowe5":"\u003Ca href=\u0022https:\/\/zlobek1.olsztyn.eu\n\nhttps:\/\/zlobek4.olsztyn.eu\u0022\u003Ehttps:\/\/zlobek1.olsztyn.eu\u003Cbr \/\u003E\n\u003Cbr \/\u003E\nhttps:\/\/zlobek4.olsztyn.eu\u003C\/a\u003E"},{"title":"\u003Ca href=\u0022\/miejska-jednostka-organizacyjna-miasta-olsztyna\/przedszkole-miejskie-nr-39-w-olsztynie-382788\u0022 hreflang=\u0022pl\u0022\u003EPrzedszkole Miejskie nr 39 w Olsztynie\u003C\/a\u003E","field_kierownik_jednostki":"Urszula Ryszarda Ptak","field_numer_telefonu":"89 533-22-06","field_identyfikator_epuap":"\/Pm39\/SkrytkaESP","field_adres_bip":"\u003Ca href=\u0022https:\/\/pm39olsztyn.bip.gov.pl\/\u0022\u003Ehttps:\/\/pm39olsztyn.bip.gov.pl\/\u003C\/a\u003E","field_adres_strony_internetowe5":"\u003Ca href=\u0022https:\/\/pm39.olsztyn.eu\/\u0022\u003Ehttps:\/\/pm39.olsztyn.eu\/\u003C\/a\u003E"},{"title":"\u003Ca href=\u0022\/miejska-jednostka-organizacyjna-miasta-olsztyna\/przedszkole-miejskie-nr-40-im-zaczka-w-olsztynie\u0022 hreflang=\u0022pl\u0022\u003EPrzedszkole Miejskie nr 40 im. \u017baczka w Olsztynie\u003C\/a\u003E","field_kierownik_jednostki":"Marta Nowicka","field_numer_telefonu":"89 523-32-53","field_identyfikator_epuap":"\/PM40\/SkrytkaESP","field_adres_bip":"\u003Ca href=\u0022https:\/\/pm40.bip.gov.pl\u0022\u003Ehttps:\/\/pm40.bip.gov.pl\u003C\/a\u003E","field_adres_strony_internetowe5":"\u003Ca href=\u0022https:\/\/pm40.olsztyn.eu\/\u0022\u003Ehttps:\/\/pm40.olsztyn.eu\/\u003C\/a\u003E"},{"title":"\u003Ca href=\u0022\/miejska-jednostka-organizacyjna-miasta-olsztyna\/rodzinny-dom-dziecka-nr-2-w-olsztynie-z-siedziba-w\u0022 hreflang=\u0022pl\u0022\u003ERodzinny Dom Dziecka nr 2 w Olsztynie z siedzib\u0105 w Dywitach\u003C\/a\u003E","field_kierownik_jednostki":"Ewa Karpowicz","field_numer_telefonu":"89 511-92-69, 607-392-555","field_identyfikator_epuap":"\/RDD2Olsztyn\/SkrytkaESP","field_adres_bip":"\u003Ca href=\u0022https:\/\/bip-rdd2.olsztyn.eu\/\u0022\u003Ehttps:\/\/bip-rdd2.olsztyn.eu\/\u003C\/a\u003E","field_adres_strony_internetowe5":""},{"title":"\u003Ca href=\u0022\/miejska-jednostka-organizacyjna-miasta-olsztyna\/rodzinny-dom-dziecka-nr-3-w-olsztynie-382791\u0022 hreflang=\u0022pl\u0022\u003ERodzinny Dom Dziecka nr 3 w Olsztynie\u003C\/a\u003E","field_kierownik_jednostki":"Irma Maja Nied\u017awiecka","field_numer_telefonu":"883-503-434","field_identyfikator_epuap":"\/RDD3Olsztyn\/Skrytka ESP","field_adres_bip":"\u003Ca href=\u0022https:\/\/bip-rdd3.olsztyn.eu\/\u0022\u003Ehttps:\/\/bip-rdd3.olsztyn.eu\/\u003C\/a\u003E","field_adres_strony_internetowe5":""},{"title":"\u003Ca href=\u0022\/miejska-jednostka-organizacyjna-miasta-olsztyna\/schronisko-dla-zwierzat-w-olsztynie-382792\u0022 hreflang=\u0022pl\u0022\u003ESchronisko dla Zwierz\u0105t w Olsztynie\u003C\/a\u003E","field_kierownik_jednostki":"Anna Bara\u0144ska","field_numer_telefonu":"89 526-82-15, 89 534-88-88","field_identyfikator_epuap":"\/SDZOlsztyn\/SkrytkaESP","field_adres_bip":"\u003Ca href=\u0022https:\/\/bip-schronisko.olsztyn.eu\/\u0022\u003Ehttps:\/\/bip-schronisko.olsztyn.eu\/\u003C\/a\u003E","field_adres_strony_internetowe5":"\u003Ca href=\u0022https:\/\/schronisko.olsztyn.eu\u0022\u003Ehttps:\/\/schronisko.olsztyn.eu\u003C\/a\u003E"},{"title":"\u003Ca href=\u0022\/miejska-jednostka-organizacyjna-miasta-olsztyna\/specjalistyczny-osrodek-wsparcia-dla-ofiar-przemocy\u0022 hreflang=\u0022pl\u0022\u003ESpecjalistyczny O\u015brodek Wsparcia dla Ofiar Przemocy w Rodzinie w Olsztynie\u003C\/a\u003E","field_kierownik_jednostki":"Kamila Roguz","field_numer_telefonu":"89 527-57-11, 600-107-645","field_identyfikator_epuap":"\/sow_olsztyn\/SkrytkaESP","field_adres_bip":"\u003Ca href=\u0022https:\/\/sow_olsztyn.bip.gov.pl\u0022\u003Ehttps:\/\/sow_olsztyn.bip.gov.pl\u003C\/a\u003E","field_adres_strony_internetowe5":"\u003Ca href=\u0022https:\/\/sow.olsztyn.eu\u0022\u003Ehttps:\/\/sow.olsztyn.eu\u003C\/a\u003E"},{"title":"\u003Ca href=\u0022\/miejska-jednostka-organizacyjna-miasta-olsztyna\/specjalny-osrodek-szkolno-wychowawczy-dla-dzieci\u0022 hreflang=\u0022pl\u0022\u003ESpecjalny O\u015brodek Szkolno-Wychowawczy dla Dzieci Nies\u0142ysz\u0105cych im. Marii Grzegorzewskiej w Olsztynie\u003C\/a\u003E","field_kierownik_jednostki":"p.o. Ewa Miller","field_numer_telefonu":"89 527-68-34","field_identyfikator_epuap":"\/soswddn\/SkrytkaESP","field_adres_bip":"\u003Ca href=\u0022https:\/\/soswdn.bip.gov.pl\/\u0022\u003Ehttps:\/\/soswdn.bip.gov.pl\/\u003C\/a\u003E","field_adres_strony_internetowe5":"\u003Ca href=\u0022https:\/\/oswnies.olsztyn.eu\/\u0022\u003Ehttps:\/\/oswnies.olsztyn.eu\/\u003C\/a\u003E"},{"title":"\u003Ca href=\u0022\/miejska-jednostka-organizacyjna-miasta-olsztyna\/specjalny-osrodek-szkolno-wychowawczy-im-kornela\u0022 hreflang=\u0022pl\u0022\u003ESpecjalny O\u015brodek Szkolno-Wychowawczy im. Kornela Makuszy\u0144skiego w Olsztynie\u003C\/a\u003E","field_kierownik_jednostki":"Marcin Raszewski","field_numer_telefonu":"89 533-52-80","field_identyfikator_epuap":"\/SOSW_Olsztyn\/SkrytkaESP","field_adres_bip":"\u003Ca href=\u0022https:\/\/soswolsztyn.bip.gov.pl\/\u0022\u003Ehttps:\/\/soswolsztyn.bip.gov.pl\/\u003C\/a\u003E","field_adres_strony_internetowe5":"\u003Ca href=\u0022https:\/\/sosw.olsztyn.eu\/\u0022\u003Ehttps:\/\/sosw.olsztyn.eu\/\u003C\/a\u003E"},{"title":"\u003Ca href=\u0022\/miejska-jednostka-organizacyjna-miasta-olsztyna\/straz-miejska-w-olsztynie-382796\u0022 hreflang=\u0022pl\u0022\u003EStra\u017c Miejska w Olsztynie\u003C\/a\u003E","field_kierownik_jednostki":"Jaros\u0142aw Lipi\u0144ski","field_numer_telefonu":"89 521-16-30","field_identyfikator_epuap":"\/sm_olsztyn\/SkrytkaESP","field_adres_bip":"\u003Ca href=\u0022https:\/\/strazmiejska.olsztyn.eu\u0022\u003Ehttps:\/\/strazmiejska.olsztyn.eu\u003C\/a\u003E","field_adres_strony_internetowe5":"\u003Ca href=\u0022https:\/\/strazmiejska.olsztyn.eu\u0022\u003Ehttps:\/\/strazmiejska.olsztyn.eu\u003C\/a\u003E"},{"title":"\u003Ca href=\u0022\/miejska-jednostka-organizacyjna-miasta-olsztyna\/szkolne-schronisko-mlodziezowe-w-olsztynie-382797\u0022 hreflang=\u0022pl\u0022\u003ESzkolne Schronisko M\u0142odzie\u017cowe w Olsztynie\u003C\/a\u003E","field_kierownik_jednostki":"Przemys\u0142aw Miko\u0142aj Bonk","field_numer_telefonu":"89 519-18-52","field_identyfikator_epuap":"\/SSMOlsztyn\/SkrytkaESP","field_adres_bip":"\u003Ca href=\u0022https:\/\/bip-ssm.olsztyn.eu\/\u0022\u003Ehttps:\/\/bip-ssm.olsztyn.eu\/\u003C\/a\u003E","field_adres_strony_internetowe5":"\u003Ca href=\u0022http:\/\/ssm.olsztyn.eu\u0022\u003Ehttp:\/\/ssm.olsztyn.eu\u003C\/a\u003E"},{"title":"\u003Ca href=\u0022\/miejska-jednostka-organizacyjna-miasta-olsztyna\/szkola-podstawowa-nr-1-im-ryszarda-knosaly-w\u0022 hreflang=\u0022pl\u0022\u003ESzko\u0142a Podstawowa nr 1 im. Ryszarda Knosa\u0142y w Olsztynie\u003C\/a\u003E","field_kierownik_jednostki":"Barbara Rzepnicka","field_numer_telefonu":"89 526-45-56","field_identyfikator_epuap":"\/SP1Olsztyn\/SkrytkaESP","field_adres_bip":"\u003Ca href=\u0022https:\/\/bip-sp1.olsztyn.eu\/\u0022\u003Ehttps:\/\/bip-sp1.olsztyn.eu\/\u003C\/a\u003E","field_adres_strony_internetowe5":"\u003Ca href=\u0022https:\/\/sp1.olsztyn.eu\/\u0022\u003Ehttps:\/\/sp1.olsztyn.eu\/\u003C\/a\u003E"},{"title":"\u003Ca href=\u0022\/miejska-jednostka-organizacyjna-miasta-olsztyna\/szkola-podstawowa-nr-2-im-jaroslawa-dabrowskiego-w\u0022 hreflang=\u0022pl\u0022\u003ESzko\u0142a Podstawowa nr 2 im. Jaros\u0142awa D\u0105browskiego w Olsztynie\u003C\/a\u003E","field_kierownik_jednostki":"Iwona Maria Jasi\u0144ska","field_numer_telefonu":"89 524-82-40","field_identyfikator_epuap":"\/sp2olsztyn\/SkrytkaESP","field_adres_bip":"\u003Ca href=\u0022https:\/\/sp2olsztyn.bip.gov.pl\/\u0022\u003Ehttps:\/\/sp2olsztyn.bip.gov.pl\/\u003C\/a\u003E","field_adres_strony_internetowe5":"\u003Ca href=\u0022https:\/\/sp2olsztyn.pl\u0022\u003Ehttps:\/\/sp2olsztyn.pl\u003C\/a\u003E"},{"title":"\u003Ca href=\u0022\/miejska-jednostka-organizacyjna-miasta-olsztyna\/szkola-podstawowa-nr-3-im-kawalerow-orderu-usmiechu\u0022 hreflang=\u0022pl\u0022\u003ESzko\u0142a Podstawowa nr 3 im. Kawaler\u00f3w Orderu U\u015bmiechu w Olsztynie\u003C\/a\u003E","field_kierownik_jednostki":"Joanna Maria S\u0119drowska","field_numer_telefonu":"89 533-12-70","field_identyfikator_epuap":"\/sp3olsztyn\/SkrytkaESP","field_adres_bip":"\u003Ca href=\u0022https:\/\/sp3olsztyn.bip.gov.pl\/\u0022\u003Ehttps:\/\/sp3olsztyn.bip.gov.pl\/\u003C\/a\u003E","field_adres_strony_internetowe5":"\u003Ca href=\u0022https:\/\/sp3.olsztyn.eu\u0022\u003Ehttps:\/\/sp3.olsztyn.eu\u003C\/a\u003E"},{"title":"\u003Ca href=\u0022\/miejska-jednostka-organizacyjna-miasta-olsztyna\/szkola-podstawowa-nr-5-w-olsztynie-382801\u0022 hreflang=\u0022pl\u0022\u003ESzko\u0142a Podstawowa nr 5 w Olsztynie\u003C\/a\u003E","field_kierownik_jednostki":"Andrzej Tymecki","field_numer_telefonu":"89 526-03-31","field_identyfikator_epuap":"\/SP5Olsztyn\/SkrytkaESP","field_adres_bip":"\u003Ca href=\u0022https:\/\/bip-sp5.olsztyn.eu\/\u0022\u003Ehttps:\/\/bip-sp5.olsztyn.eu\/\u003C\/a\u003E","field_adres_strony_internetowe5":"\u003Ca href=\u0022https:\/\/sp5.olsztyn.eu\/\u0022\u003Ehttps:\/\/sp5.olsztyn.eu\/\u003C\/a\u003E"},{"title":"\u003Ca href=\u0022\/miejska-jednostka-organizacyjna-miasta-olsztyna\/szkola-podstawowa-nr-6-im-konstantego-ildefonsa\u0022 hreflang=\u0022pl\u0022\u003ESzko\u0142a Podstawowa nr 6 im. Konstantego Ildefonsa Ga\u0142czy\u0144skiego w Olsztynie\u003C\/a\u003E","field_kierownik_jednostki":"Urszula Tyllo-J\u0119drys","field_numer_telefonu":"89 542-64-29","field_identyfikator_epuap":"\/SP6Olsztyn\/SkrytkaESP","field_adres_bip":"\u003Ca href=\u0022https:\/\/sp6olsztyn.bip.gov.pl\/\u0022\u003Ehttps:\/\/sp6olsztyn.bip.gov.pl\/\u003C\/a\u003E","field_adres_strony_internetowe5":"\u003Ca href=\u0022https:\/\/sp6.olsztyn.eu\/\u0022\u003Ehttps:\/\/sp6.olsztyn.eu\/\u003C\/a\u003E"},{"title":"\u003Ca href=\u0022\/miejska-jednostka-organizacyjna-miasta-olsztyna\/szkola-podstawowa-nr-7-im-leona-kruczkowskiego-w\u0022 hreflang=\u0022pl\u0022\u003ESzko\u0142a Podstawowa nr 7 im. Leona Kruczkowskiego w Olsztynie\u003C\/a\u003E","field_kierownik_jednostki":"Dorota Zabuska","field_numer_telefonu":"89 527-64-39","field_identyfikator_epuap":"\/sp7olsztyn\/SkrytkaESP","field_adres_bip":"\u003Ca href=\u0022https:\/\/sp7olsztyn.bip.gov.pl\/\u0022\u003Ehttps:\/\/sp7olsztyn.bip.gov.pl\/\u003C\/a\u003E","field_adres_strony_internetowe5":"\u003Ca href=\u0022https:\/\/sp7.olsztyn.eu\/\u0022\u003Ehttps:\/\/sp7.olsztyn.eu\/\u003C\/a\u003E"},{"title":"\u003Ca href=\u0022\/miejska-jednostka-organizacyjna-miasta-olsztyna\/szkola-podstawowa-nr-9-w-olsztynie-382804\u0022 hreflang=\u0022pl\u0022\u003ESzko\u0142a Podstawowa nr 9 w Olsztynie\u003C\/a\u003E","field_kierownik_jednostki":"Jolanta Ilona Lubojemska","field_numer_telefonu":"89 534-77-89","field_identyfikator_epuap":"\/SP9Olsztyn\/SkrytkaESP","field_adres_bip":"\u003Ca href=\u0022https:\/\/sp9olsztyn.bip.gov.pl\/\u0022\u003Ehttps:\/\/sp9olsztyn.bip.gov.pl\/\u003C\/a\u003E","field_adres_strony_internetowe5":"\u003Ca href=\u0022http:\/\/sp9.olsztyn.eu\u0022\u003Ehttp:\/\/sp9.olsztyn.eu\u003C\/a\u003E"},{"title":"\u003Ca href=\u0022\/miejska-jednostka-organizacyjna-miasta-olsztyna\/szkola-podstawowa-nr-10-im-wladyslawa-broniewskiego\u0022 hreflang=\u0022pl\u0022\u003ESzko\u0142a Podstawowa nr 10 im. W\u0142adys\u0142awa Broniewskiego w Olsztynie\u003C\/a\u003E","field_kierownik_jednostki":"Anna Maria \u017barczy\u0144ska","field_numer_telefonu":"89 527-77-27","field_identyfikator_epuap":"\/SP10Olsztyn\/SkrytkaESP","field_adres_bip":"\u003Ca href=\u0022https:\/\/sp10olsztyn.bip.gov.pl\/\u0022\u003Ehttps:\/\/sp10olsztyn.bip.gov.pl\/\u003C\/a\u003E","field_adres_strony_internetowe5":"\u003Ca href=\u0022https:\/\/sp10.olsztyn.eu\/\u0022\u003Ehttps:\/\/sp10.olsztyn.eu\/\u003C\/a\u003E"},{"title":"\u003Ca href=\u0022\/miejska-jednostka-organizacyjna-miasta-olsztyna\/szkola-podstawowa-nr-12-w-olsztynie-382806\u0022 hreflang=\u0022pl\u0022\u003ESzko\u0142a Podstawowa nr 12 w Olsztynie\u003C\/a\u003E","field_kierownik_jednostki":"Alicja Pogorzelska","field_numer_telefonu":"89-542-82-33","field_identyfikator_epuap":"\/SP12Olsztyn\/SkrytkaESP","field_adres_bip":"\u003Ca href=\u0022https:\/\/bip-sp12.olsztyn.eu\/\u0022\u003Ehttps:\/\/bip-sp12.olsztyn.eu\/\u003C\/a\u003E","field_adres_strony_internetowe5":"\u003Ca href=\u0022https:\/\/sp12.olsztyn.eu\/\u0022\u003Ehttps:\/\/sp12.olsztyn.eu\/\u003C\/a\u003E"},{"title":"\u003Ca href=\u0022\/miejska-jednostka-organizacyjna-miasta-olsztyna\/szkola-podstawowa-nr-13-im-komisji-edukacji\u0022 hreflang=\u0022pl\u0022\u003ESzko\u0142a Podstawowa nr 13 im. Komisji Edukacji Narodowej w Olsztynie\u003C\/a\u003E","field_kierownik_jednostki":"Ma\u0142gorzata Siergiej","field_numer_telefonu":"89 526-16-90","field_identyfikator_epuap":"\/SP13Olsztyn\/SkrytkaESP","field_adres_bip":"\u003Ca href=\u0022https:\/\/sp13olsztyn.bip.gov.pl\/\u0022\u003Ehttps:\/\/sp13olsztyn.bip.gov.pl\/\u003C\/a\u003E","field_adres_strony_internetowe5":"\u003Ca href=\u0022https:\/\/sp13ol.edu.eu\u0022\u003Ehttps:\/\/sp13ol.edu.eu\u003C\/a\u003E"},{"title":"\u003Ca href=\u0022\/miejska-jednostka-organizacyjna-miasta-olsztyna\/szkola-podstawowa-nr-14-w-olsztynie-382808\u0022 hreflang=\u0022pl\u0022\u003ESzko\u0142a Podstawowa nr 14 w Olsztynie\u003C\/a\u003E","field_kierownik_jednostki":"Ewa Romanowska","field_numer_telefonu":"89 527-58-93","field_identyfikator_epuap":"\/sp14olsztyn\/SkrytkaESP","field_adres_bip":"\u003Ca href=\u0022https:\/\/sp14olsztyn.bip.gov.pl\/\u0022\u003Ehttps:\/\/sp14olsztyn.bip.gov.pl\/\u003C\/a\u003E","field_adres_strony_internetowe5":"\u003Ca href=\u0022http:\/\/sp14.olsztyn.eu\/\u0022\u003Ehttp:\/\/sp14.olsztyn.eu\/\u003C\/a\u003E"},{"title":"\u003Ca href=\u0022\/miejska-jednostka-organizacyjna-miasta-olsztyna\/szkola-podstawowa-nr-15-im-wojciecha-ketrzynskiego\u0022 hreflang=\u0022pl\u0022\u003ESzko\u0142a Podstawowa nr 15 im. Wojciecha K\u0119trzy\u0144skiego w Olsztynie\u003C\/a\u003E","field_kierownik_jednostki":"Zofia Barbara Bogacz","field_numer_telefonu":"89 533-50-45","field_identyfikator_epuap":"\/SP15Olsztyn\/SkrytkaESP","field_adres_bip":"\u003Ca href=\u0022https:\/\/sp15.olsztyn.eu\/index.php\/bip\u0022\u003Ehttps:\/\/sp15.olsztyn.eu\/index.php\/bip\u003C\/a\u003E","field_adres_strony_internetowe5":"\u003Ca href=\u0022https:\/\/sp15.olsztyn.eu\/\u0022\u003Ehttps:\/\/sp15.olsztyn.eu\/\u003C\/a\u003E"},{"title":"\u003Ca href=\u0022\/miejska-jednostka-organizacyjna-miasta-olsztyna\/szkola-podstawowa-nr-18-im-orla-bialego-w-olsztynie\u0022 hreflang=\u0022pl\u0022\u003ESzko\u0142a Podstawowa nr 18 im. Or\u0142a Bia\u0142ego w Olsztynie\u003C\/a\u003E","field_kierownik_jednostki":"Marzenna \u017byczko","field_numer_telefonu":"89 527-15-65","field_identyfikator_epuap":"\/SP18_Olsztyn\/SkrytkaESP","field_adres_bip":"\u003Ca href=\u0022https:\/\/bip-sp18.olsztyn.eu\/\u0022\u003Ehttps:\/\/bip-sp18.olsztyn.eu\/\u003C\/a\u003E","field_adres_strony_internetowe5":"\u003Ca href=\u0022http:\/\/sp18.olsztyn.eu\/\u0022\u003Ehttp:\/\/sp18.olsztyn.eu\/\u003C\/a\u003E"},{"title":"\u003Ca href=\u0022\/miejska-jednostka-organizacyjna-miasta-olsztyna\/szkola-podstawowa-nr-22-im-marii-dabrowskiej-w\u0022 hreflang=\u0022pl\u0022\u003ESzko\u0142a Podstawowa nr 22 im. Marii D\u0105browskiej w Olsztynie\u003C\/a\u003E","field_kierownik_jednostki":"Marek Smoli\u0144ski","field_numer_telefonu":"89 533-68-10","field_identyfikator_epuap":"\/SP22Olsztyn\/SkrytkaESP","field_adres_bip":"\u003Ca href=\u0022https:\/\/sp22olsztyn.ssdip.bip.gov.pl\/\u0022\u003Ehttps:\/\/sp22olsztyn.ssdip.bip.gov.pl\/\u003C\/a\u003E","field_adres_strony_internetowe5":"\u003Ca href=\u0022https:\/\/sp22.olsztyn.eu\/\u0022\u003Ehttps:\/\/sp22.olsztyn.eu\/\u003C\/a\u003E"},{"title":"\u003Ca href=\u0022\/miejska-jednostka-organizacyjna-miasta-olsztyna\/szkola-podstawowa-nr-29-im-jana-liszewskiego-w\u0022 hreflang=\u0022pl\u0022\u003ESzko\u0142a Podstawowa nr 29 im. Jana Liszewskiego w Olsztynie\u003C\/a\u003E","field_kierownik_jednostki":"Barbara Chodnicka","field_numer_telefonu":"89 523-51-64","field_identyfikator_epuap":"\/Sp29Olsztyn\/SkrytkaESP","field_adres_bip":"\u003Ca href=\u0022https:\/\/sp29-olsztyn.bip.gov.pl\/\u0022\u003Ehttps:\/\/sp29-olsztyn.bip.gov.pl\/\u003C\/a\u003E","field_adres_strony_internetowe5":"\u003Ca href=\u0022https:\/\/sp29.olsztyn.eu\/\u0022\u003Ehttps:\/\/sp29.olsztyn.eu\/\u003C\/a\u003E"},{"title":"\u003Ca href=\u0022\/miejska-jednostka-organizacyjna-miasta-olsztyna\/przedszkole-miejskie-nr-13-w-olsztynie-382774\u0022 hreflang=\u0022pl\u0022\u003EPrzedszkole Miejskie nr 13 w Olsztynie\u003C\/a\u003E","field_kierownik_jednostki":"Zofia Danielak","field_numer_telefonu":"89 526-68-88","field_identyfikator_epuap":"\/PM132015\/SkrytkaESP","field_adres_bip":"\u003Ca href=\u0022https:\/\/pm13olsztyn.bip.gov.pl\/\u0022\u003Ehttps:\/\/pm13olsztyn.bip.gov.pl\/\u003C\/a\u003E","field_adres_strony_internetowe5":"\u003Ca href=\u0022https:\/\/pm13.olsztyn.eu\/\u0022\u003Ehttps:\/\/pm13.olsztyn.eu\/\u003C\/a\u003E"},{"title":"\u003Ca href=\u0022\/miejska-jednostka-organizacyjna-miasta-olsztyna\/przedszkole-miejskie-nr-14-im-niezapominajki-w\u0022 hreflang=\u0022pl\u0022\u003EPrzedszkole Miejskie nr 14 im. Niezapominajki w Olsztynie\u003C\/a\u003E","field_kierownik_jednostki":"Jolanta Dr\u0105\u017cek","field_numer_telefonu":"89 527-13-45","field_identyfikator_epuap":"\/pm14-olsztyn\/SkrytkaESP","field_adres_bip":"\u003Ca href=\u0022https:\/\/pm14olsztyn.bip.gov.pl\/\u0022\u003Ehttps:\/\/pm14olsztyn.bip.gov.pl\/\u003C\/a\u003E","field_adres_strony_internetowe5":"\u003Ca href=\u0022https:\/\/pm14.olsztyn.eu\/\u0022\u003Ehttps:\/\/pm14.olsztyn.eu\/\u003C\/a\u003E"},{"title":"\u003Ca href=\u0022\/miejska-jednostka-organizacyjna-miasta-olsztyna\/przedszkole-miejskie-nr-15-im-wandy-chotomskiej-w\u0022 hreflang=\u0022pl\u0022\u003EPrzedszkole Miejskie nr 15 im. Wandy Chotomskiej w Olsztynie\u003C\/a\u003E","field_kierownik_jednostki":"Magdalena Iwona Pi\u0105tek","field_numer_telefonu":"89 541-98-90","field_identyfikator_epuap":"\/PM15Olsztyn\/SkrytkaESP","field_adres_bip":"\u003Ca href=\u0022https:\/\/pm15olsztyn.bip.gov.pl\/\u0022\u003Ehttps:\/\/pm15olsztyn.bip.gov.pl\/\u003C\/a\u003E","field_adres_strony_internetowe5":"\u003Ca href=\u0022http:\/\/pm15.olsztyn.eu\/\u0022\u003Ehttp:\/\/pm15.olsztyn.eu\/\u003C\/a\u003E"},{"title":"\u003Ca href=\u0022\/miejska-jednostka-organizacyjna-miasta-olsztyna\/przedszkole-miejskie-nr-17-w-olsztynie-382777\u0022 hreflang=\u0022pl\u0022\u003EPrzedszkole Miejskie nr 17 w Olsztynie\u003C\/a\u003E","field_kierownik_jednostki":"Anna Wadas","field_numer_telefonu":"89 533-58-36","field_identyfikator_epuap":"\/pm17olsztyn\/SkrytkaESP","field_adres_bip":"\u003Ca href=\u0022https:\/\/pm17olsztyn.bip.gov.pl\/\u0022\u003Ehttps:\/\/pm17olsztyn.bip.gov.pl\/\u003C\/a\u003E","field_adres_strony_internetowe5":"\u003Ca href=\u0022https:\/\/pm17.olsztyn.eu\/\u0022\u003Ehttps:\/\/pm17.olsztyn.eu\/\u003C\/a\u003E"},{"title":"\u003Ca href=\u0022\/miejska-jednostka-organizacyjna-miasta-olsztyna\/przedszkole-miejskie-nr-19-w-olsztynie-382778\u0022 hreflang=\u0022pl\u0022\u003EPrzedszkole Miejskie nr 19 w Olsztynie\u003C\/a\u003E","field_kierownik_jednostki":"Izabela Jolanta Ja\u0142y\u0144ska","field_numer_telefonu":"89 526-59-71","field_identyfikator_epuap":"\/PM192015\/SkrytkaESP","field_adres_bip":"\u003Ca href=\u0022https:\/\/pm19olsztyn.bip.gov.pl\/\u0022\u003Ehttps:\/\/pm19olsztyn.bip.gov.pl\/\u003C\/a\u003E","field_adres_strony_internetowe5":"\u003Ca href=\u0022https:\/\/pm19.olsztyn.eu\/\u0022\u003Ehttps:\/\/pm19.olsztyn.eu\/\u003C\/a\u003E"},{"title":"\u003Ca href=\u0022\/miejska-jednostka-organizacyjna-miasta-olsztyna\/przedszkole-miejskie-nr-20-w-olsztynie-382779\u0022 hreflang=\u0022pl\u0022\u003EPrzedszkole Miejskie nr 20 w Olsztynie\u003C\/a\u003E","field_kierownik_jednostki":"El\u017cbieta Bo\u017cena Rudzik","field_numer_telefonu":"89 533-19-96","field_identyfikator_epuap":"\/PM_20\/SkrytkaESP","field_adres_bip":"\u003Ca href=\u0022https:\/\/pm20olsztyn.bip.gov.pl\/\u0022\u003Ehttps:\/\/pm20olsztyn.bip.gov.pl\/\u003C\/a\u003E","field_adres_strony_internetowe5":"\u003Ca href=\u0022https:\/\/pm20.olsztyn.eu\/\u0022\u003Ehttps:\/\/pm20.olsztyn.eu\/\u003C\/a\u003E"},{"title":"\u003Ca href=\u0022\/miejska-jednostka-organizacyjna-miasta-olsztyna\/przedszkole-miejskie-nr-23-w-olsztynie-382780\u0022 hreflang=\u0022pl\u0022\u003EPrzedszkole Miejskie nr 23 w Olsztynie\u003C\/a\u003E","field_kierownik_jednostki":"Maria Ewa Zdunek","field_numer_telefonu":"89 542-89-69","field_identyfikator_epuap":"\/pm23olsztyn\/SkrytkaESP","field_adres_bip":"\u003Ca href=\u0022https:\/\/bip.pm23.olsztyn.eu\/\u0022\u003Ehttps:\/\/bip.pm23.olsztyn.eu\/\u003C\/a\u003E","field_adres_strony_internetowe5":"\u003Ca href=\u0022https:\/\/pm23.olsztyn.eu\/\u0022\u003Ehttps:\/\/pm23.olsztyn.eu\/\u003C\/a\u003E"},{"title":"\u003Ca href=\u0022\/miejska-jednostka-organizacyjna-miasta-olsztyna\/przedszkole-miejskie-nr-24-w-olsztynie-382781\u0022 hreflang=\u0022pl\u0022\u003EPrzedszkole Miejskie nr 24 w Olsztynie\u003C\/a\u003E","field_kierownik_jednostki":"Ewa \u017by\u0142ak","field_numer_telefonu":"89 533-68-85","field_identyfikator_epuap":"\/pm24w\/SkrytkaESP","field_adres_bip":"\u003Ca href=\u0022https:\/\/pm24olsztyn.ssdip.bip.gov.pl\/\u0022\u003Ehttps:\/\/pm24olsztyn.ssdip.bip.gov.pl\/\u003C\/a\u003E","field_adres_strony_internetowe5":"\u003Ca href=\u0022https:\/\/pm24.olsztyn.eu\/\u0022\u003Ehttps:\/\/pm24.olsztyn.eu\/\u003C\/a\u003E"},{"title":"\u003Ca href=\u0022\/miejska-jednostka-organizacyjna-miasta-olsztyna\/przedszkole-miejskie-nr-29-im-akademii-usmiechu-w\u0022 hreflang=\u0022pl\u0022\u003EPrzedszkole Miejskie nr 29 im. Akademii U\u015bmiechu w Olsztynie\u003C\/a\u003E","field_kierownik_jednostki":"Halina Hincman","field_numer_telefonu":"89 541-90-28","field_identyfikator_epuap":"\/pm29_oppl1\/SkrytkaESP","field_adres_bip":"\u003Ca href=\u0022https:\/\/pm29olsztyn.ssdip.bip.gov.pl\/\u0022\u003Ehttps:\/\/pm29olsztyn.ssdip.bip.gov.pl\/\u003C\/a\u003E","field_adres_strony_internetowe5":"\u003Ca href=\u0022https:\/\/pm29.olsztyn.eu\/\u0022\u003Ehttps:\/\/pm29.olsztyn.eu\/\u003C\/a\u003E"},{"title":"\u003Ca href=\u0022\/miejska-jednostka-organizacyjna-miasta-olsztyna\/przedszkole-miejskie-nr-31-w-olsztynie-382783\u0022 hreflang=\u0022pl\u0022\u003EPrzedszkole Miejskie nr 31 w Olsztynie\u003C\/a\u003E","field_kierownik_jednostki":"Katarzyna Anna Kobusi\u0144ska","field_numer_telefonu":"89 542-81-20","field_identyfikator_epuap":"\/PM31_Olsztyn\/SkrytkaESP","field_adres_bip":"\u003Ca href=\u0022https:\/\/pm31olsztyn.bip.gov.pl\/\u0022\u003Ehttps:\/\/pm31olsztyn.bip.gov.pl\/\u003C\/a\u003E","field_adres_strony_internetowe5":"\u003Ca href=\u0022https:\/\/pm31.olsztyn.eu\/\u0022\u003Ehttps:\/\/pm31.olsztyn.eu\/\u003C\/a\u003E"},{"title":"\u003Ca href=\u0022\/miejska-jednostka-organizacyjna-miasta-olsztyna\/przedszkole-miejskie-nr-32-w-olsztynie-382784\u0022 hreflang=\u0022pl\u0022\u003EPrzedszkole Miejskie nr 32 w Olsztynie\u003C\/a\u003E","field_kierownik_jednostki":"Ewa Zuba","field_numer_telefonu":"89 542-81-77","field_identyfikator_epuap":"\/Przedszkole32\/SkrytkaESP","field_adres_bip":"\u003Ca href=\u0022https:\/\/bip-pm32.olsztyn.eu\/\u0022\u003Ehttps:\/\/bip-pm32.olsztyn.eu\/\u003C\/a\u003E","field_adres_strony_internetowe5":"\u003Ca href=\u0022https:\/\/pm32.olsztyn.eu\/\u0022\u003Ehttps:\/\/pm32.olsztyn.eu\/\u003C\/a\u003E"},{"title":"\u003Ca href=\u0022\/miejska-jednostka-organizacyjna-miasta-olsztyna\/przedszkole-miejskie-nr-36-w-olsztynie-im-doroty\u0022 hreflang=\u0022pl\u0022\u003EPrzedszkole Miejskie nr 36 w Olsztynie im. Doroty Gellner\u003C\/a\u003E","field_kierownik_jednostki":"Joanna Wilczewska","field_numer_telefonu":"89 533-17-76","field_identyfikator_epuap":"\/pm36\/SkrytkaESP\u003Cbr \/\u003E\n","field_adres_bip":"\u003Ca href=\u0022https:\/\/pm36olsztyn.bip.gov.pl\/\u0022\u003Ehttps:\/\/pm36olsztyn.bip.gov.pl\/\u003C\/a\u003E","field_adres_strony_internetowe5":"\u003Ca href=\u0022https:\/\/pm36.olsztyn.eu\/\u0022\u003Ehttps:\/\/pm36.olsztyn.eu\/\u003C\/a\u003E"},{"title":"\u003Ca href=\u0022\/miejska-jednostka-organizacyjna-miasta-olsztyna\/przedszkole-miejskie-nr-38-w-olsztynie-382787\u0022 hreflang=\u0022pl\u0022\u003EPrzedszkole Miejskie nr 38 w Olsztynie\u003C\/a\u003E","field_kierownik_jednostki":"R\u00f3\u017ca Kwiatkowska","field_numer_telefonu":"89 533-65-03","field_identyfikator_epuap":"\/PM38\/SkrytkaESP","field_adres_bip":"\u003Ca href=\u0022https:\/\/pm38olsztyn.bip.gov.pl\/\u0022\u003Ehttps:\/\/pm38olsztyn.bip.gov.pl\/\u003C\/a\u003E","field_adres_strony_internetowe5":"\u003Ca href=\u0022https:\/\/pm38.olsztyn.eu\/\u0022\u003Ehttps:\/\/pm38.olsztyn.eu\/\u003C\/a\u003E"},{"title":"\u003Ca href=\u0022\/miejska-jednostka-organizacyjna-miasta-olsztyna\/olsztynski-park-naukowo-technologiczny-382758\u0022 hreflang=\u0022pl\u0022\u003EOlszty\u0144ski Park Naukowo-Technologiczny\u003C\/a\u003E","field_kierownik_jednostki":"Maria Ewa Borzym","field_numer_telefonu":"89 612-05-00","field_identyfikator_epuap":"\/OPN-T\/SkrytkaESP","field_adres_bip":"\u003Ca href=\u0022https:\/\/opn-t.bip.gov.pl\/\u0022\u003Ehttps:\/\/opn-t.bip.gov.pl\/\u003C\/a\u003E","field_adres_strony_internetowe5":"\u003Ca href=\u0022https:\/\/opnt.olsztyn.eu\/\u0022\u003Ehttps:\/\/opnt.olsztyn.eu\/\u003C\/a\u003E"},{"title":"\u003Ca href=\u0022\/miejska-jednostka-organizacyjna-miasta-olsztyna\/olsztynskie-centrum-pomocy-dziecku-382759\u0022 hreflang=\u0022pl\u0022\u003EOlszty\u0144skie Centrum Pomocy Dziecku\u003C\/a\u003E","field_kierownik_jednostki":"Anna Norejko","field_numer_telefonu":"89 527-90-12","field_identyfikator_epuap":"\/OCPD_OLSZTYN\/SkrytkaESP","field_adres_bip":"\u003Ca href=\u0022https:\/\/ocpd_olsztyn.bip.gov.pl\/\u0022\u003Ehttps:\/\/ocpd_olsztyn.bip.gov.pl\/\u003C\/a\u003E","field_adres_strony_internetowe5":"\u003Ca href=\u0022https:\/\/ocpd.olsztyn.eu\/\u0022\u003Ehttps:\/\/ocpd.olsztyn.eu\/\u003C\/a\u003E"},{"title":"\u003Ca href=\u0022\/miejska-jednostka-organizacyjna-miasta-olsztyna\/osrodek-sportu-i-rekreacji-w-olsztynie-382761\u0022 hreflang=\u0022pl\u0022\u003EO\u015brodek Sportu i Rekreacji w Olsztynie\u003C\/a\u003E","field_kierownik_jednostki":"Jerzy Litwi\u0144ski","field_numer_telefonu":"89 527-74-02","field_identyfikator_epuap":"\/OSIR\/SkrytkaESP","field_adres_bip":"\u003Ca href=\u0022https:\/\/osir_olsztyn.ssdip.bip.gov.pl\/\u0022\u003Ehttps:\/\/osir_olsztyn.ssdip.bip.gov.pl\/\u003C\/a\u003E","field_adres_strony_internetowe5":"\u003Ca href=\u0022https:\/\/osir.olsztyn.pl\/pl\/\u0022\u003Ehttps:\/\/osir.olsztyn.pl\/pl\/\u003C\/a\u003E"},{"title":"\u003Ca href=\u0022\/miejska-jednostka-organizacyjna-miasta-olsztyna\/palac-mlodziezy-im-orlat-lwowskich-w-olsztynie\u0022 hreflang=\u0022pl\u0022\u003EPa\u0142ac M\u0142odzie\u017cy im. Orl\u0105t Lwowskich w Olsztynie\u003C\/a\u003E","field_kierownik_jednostki":"Angelika Stawisi\u0144ska","field_numer_telefonu":"89 527-32-69","field_identyfikator_epuap":"\/PalacOlsztyn\/SkrytkaESP","field_adres_bip":"\u003Ca href=\u0022https:\/\/palacolsztyn.bip.gov.pl\u0022\u003Ehttps:\/\/palacolsztyn.bip.gov.pl\u003C\/a\u003E","field_adres_strony_internetowe5":"\u003Ca href=\u0022https:\/\/palac.olsztyn.eu\/\u0022\u003Ehttps:\/\/palac.olsztyn.eu\/\u003C\/a\u003E"},{"title":"\u003Ca href=\u0022\/miejska-jednostka-organizacyjna-miasta-olsztyna\/poradnia-psychologiczno-pedagogiczna-nr-1-w\u0022 hreflang=\u0022pl\u0022\u003EPoradnia Psychologiczno-Pedagogiczna nr 1 w Olsztynie\u003C\/a\u003E","field_kierownik_jednostki":"Anna Jeli\u0144ska","field_numer_telefonu":"89 527-20-03","field_identyfikator_epuap":"\/PPP_Olsztyn\/SkrytkaESP","field_adres_bip":"\u003Ca href=\u0022https:\/\/bip-ppp1.olsztyn.eu\/\u0022\u003Ehttps:\/\/bip-ppp1.olsztyn.eu\/\u003C\/a\u003E","field_adres_strony_internetowe5":"\u003Ca href=\u0022https:\/\/ppp1.olsztyn.eu\/\u0022\u003Ehttps:\/\/ppp1.olsztyn.eu\/\u003C\/a\u003E"},{"title":"\u003Ca href=\u0022\/miejska-jednostka-organizacyjna-miasta-olsztyna\/poradnia-psychologiczno-pedagogiczna-nr-3-w\u0022 hreflang=\u0022pl\u0022\u003EPoradnia Psychologiczno-Pedagogiczna nr 3 w Olsztynie\u003C\/a\u003E","field_kierownik_jednostki":"Agata G\u0119\u015bla","field_numer_telefonu":"89 527-23-47","field_identyfikator_epuap":"\/PPP_3_Olsztyn\/SkrytkaESP","field_adres_bip":"\u003Ca href=\u0022https:\/\/bip-ppp3.olsztyn.eu\/\u0022\u003Ehttps:\/\/bip-ppp3.olsztyn.eu\/\u003C\/a\u003E","field_adres_strony_internetowe5":"\u003Ca href=\u0022http:\/\/ppp3.olsztyn.eu\/\u0022\u003Ehttp:\/\/ppp3.olsztyn.eu\/\u003C\/a\u003E"},{"title":"\u003Ca href=\u0022\/miejska-jednostka-organizacyjna-miasta-olsztyna\/przedszkole-miejskie-nr-1-w-olsztynie-382765\u0022 hreflang=\u0022pl\u0022\u003EPrzedszkole Miejskie nr 1 w Olsztynie\u003C\/a\u003E","field_kierownik_jednostki":"Barbara Ma\u0142gorzata Zinkiewicz","field_numer_telefonu":"89 526-06-22","field_identyfikator_epuap":"\/pm1olsztyn\/SkrytkaESP","field_adres_bip":"\u003Ca href=\u0022https:\/\/pm1olsztyn-ssdip-bip-gov-pl.bip.gov.pl\/\u0022\u003Ehttps:\/\/pm1olsztyn-ssdip-bip-gov-pl.bip.gov.pl\/\u003C\/a\u003E","field_adres_strony_internetowe5":"\u003Ca href=\u0022https:\/\/pm1.olsztyn.eu\/\u0022\u003Ehttps:\/\/pm1.olsztyn.eu\/\u003C\/a\u003E"},{"title":"\u003Ca href=\u0022\/miejska-jednostka-organizacyjna-miasta-olsztyna\/przedszkole-miejskie-nr-2-w-olsztynie-382766\u0022 hreflang=\u0022pl\u0022\u003EPrzedszkole Miejskie nr 2 w Olsztynie\u003C\/a\u003E","field_kierownik_jednostki":"Przemys\u0142aw Fabisiak","field_numer_telefonu":"89 527-65-72","field_identyfikator_epuap":"\/PM2_Olsztyn\/SkrytkaESP","field_adres_bip":"\u003Ca href=\u0022https:\/\/pm2_olsztyn.bip.gov.pl\/\u0022\u003Ehttps:\/\/pm2_olsztyn.bip.gov.pl\/\u003C\/a\u003E","field_adres_strony_internetowe5":"\u003Ca href=\u0022https:\/\/pm2.olsztyn.eu\/\u0022\u003Ehttps:\/\/pm2.olsztyn.eu\/\u003C\/a\u003E"},{"title":"\u003Ca href=\u0022\/miejska-jednostka-organizacyjna-miasta-olsztyna\/przedszkole-miejskie-nr-3-w-olsztynie-382767\u0022 hreflang=\u0022pl\u0022\u003EPrzedszkole Miejskie nr 3 w Olsztynie\u003C\/a\u003E","field_kierownik_jednostki":"Jolanta Ab\u0142am","field_numer_telefonu":"89 533-11-38","field_identyfikator_epuap":"\/Przedszkole3_Olsztyn\/SkrytkaESP","field_adres_bip":"\u003Ca href=\u0022https:\/\/pm3_olsztyn.bip.gov.pl\/\u0022\u003Ehttps:\/\/pm3_olsztyn.bip.gov.pl\/\u003C\/a\u003E","field_adres_strony_internetowe5":"\u003Ca href=\u0022https:\/\/pm3.olsztyn.eu\/\u0022\u003Ehttps:\/\/pm3.olsztyn.eu\/\u003C\/a\u003E"},{"title":"\u003Ca href=\u0022\/miejska-jednostka-organizacyjna-miasta-olsztyna\/przedszkole-miejskie-nr-4-im-pluszowego-misia-w\u0022 hreflang=\u0022pl\u0022\u003EPrzedszkole Miejskie nr 4 im. Pluszowego Misia w Olsztynie\u003C\/a\u003E","field_kierownik_jednostki":"Katarzyna Zalewska","field_numer_telefonu":"89 527-27-51","field_identyfikator_epuap":"\/PM4_Olsztyn\/SkrytkaESP","field_adres_bip":"\u003Ca href=\u0022https:\/\/pm4olsztyn.bip.gov.pl\u0022\u003Ehttps:\/\/pm4olsztyn.bip.gov.pl\u003C\/a\u003E","field_adres_strony_internetowe5":"\u003Ca href=\u0022https:\/\/pm4.olsztyn.eu\/\u0022\u003Ehttps:\/\/pm4.olsztyn.eu\/\u003C\/a\u003E"},{"title":"\u003Ca href=\u0022\/miejska-jednostka-organizacyjna-miasta-olsztyna\/przedszkole-miejskie-nr-5-w-olsztynie-382769\u0022 hreflang=\u0022pl\u0022\u003EPrzedszkole Miejskie nr 5 w Olsztynie\u003C\/a\u003E","field_kierownik_jednostki":"Wioletta Kr\u00f3l","field_numer_telefonu":"534-207-774","field_identyfikator_epuap":"\/PM5Olsztyn\/SkrytkaESP","field_adres_bip":"\u003Ca href=\u0022https:\/\/pm5olsztyn.bip.gov.pl\u0022\u003Ehttps:\/\/pm5olsztyn.bip.gov.pl\u003C\/a\u003E","field_adres_strony_internetowe5":"\u003Ca href=\u0022https:\/\/pm5.olsztyn.eu\/\u0022\u003Ehttps:\/\/pm5.olsztyn.eu\/\u003C\/a\u003E"},{"title":"\u003Ca href=\u0022\/miejska-jednostka-organizacyjna-miasta-olsztyna\/przedszkole-miejskie-nr-9-w-olsztynie-382771\u0022 hreflang=\u0022pl\u0022\u003EPrzedszkole Miejskie nr 9 w Olsztynie\u003C\/a\u003E","field_kierownik_jednostki":"Stanis\u0142awa Ejsymont","field_numer_telefonu":"89 541-92-14","field_identyfikator_epuap":"\/pm9_olsztyn\/SkrytkaESP","field_adres_bip":"\u003Ca href=\u0022https:\/\/pm9_olsztyn.bip.gov.pl\/\u0022\u003Ehttps:\/\/pm9_olsztyn.bip.gov.pl\/\u003C\/a\u003E","field_adres_strony_internetowe5":"\u003Ca href=\u0022https:\/\/pm9.olsztyn.eu\/\u0022\u003Ehttps:\/\/pm9.olsztyn.eu\/\u003C\/a\u003E"},{"title":"\u003Ca href=\u0022\/miejska-jednostka-organizacyjna-miasta-olsztyna\/przedszkole-miejskie-nr-10-im-jana-pawla-ii-w\u0022 hreflang=\u0022pl\u0022\u003EPrzedszkole Miejskie nr 10 im. Jana Paw\u0142a II w Olsztynie\u003C\/a\u003E","field_kierownik_jednostki":"Ewa Hanna Konieczko","field_numer_telefonu":"89 526-04-43","field_identyfikator_epuap":"\/PM102015\/SkrytkaESP","field_adres_bip":"\u003Ca href=\u0022https:\/\/pm102015.bip.gov.pl\/\u0022\u003Ehttps:\/\/pm102015.bip.gov.pl\/\u003C\/a\u003E","field_adres_strony_internetowe5":"\u003Ca href=\u0022https:\/\/pm10.olsztyn.eu\/\u0022\u003Ehttps:\/\/pm10.olsztyn.eu\/\u003C\/a\u003E"},{"title":"\u003Ca href=\u0022\/miejska-jednostka-organizacyjna-miasta-olsztyna\/przedszkole-miejskie-nr-12-w-olsztynie-382773\u0022 hreflang=\u0022pl\u0022\u003EPrzedszkole Miejskie nr 12 w Olsztynie\u003C\/a\u003E","field_kierownik_jednostki":"Magdalena Bartczak","field_numer_telefonu":"89 533-25-68","field_identyfikator_epuap":"\/PM12_Olsztyn\/SkrytkaESP","field_adres_bip":"\u003Ca href=\u0022https:\/\/pm12olsztyn.bip.gov.pl\u0022\u003Ehttps:\/\/pm12olsztyn.bip.gov.pl\u003C\/a\u003E","field_adres_strony_internetowe5":"\u003Ca href=\u0022https:\/\/pm12.olsztyn.eu\/\u0022\u003Ehttps:\/\/pm12.olsztyn.eu\/\u003C\/a\u003E"},{"title":"\u003Ca href=\u0022\/miejska-jednostka-organizacyjna-miasta-olsztyna\/centrum-placowek-opiekunczo-wychowawczych-w\u0022 hreflang=\u0022pl\u0022\u003ECentrum Plac\u00f3wek Opieku\u0144czo-Wychowawczych w Olsztynie\u003C\/a\u003E","field_kierownik_jednostki":"Bo\u017cena Mrozowska","field_numer_telefonu":"89 527-55-91","field_identyfikator_epuap":"\/CPO-W\/SkrytkaESP","field_adres_bip":"\u003Ca href=\u0022https:\/\/www.e-bip.org.pl\/cpowolsztyn\u0022\u003Ehttps:\/\/www.e-bip.org.pl\/cpowolsztyn\u003C\/a\u003E","field_adres_strony_internetowe5":"\u003Ca href=\u0022https:\/\/domdziecka.olsztyn.eu\/\u0022\u003Ehttps:\/\/domdziecka.olsztyn.eu\/\u003C\/a\u003E"},{"title":"\u003Ca href=\u0022\/miejska-jednostka-organizacyjna-miasta-olsztyna\/dom-pomocy-spolecznej-kombatant-w-olsztynie-382746\u0022 hreflang=\u0022pl\u0022\u003EDom Pomocy Spo\u0142ecznej \u0026quot;Kombatant\u0026quot; w Olsztynie\u003C\/a\u003E","field_kierownik_jednostki":"Zenona \u0106wikli\u0144ska","field_numer_telefonu":"89 535-66-00","field_identyfikator_epuap":"\/dps_kombatantolsztyn\/SkrytkaESP","field_adres_bip":"\u003Ca href=\u0022https:\/\/dps_kombatantolsztyn.bip.gov.pl\/\u0022\u003Ehttps:\/\/dps_kombatantolsztyn.bip.gov.pl\/\u003C\/a\u003E","field_adres_strony_internetowe5":"\u003Ca href=\u0022http:\/\/kombatant.olsztyn.eu\/\u0022\u003Ehttp:\/\/kombatant.olsztyn.eu\/\u003C\/a\u003E"},{"title":"\u003Ca href=\u0022\/miejska-jednostka-organizacyjna-miasta-olsztyna\/dom-pomocy-spolecznej-przy-ul-baltyckiej-37a-w\u0022 hreflang=\u0022pl\u0022\u003EDom Pomocy Spo\u0142ecznej przy ul. Ba\u0142tyckiej 37a w Olsztynie\u003C\/a\u003E","field_kierownik_jednostki":"Beata Kieda","field_numer_telefonu":"89 521-33-93","field_identyfikator_epuap":"\/dps_olsztyn\/SkrytkaESP","field_adres_bip":"\u003Ca href=\u0022https:\/\/dps.olsztyn.bip.gov.pl\u0022\u003Ehttps:\/\/dps.olsztyn.bip.gov.pl\u003C\/a\u003E","field_adres_strony_internetowe5":"\u003Ca href=\u0022https:\/\/dps.olsztyn.eu\u0022\u003Ehttps:\/\/dps.olsztyn.eu\u003C\/a\u003E"},{"title":"\u003Ca href=\u0022\/miejska-jednostka-organizacyjna-miasta-olsztyna\/srodowiskowy-dom-samopomocy-dla-osob-z-zaburzeniami\u0022 hreflang=\u0022pl\u0022\u003E\u015arodowiskowy Dom Samopomocy dla os\u00f3b z zaburzeniami psychicznymi \u0026quot;Dworek\u0026quot; z fili\u0105\u003C\/a\u003E","field_kierownik_jednostki":"Anna Cymler-Lewandowska","field_numer_telefonu":"797-968-377","field_identyfikator_epuap":"\/SDSDworek\/SkrytkaESP","field_adres_bip":"\u003Ca href=\u0022https:\/\/bip-sdsdworek.olsztyn.eu\/\u0022\u003Ehttps:\/\/bip-sdsdworek.olsztyn.eu\/\u003C\/a\u003E","field_adres_strony_internetowe5":"\u003Ca href=\u0022https:\/\/bip-sdsdworek.olsztyn.eu\/\u0022\u003Ehttps:\/\/bip-sdsdworek.olsztyn.eu\/\u003C\/a\u003E"},{"title":"\u003Ca href=\u0022\/miejska-jednostka-organizacyjna-miasta-olsztyna\/filia-382749\u0022 hreflang=\u0022pl\u0022\u003Efilia:\u003C\/a\u003E","field_kierownik_jednostki":"","field_numer_telefonu":"","field_identyfikator_epuap":"","field_adres_bip":"","field_adres_strony_internetowe5":""},{"title":"\u003Ca href=\u0022\/miejska-jednostka-organizacyjna-miasta-olsztyna\/srodowiskowy-dom-samopomocy-dla-osob-z-0\u0022 hreflang=\u0022pl\u0022\u003E\u015arodowiskowy Dom Samopomocy dla os\u00f3b z zaburzeniami psychicznymi \u0026quot;Wyspa\u0026quot;\u003C\/a\u003E","field_kierownik_jednostki":"Marianna Idzikowska","field_numer_telefonu":"506-359-510","field_identyfikator_epuap":"\/SDSDworek\/SkrytkaESP","field_adres_bip":"\u003Ca href=\u0022https:\/\/bip-sdsw.olsztyn.eu\/\u0022\u003Ehttps:\/\/bip-sdsw.olsztyn.eu\/\u003C\/a\u003E","field_adres_strony_internetowe5":""},{"title":"\u003Ca href=\u0022\/miejska-jednostka-organizacyjna-miasta-olsztyna\/i-liceum-ogolnoksztalcace-im-adama-mickiewicza-w\u0022 hreflang=\u0022pl\u0022\u003EI Liceum Og\u00f3lnokszta\u0142c\u0105ce im. Adama Mickiewicza w Olsztynie\u003C\/a\u003E","field_kierownik_jednostki":"Jolanta Weronika Skrzypczy\u0144ska","field_numer_telefonu":"89 527-53-53","field_identyfikator_epuap":"\/lo1olsztyn\/SkrytkaESP","field_adres_bip":"\u003Ca href=\u0022https:\/\/bip.lo1.olsztyn.eu\/\u0022\u003Ehttps:\/\/bip.lo1.olsztyn.eu\/\u003C\/a\u003E","field_adres_strony_internetowe5":"\u003Ca href=\u0022http:\/\/lo1.olsztyn.pl\/\u0022\u003Ehttp:\/\/lo1.olsztyn.pl\/\u003C\/a\u003E"},{"title":"\u003Ca href=\u0022\/miejska-jednostka-organizacyjna-miasta-olsztyna\/iii-liceum-ogolnoksztalcace-im-mikolaja-kopernika-w\u0022 hreflang=\u0022pl\u0022\u003EIII Liceum Og\u00f3lnokszta\u0142c\u0105ce im. Miko\u0142aja Kopernika w Olsztynie\u003C\/a\u003E","field_kierownik_jednostki":"Danuta Ma\u0142gorzata Gomoli\u0144ska","field_numer_telefonu":"89 526-44-22","field_identyfikator_epuap":"\/LO3OLSZTYN\/SkrytkaESP","field_adres_bip":"\u003Ca href=\u0022https:\/\/lo3olsztyn.bip.gov.pl\/\u0022\u003Ehttps:\/\/lo3olsztyn.bip.gov.pl\/\u003C\/a\u003E","field_adres_strony_internetowe5":"\u003Ca href=\u0022http:\/\/lo3.olsztyn.pl\/\u0022\u003Ehttp:\/\/lo3.olsztyn.pl\/\u003C\/a\u003E"},{"title":"\u003Ca href=\u0022\/miejska-jednostka-organizacyjna-miasta-olsztyna\/v-liceum-ogolnoksztalcace-im-wspolnej-europy-382753\u0022 hreflang=\u0022pl\u0022\u003EV Liceum Og\u00f3lnokszta\u0142c\u0105ce im. Wsp\u00f3lnej Europy\u003C\/a\u003E","field_kierownik_jednostki":"Anna Struk","field_numer_telefonu":"89-542-99-53","field_identyfikator_epuap":"\/ZSONr7Olsztyn\/SkrytkaESP","field_adres_bip":"\u003Ca href=\u0022https:\/\/bip.lo5.olsztyn.eu\/\u0022\u003Ehttps:\/\/bip.lo5.olsztyn.eu\/\u003C\/a\u003E","field_adres_strony_internetowe5":"\u003Ca href=\u0022https:\/\/lo5.olsztyn.eu\/\u0022\u003Ehttps:\/\/lo5.olsztyn.eu\/\u003C\/a\u003E"},{"title":"\u003Ca href=\u0022\/miejska-jednostka-organizacyjna-miasta-olsztyna\/miejski-osrodek-pomocy-spolecznej-w-olsztynie\u0022 hreflang=\u0022pl\u0022\u003EMiejski O\u015brodek Pomocy Spo\u0142ecznej w Olsztynie\u003C\/a\u003E","field_kierownik_jednostki":"El\u017cbieta Skaskiewicz","field_numer_telefonu":"89 534-04-14","field_identyfikator_epuap":"\/MOPS\/SkrytkaESP","field_adres_bip":"\u003Ca href=\u0022https:\/\/mopsolsztyn.bip.gov.pl\/\u0022\u003Ehttps:\/\/mopsolsztyn.bip.gov.pl\/\u003C\/a\u003E","field_adres_strony_internetowe5":""},{"title":"\u003Ca href=\u0022\/miejska-jednostka-organizacyjna-miasta-olsztyna\/miejski-urzad-pracy-w-olsztynie-382755\u0022 hreflang=\u0022pl\u0022\u003EMiejski Urz\u0105d Pracy w Olsztynie\u003C\/a\u003E","field_kierownik_jednostki":"Katarzyna Pietkiewicz","field_numer_telefonu":"89 537-28-00","field_identyfikator_epuap":"\/MUP\/SkrytkaESP","field_adres_bip":"\u003Ca href=\u0022http:\/\/mup.olsztyn.ibip.pl\/public\/\u0022\u003Ehttp:\/\/mup.olsztyn.ibip.pl\/public\/\u003C\/a\u003E","field_adres_strony_internetowe5":"\u003Ca href=\u0022https:\/\/mupolsztyn.praca.gov.pl\/\u0022\u003Ehttps:\/\/mupolsztyn.praca.gov.pl\/\u003C\/a\u003E"},{"title":"\u003Ca href=\u0022\/miejska-jednostka-organizacyjna-miasta-olsztyna\/miejski-zespol-ds-rehabilitacji-zawodowej-i\u0022 hreflang=\u0022pl\u0022\u003EMiejski Zesp\u00f3\u0142 ds. Rehabilitacji Zawodowej i Spo\u0142ecznej Os\u00f3b Niepe\u0142nosprawnych w Olsztynie\u003C\/a\u003E","field_kierownik_jednostki":"Maria Maciejska","field_numer_telefonu":"89 535-25-59","field_identyfikator_epuap":"\/mzonolsztyn\/SkrytkaESP","field_adres_bip":"\u003Ca href=\u0022https:\/\/mzon.olsztyn.eu\/\u0022\u003Ehttps:\/\/mzon.olsztyn.eu\/\u003C\/a\u003E","field_adres_strony_internetowe5":"\u003Ca href=\u0022https:\/\/mzon.olsztyn.eu\/\u0022\u003Ehttps:\/\/mzon.olsztyn.eu\/\u003C\/a\u003E"},{"title":"\u003Ca href=\u0022\/miejska-jednostka-organizacyjna-miasta-olsztyna\/miejski-zespol-profilaktyki-i-terapii-uzaleznien-w\u0022 hreflang=\u0022pl\u0022\u003EMiejski Zesp\u00f3\u0142 Profilaktyki i Terapii Uzale\u017cnie\u0144 w Olsztynie\u003C\/a\u003E","field_kierownik_jednostki":"Anna Igielska","field_numer_telefonu":"89 535-77-78","field_identyfikator_epuap":"\/mzpitu\/SkrytkaESP","field_adres_bip":"\u003Ca href=\u0022https:\/\/mzpitu.bip.gov.pl\/\u0022\u003Ehttps:\/\/mzpitu.bip.gov.pl\/\u003C\/a\u003E","field_adres_strony_internetowe5":"\u003Ca href=\u0022https:\/\/mzpitu.olsztyn.eu\/\u0022\u003Ehttps:\/\/mzpitu.olsztyn.eu\/\u003C\/a\u003E"},{"title":"\u003Ca href=\u0022\/miejska-jednostka-organizacyjna-miasta-olsztyna\/miejska-biblioteka-publiczna-w-olsztynie-382737\u0022 hreflang=\u0022pl\u0022\u003EMiejska Biblioteka Publiczna w Olsztynie\u003C\/a\u003E","field_kierownik_jednostki":"Krzysztof D\u0105bkowski","field_numer_telefonu":"89 535-30-80","field_identyfikator_epuap":"\/MBP_Olsztyn\/SkrytkaESP","field_adres_bip":"\u003Ca href=\u0022https:\/\/bip.mbp.olsztyn.pl\/\u0022\u003Ehttps:\/\/bip.mbp.olsztyn.pl\/\u003C\/a\u003E","field_adres_strony_internetowe5":"\u003Ca href=\u0022https:\/\/mbp.olsztyn.pl\/\u0022\u003Ehttps:\/\/mbp.olsztyn.pl\/\u003C\/a\u003E"},{"title":"\u003Ca href=\u0022\/miejska-jednostka-organizacyjna-miasta-olsztyna\/miejski-osrodek-kultury-w-olsztynie-382738\u0022 hreflang=\u0022pl\u0022\u003EMiejski O\u015brodek Kultury w Olsztynie\u003C\/a\u003E","field_kierownik_jednostki":"Mariusz Sieniewicz","field_numer_telefonu":"89 522-13-72","field_identyfikator_epuap":"\/MOKOlsztyn\/SkrytkaESP","field_adres_bip":"\u003Ca href=\u0022https:\/\/mokolsztyn.bip.gov.pl\/\u0022\u003Ehttps:\/\/mokolsztyn.bip.gov.pl\/\u003C\/a\u003E","field_adres_strony_internetowe5":"\u003Ca href=\u0022https:\/\/www.mok.olsztyn.pl\/\u0022\u003Ehttps:\/\/www.mok.olsztyn.pl\/\u003C\/a\u003E"},{"title":"\u003Ca href=\u0022\/miejska-jednostka-organizacyjna-miasta-olsztyna\/olsztynski-teatr-lalek-382739\u0022 hreflang=\u0022pl\u0022\u003EOlszty\u0144ski Teatr Lalek\u003C\/a\u003E","field_kierownik_jednostki":"Andrzej Bartnikowski","field_numer_telefonu":"89 538-70-20","field_identyfikator_epuap":"\/OTL\/SkrytkaESP","field_adres_bip":"\u003Ca href=\u0022https:\/\/otl.bip.gov.pl\/\u0022\u003Ehttps:\/\/otl.bip.gov.pl\/\u003C\/a\u003E","field_adres_strony_internetowe5":"\u003Ca href=\u0022https:\/\/teatrlalek.olsztyn.pl\/\u0022\u003Ehttps:\/\/teatrlalek.olsztyn.pl\/\u003C\/a\u003E"},{"title":"\u003Ca href=\u0022\/miejska-jednostka-organizacyjna-miasta-olsztyna\/olsztynskie-planetarium-i-obserwatorium\u0022 hreflang=\u0022pl\u0022\u003EOlszty\u0144skie Planetarium i Obserwatorium Astronomiczne\u003C\/a\u003E","field_kierownik_jednostki":"Jacek Szubiakowski","field_numer_telefonu":"89 650-04-20","field_identyfikator_epuap":"\/OPiOA\/SkrytkaESP","field_adres_bip":"\u003Ca href=\u0022https:\/\/opioa.bip.gov.pl\/\u0022\u003Ehttps:\/\/opioa.bip.gov.pl\/\u003C\/a\u003E","field_adres_strony_internetowe5":"\u003Ca href=\u0022https:\/\/planetarium.olsztyn.pl\/\u0022\u003Ehttps:\/\/planetarium.olsztyn.pl\/\u003C\/a\u003E"},{"title":"\u003Ca href=\u0022\/miejska-jednostka-organizacyjna-miasta-olsztyna\/centrum-informatycznych-uslug-wspolnych-olsztyna\u0022 hreflang=\u0022pl\u0022\u003ECentrum Informatycznych Us\u0142ug Wsp\u00f3lnych Olsztyna\u003C\/a\u003E","field_kierownik_jednostki":"Pawe\u0142 Witkowski","field_numer_telefonu":"89 752-58-00","field_identyfikator_epuap":"\/ciuwo\/SkrytkaESP","field_adres_bip":"\u003Ca href=\u0022https:\/\/bip.ciuwo.olsztyn.eu\/\u0022\u003Ehttps:\/\/bip.ciuwo.olsztyn.eu\/\u003C\/a\u003E","field_adres_strony_internetowe5":""},{"title":"\u003Ca href=\u0022\/miejska-jednostka-organizacyjna-miasta-olsztyna\/komenda-miejska-panstwowej-strazy-pozarnej-w\u0022 hreflang=\u0022pl\u0022\u003EKomenda Miejska Pa\u0144stwowej Stra\u017cy Po\u017carnej w Olsztynie\u003C\/a\u003E","field_kierownik_jednostki":"Jaros\u0142aw Gryciuk","field_numer_telefonu":"89 522-92-00","field_identyfikator_epuap":"\/KMPSPOlsztyn\/SkrytkaESP","field_adres_bip":"\u003Ca href=\u0022https:\/\/kmpspolsztyn.bip.gov.pl\/\u0022\u003Ehttps:\/\/kmpspolsztyn.bip.gov.pl\/\u003C\/a\u003E","field_adres_strony_internetowe5":"\u003Ca href=\u0022https:\/\/www.gov.pl\/web\/kmpsp-olsztyn\u0022\u003Ehttps:\/\/www.gov.pl\/web\/kmpsp-olsztyn\u003C\/a\u003E"},{"title":"\u003Ca href=\u0022\/miejska-jednostka-organizacyjna-miasta-olsztyna\/komenda-miejska-policji-w-olsztynie-382743\u0022 hreflang=\u0022pl\u0022\u003EKomenda Miejska Policji w Olsztynie\u003C\/a\u003E","field_kierownik_jednostki":"podinsp. Piotr Koszcza\u0142","field_numer_telefonu":"47 731-34-24","field_identyfikator_epuap":"\/KMPwOlsztynie\/SkrytkaESP","field_adres_bip":"\u003Ca href=\u0022http:\/\/bip.olsztyn.kmp.policja.gov.pl\/\u0022\u003Ehttp:\/\/bip.olsztyn.kmp.policja.gov.pl\/\u003C\/a\u003E","field_adres_strony_internetowe5":"\u003Ca href=\u0022http:\/\/olsztyn.policja.gov.pl\/\u0022\u003Ehttp:\/\/olsztyn.policja.gov.pl\/\u003C\/a\u003E"},{"title":"\u003Ca href=\u0022\/miejska-jednostka-organizacyjna-miasta-olsztyna\/powiatowy-inspektorat-nadzoru-budowlanego-dla\u0022 hreflang=\u0022pl\u0022\u003EPowiatowy Inspektorat Nadzoru Budowlanego dla miasta Olsztyna\u003C\/a\u003E","field_kierownik_jednostki":"Aleksander Lachowicz","field_numer_telefonu":"89 534-94-30","field_identyfikator_epuap":"\/pinbolsztyn\/SkrytkaESP","field_adres_bip":"\u003Ca href=\u0022http:\/\/pinbolsztyn.bip.gov.pl\u0022\u003Ehttp:\/\/pinbolsztyn.bip.gov.pl\u003C\/a\u003E","field_adres_strony_internetowe5":"\u003Ca href=\u0022http:\/\/pinbolsztyn.pl\/\u0022\u003Ehttp:\/\/pinbolsztyn.pl\/\u003C\/a\u003E"},{"title":"\u003Ca href=\u0022\/miejska-jednostka-organizacyjna-miasta-olsztyna\/biuro-wystaw-artystycznych-w-olsztynie-382736\u0022 hreflang=\u0022pl\u0022\u003EBiuro Wystaw Artystycznych w Olsztynie\u003C\/a\u003E","field_kierownik_jednostki":"Ma\u0142gorzata Bojarska-Waszczuk","field_numer_telefonu":"89 527-94-66","field_identyfikator_epuap":"\/BWA_OLSZTYN\/SkrytkaESP","field_adres_bip":"\u003Ca href=\u0022https:\/\/bwa_olsztyn.bip.gov.pl\/\u0022\u003Ehttps:\/\/bwa_olsztyn.bip.gov.pl\/\u003C\/a\u003E","field_adres_strony_internetowe5":"\u003Ca href=\u0022http:\/\/bwa.olsztyn.pl\/bwa3\/\u0022\u003Ehttp:\/\/bwa.olsztyn.pl\/bwa3\/\u003C\/a\u003E"}]