[{"title":"\u003Ca href=\u0022\/wykaz-pomnikow-rzezb-tablic-usytuowanych-w-przestrzeni-publicznej-miasta-olsztyna\/1-maja-1084294\u0022 hreflang=\u0022pl\u0022\u003E1 Maja\u003C\/a\u003E","field_obiekt":"\u003Cp\u003EPopiersie Stefana Jaracza\u003C\/p\u003E\n","field_autor":"Jan Kubicki","field_material":"\u003Cp\u003Ebr\u0105z; cok\u00f3\u0142 z granitu\u003C\/p\u003E\n","field_czas_powstania_tab_pom_prz":"1946","field_wlasnosc":"Gmina Olsztyn","field_uwagi_wprtuppmo":"Ods\u0142oni\u0119cie 9.VI.1947 r. Napis na cokole - 1949 r.","field_s":"\u003Ctime datetime=\u00222026-02-05T01:00:00+01:00\u0022 title=\u00222026-02-05\u0022 class=\u0022datetime\u0022\u003E2026-02-05\u003C\/time\u003E\n"},{"title":"\u003Ca href=\u0022\/wykaz-pomnikow-rzezb-tablic-usytuowanych-w-przestrzeni-publicznej-miasta-olsztyna\/1-maja-1084295\u0022 hreflang=\u0022pl\u0022\u003E1 Maja\u003C\/a\u003E","field_obiekt":"\u003Cp\u003EKamie\u0144 pami\u0105tkowy po\u015bwi\u0119cony historycznemu Placowi Trzech Krzy\u017cy\u003C\/p\u003E\n","field_autor":"brak danych","field_material":"\u003Cp\u003Ekamie\u0144\u003C\/p\u003E\n","field_czas_powstania_tab_pom_prz":"2004","field_wlasnosc":"Gmina Olsztyn","field_uwagi_wprtuppmo":"","field_s":"\u003Ctime datetime=\u00222026-02-05T01:00:00+01:00\u0022 title=\u00222026-02-05\u0022 class=\u0022datetime\u0022\u003E2026-02-05\u003C\/time\u003E\n"},{"title":"\u003Ca href=\u0022\/wykaz-pomnikow-rzezb-tablic-usytuowanych-w-przestrzeni-publicznej-miasta-olsztyna\/1-maja-1084296\u0022 hreflang=\u0022pl\u0022\u003E1 Maja\u003C\/a\u003E","field_obiekt":"\u003Cp\u003ERze\u017aba \u0026quot;Kamienna d\u0142o\u0144\u0026quot;\u003C\/p\u003E\n","field_autor":"Dawid Go\u0142\u0119biowski","field_material":"\u003Cp\u003Ebr\u0105z\u003C\/p\u003E\n","field_czas_powstania_tab_pom_prz":"2025","field_wlasnosc":"Gmina Olsztyn","field_uwagi_wprtuppmo":"","field_s":"\u003Ctime datetime=\u00222026-02-05T01:00:00+01:00\u0022 title=\u00222026-02-05\u0022 class=\u0022datetime\u0022\u003E2026-02-05\u003C\/time\u003E\n"},{"title":"\u003Ca href=\u0022\/wykaz-pomnikow-rzezb-tablic-usytuowanych-w-przestrzeni-publicznej-miasta-olsztyna\/1-maja-plac-0\u0022 hreflang=\u0022pl\u0022\u003E1 Maja (Plac Trzech Krzy\u017cy, Aleja Gwiazd Teatru)\u003C\/a\u003E","field_obiekt":"\u003Cp\u003ETablice po\u015bwi\u0119cone aktorkom i aktorom Teatru im. Stefana Jaracza:  Eugenii \u015anie\u017cko-Szafnaglowej, Hannie Skar\u017cance, Stefanowi Burczykowi, Bohdanowi G\u0142uszczakowi, Arturowi Steranko\u003C\/p\u003E\n","field_autor":"Adam Myjak","field_material":"\u003Cp\u003Ekamie\u0144\u003C\/p\u003E\n","field_czas_powstania_tab_pom_prz":"2011","field_wlasnosc":"inna","field_uwagi_wprtuppmo":"W\u0142a\u015bciciel: Teatr im. Stefana Jaracza w Olsztynie. Ods\u0142oni\u0119cie 18.06.2011 r.","field_s":"\u003Ctime datetime=\u00222026-02-05T01:00:00+01:00\u0022 title=\u00222026-02-05\u0022 class=\u0022datetime\u0022\u003E2026-02-05\u003C\/time\u003E\n"},{"title":"\u003Ca href=\u0022\/wykaz-pomnikow-rzezb-tablic-usytuowanych-w-przestrzeni-publicznej-miasta-olsztyna\/1-maja-plac\u0022 hreflang=\u0022pl\u0022\u003E1 Maja (Plac Trzech Krzy\u017cy, na murku)\u003C\/a\u003E","field_obiekt":"\u003Cp\u003ERze\u017aba \u0026quot;Czarownica znad Be\u0142dan\u0026quot;\u003C\/p\u003E\n","field_autor":" Dawid  Go\u0142\u0119biowski","field_material":"\u003Cp\u003Ebr\u0105z\u003C\/p\u003E\n","field_czas_powstania_tab_pom_prz":"2025","field_wlasnosc":"Gmina Olsztyn","field_uwagi_wprtuppmo":"","field_s":"\u003Ctime datetime=\u00222026-02-05T01:00:00+01:00\u0022 title=\u00222026-02-05\u0022 class=\u0022datetime\u0022\u003E2026-02-05\u003C\/time\u003E\n"},{"title":"\u003Ca href=\u0022\/wykaz-pomnikow-rzezb-tablic-usytuowanych-w-przestrzeni-publicznej-miasta-olsztyna\/baczewskiego\u0022 hreflang=\u0022pl\u0022\u003EBaczewskiego (Cmentarz wojenny \/ Cmentarz Ofiar Terroru Hitlerowskiego)\u003C\/a\u003E","field_obiekt":"\u003Cp\u003EPomnik upami\u0119tniaj\u0105cy ofiary II wojny \u015bwiatowej oraz 10. krzy\u017cy granitowych\u003C\/p\u003E\n","field_autor":"Zenon Sowi\u0144ski","field_material":"\u003Cp\u003Egranit\u003C\/p\u003E\n","field_czas_powstania_tab_pom_prz":"2022-2023 ","field_wlasnosc":"Gmina Olsztyn","field_uwagi_wprtuppmo":"Poprzednia nazwa i data powstania: pomnik Ofiar Terroru Hitlerowskiego); lata 70. XX w.;  obok obelisku w roku 1995 postawiono drewniany krzy\u017c (obecnie zdemontowany)","field_s":"\u003Ctime datetime=\u00222026-02-05T01:00:00+01:00\u0022 title=\u00222026-02-05\u0022 class=\u0022datetime\u0022\u003E2026-02-05\u003C\/time\u003E\n"},{"title":"\u003Ca href=\u0022\/wykaz-pomnikow-rzezb-tablic-usytuowanych-w-przestrzeni-publicznej-miasta-olsztyna\/baczewskiego-0\u0022 hreflang=\u0022pl\u0022\u003EBaczewskiego (Cmentarz wojenny \/ Cmentarz Ofiar Terroru Hitlerowskiego)\u003C\/a\u003E","field_obiekt":"\u003Cp\u003EPomnik po\u015bwi\u0119cony ofiarom II wojny \u015bwiatowej (dawniej pomnik Ofiar Terroru Hitlerowskiego)\u003C\/p\u003E\n","field_autor":"brak danych","field_material":"\u003Cp\u003Esztuczny kamie\u0144\u003C\/p\u003E\n","field_czas_powstania_tab_pom_prz":"lata 70. XX w. ","field_wlasnosc":"Gmina Olsztyn","field_uwagi_wprtuppmo":"Poprzednia nazwa: pomnik Ofiar Terroru Hitlerowskiego","field_s":"\u003Ctime datetime=\u00222026-02-05T01:00:00+01:00\u0022 title=\u00222026-02-05\u0022 class=\u0022datetime\u0022\u003E2026-02-05\u003C\/time\u003E\n"},{"title":"\u003Ca href=\u0022\/wykaz-pomnikow-rzezb-tablic-usytuowanych-w-przestrzeni-publicznej-miasta-olsztyna\/baczewskiego-1\u0022 hreflang=\u0022pl\u0022\u003EBaczewskiego (Cmentarz wojenny \/ Cmentarz Ofiar Terroru Hitlerowskiego)\u003C\/a\u003E","field_obiekt":"\u003Cp\u003EPomnik po\u015bwi\u0119cony ofiarom II wojny \u015bwiatowej (dawniej pomnik Ofiar Terroru Hitlerowskiego)\u003C\/p\u003E\n","field_autor":"Boles\u0142aw Marschall\u003Cbr \/\u003E\n","field_material":"\u003Cp\u003Ewapie\u0144 pi\u0144czowski\u003C\/p\u003E\n","field_czas_powstania_tab_pom_prz":"lata 70. XX w. ","field_wlasnosc":"Gmina Olsztyn","field_uwagi_wprtuppmo":"Poprzednia nazwa: pomnik Ofiar Terroru Hitlerowskiego","field_s":"\u003Ctime datetime=\u00222026-02-05T01:00:00+01:00\u0022 title=\u00222026-02-05\u0022 class=\u0022datetime\u0022\u003E2026-02-05\u003C\/time\u003E\n"},{"title":"\u003Ca href=\u0022\/wykaz-pomnikow-rzezb-tablic-usytuowanych-w-przestrzeni-publicznej-miasta-olsztyna\/barczewskiego-6\u0022 hreflang=\u0022pl\u0022\u003EBarczewskiego 6\u003C\/a\u003E","field_obiekt":"\u003Cp\u003ETablica adresowa Walentego Barczewskiego\u003C\/p\u003E\n","field_autor":"Hubert Maciejczyk","field_material":"\u003Cp\u003Ebr\u0105z\u003C\/p\u003E\n","field_czas_powstania_tab_pom_prz":"lata 70. XX w. ","field_wlasnosc":"inna","field_uwagi_wprtuppmo":"","field_s":"\u003Ctime datetime=\u00222026-02-05T01:00:00+01:00\u0022 title=\u00222026-02-05\u0022 class=\u0022datetime\u0022\u003E2026-02-05\u003C\/time\u003E\n"},{"title":"\u003Ca href=\u0022\/wykaz-pomnikow-rzezb-tablic-usytuowanych-w-przestrzeni-publicznej-miasta-olsztyna\/baltycka-135\u0022 hreflang=\u0022pl\u0022\u003EBa\u0142tycka 135 (otoczenie ko\u015bcio\u0142a \u015bw. Wawrzy\u0144ca) \u003C\/a\u003E","field_obiekt":"\u003Cp\u003EPomnik po\u015bwi\u0119cony poleg\u0142ym podczas I wojny \u015bwiatowej mieszka\u0144com wsi Gutkowo, \u0141upstych, Likusy\u003C\/p\u003E\n","field_autor":"brak danych","field_material":"\u003Cp\u003Ekamie\u0144 (ciosy, schody, krzy\u017c, kule); br\u0105z (tablice z nazwiskami poleg\u0142ych)\u003C\/p\u003E\n","field_czas_powstania_tab_pom_prz":"lata 70. XX w. ","field_wlasnosc":"inna","field_uwagi_wprtuppmo":"Pomnik usytuowany na terenie wpisanym  do rejestru zabytk\u00f3w \u2013 nr rej. A-4652, decyzja z 10.05.2018 (krajobraz kulturowy ko\u015bcio\u0142a)","field_s":"\u003Ctime datetime=\u00222026-02-05T01:00:00+01:00\u0022 title=\u00222026-02-05\u0022 class=\u0022datetime\u0022\u003E2026-02-05\u003C\/time\u003E\n"},{"title":"\u003Ca href=\u0022\/wykaz-pomnikow-rzezb-tablic-usytuowanych-w-przestrzeni-publicznej-miasta-olsztyna\/bema-5-elewacja\u0022 hreflang=\u0022pl\u0022\u003EBema 5 (elewacja budynku Starostwa Powiatowego)\u003C\/a\u003E","field_obiekt":"\u003Cp\u003ETablica upami\u0119tniaj\u0105ca 50-lecie Powstania W\u0119gierskiego\u003C\/p\u003E\n","field_autor":"Edward Jurjewicz","field_material":"\u003Cp\u003Ebr\u0105z\u003C\/p\u003E\n","field_czas_powstania_tab_pom_prz":"2006","field_wlasnosc":"inna","field_uwagi_wprtuppmo":"Inicjator: Powiat Olszty\u0144ski, Olszty\u0144skie Towarzystwo Przyja\u017ani Polsko-W\u0119gierskiej","field_s":"\u003Ctime datetime=\u00222026-02-05T01:00:00+01:00\u0022 title=\u00222026-02-05\u0022 class=\u0022datetime\u0022\u003E2026-02-05\u003C\/time\u003E\n"},{"title":"\u003Ca href=\u0022\/wykaz-pomnikow-rzezb-tablic-usytuowanych-w-przestrzeni-publicznej-miasta-olsztyna\/chateauroux-aleja\u0022 hreflang=\u0022pl\u0022\u003EChateauroux Aleja (okolice mostku i schod\u00f3w prowadz\u0105cych na ul. Kromera)\u003C\/a\u003E","field_obiekt":"\u003Cp\u003ERze\u017aba \u0026quot;Koniki\u0026quot;\u003C\/p\u003E\n","field_autor":"Hubert Maciejczyk","field_material":"\u003Cp\u003Ebeton\u003C\/p\u003E\n","field_czas_powstania_tab_pom_prz":"1974","field_wlasnosc":"Gmina Olsztyn","field_uwagi_wprtuppmo":"Poprzednia lokalizacja: pocz\u0105tek ulicy Grunwaldzkiej","field_s":"\u003Ctime datetime=\u00222026-02-05T01:00:00+01:00\u0022 title=\u00222026-02-05\u0022 class=\u0022datetime\u0022\u003E2026-02-05\u003C\/time\u003E\n"},{"title":"\u003Ca href=\u0022\/wykaz-pomnikow-rzezb-tablic-usytuowanych-w-przestrzeni-publicznej-miasta-olsztyna\/curie\u0022 hreflang=\u0022pl\u0022\u003ECurie-Sk\u0142odowskiej\u003C\/a\u003E","field_obiekt":"\u003Cp\u003ERze\u017aba \u0026quot;K\u0142obuk\u0026quot;\u003C\/p\u003E\n","field_autor":"Dawid Go\u0142\u0119biowski","field_material":"\u003Cp\u003Ebr\u0105z\u003C\/p\u003E\n","field_czas_powstania_tab_pom_prz":"2025","field_wlasnosc":"Gmina Olsztyn","field_uwagi_wprtuppmo":"","field_s":"\u003Ctime datetime=\u00222026-02-05T01:00:00+01:00\u0022 title=\u00222026-02-05\u0022 class=\u0022datetime\u0022\u003E2026-02-05\u003C\/time\u003E\n"},{"title":"\u003Ca href=\u0022\/wykaz-pomnikow-rzezb-tablic-usytuowanych-w-przestrzeni-publicznej-miasta-olsztyna\/dabrowszczakow\u0022 hreflang=\u0022pl\u0022\u003ED\u0105browszczak\u00f3w (przy siedzibie MOK)\u003C\/a\u003E","field_obiekt":"\u003Cp\u003ERze\u017aba \u0026quot;Kr\u00f3lowa Jezior\u0026quot;\u003C\/p\u003E\n","field_autor":" Dawid Go\u0142\u0119biowski","field_material":"\u003Cp\u003Ebr\u0105z\u003C\/p\u003E\n","field_czas_powstania_tab_pom_prz":"2025","field_wlasnosc":"Gmina Olsztyn","field_uwagi_wprtuppmo":"","field_s":"\u003Ctime datetime=\u00222026-02-05T01:00:00+01:00\u0022 title=\u00222026-02-05\u0022 class=\u0022datetime\u0022\u003E2026-02-05\u003C\/time\u003E\n"},{"title":"\u003Ca href=\u0022\/wykaz-pomnikow-rzezb-tablic-usytuowanych-w-przestrzeni-publicznej-miasta-olsztyna\u0022 hreflang=\u0022pl\u0022\u003ED\u0105browszczak\u00f3w\/Pi\u0142sudskiego (skwer przy S\u0105dzie Rejonowym)\u003C\/a\u003E","field_obiekt":"\u003Cp\u003EPomnik Armii Krajowej\u003C\/p\u003E\n","field_autor":"Janusz Wierzy\u0144ski","field_material":"\u003Cp\u003Ekonstrukcja \u017celbetowa; ok\u0142adziny z p\u0142yt kamiennych\u003C\/p\u003E\n","field_czas_powstania_tab_pom_prz":"2014","field_wlasnosc":"Gmina Olsztyn","field_uwagi_wprtuppmo":"Ods\u0142oni\u0119cie 27.09.2014 r. ","field_s":"\u003Ctime datetime=\u00222026-02-05T01:00:00+01:00\u0022 title=\u00222026-02-05\u0022 class=\u0022datetime\u0022\u003E2026-02-05\u003C\/time\u003E\n"},{"title":"\u003Ca href=\u0022\/wykaz-pomnikow-rzezb-tablic-usytuowanych-w-przestrzeni-publicznej-miasta-olsztyna\/dunikowskiego\u0022 hreflang=\u0022pl\u0022\u003EDunikowskiego Xawerego Plac\u003Cbr \/\u003E\n\u003C\/a\u003E","field_obiekt":"\u003Cp\u003EDwa p\u0142askorze\u017abione pylony zwane dawniej \u0026quot;Pomnikiem Wyzwolenia Ziemi Warmi\u0144sko-Mazurskiej\u0026quot;\u003C\/p\u003E\n","field_autor":"Xawery Dunikowski","field_material":"\u003Cp\u003Egranit\u003C\/p\u003E\n","field_czas_powstania_tab_pom_prz":"1949-53","field_wlasnosc":"Gmina Olsztyn","field_uwagi_wprtuppmo":"Ods\u0142oni\u0119cie pomnika - 1954 r. Pomnik by\u0142 wpisany do rejestru zabytk\u00f3w ruchomych woj. war.maz. decyzj\u0105 nr B-139\/93 z dnia 19.05.1993 r. (l. dz. PSOZ\/IZR.5330-12\/93). Decyzja o wpisie do rejestru zabytk\u00f3w zosta\u0142a uchylona decyzj\u0105 MKiDN z dnia 21.09.2022 r. (sygn. DOZ-APN.650.352.2022.BP) na podstawie art. 161 \u00a7 1 KPA.","field_s":"\u003Ctime datetime=\u00222026-02-05T01:00:00+01:00\u0022 title=\u00222026-02-05\u0022 class=\u0022datetime\u0022\u003E2026-02-05\u003C\/time\u003E\n"},{"title":"\u003Ca href=\u0022\/wykaz-pomnikow-rzezb-tablic-usytuowanych-w-przestrzeni-publicznej-miasta-olsztyna\/dworcowa\u0022 hreflang=\u0022pl\u0022\u003EDworcowa \/ Pi\u0142sudskiego\u003C\/a\u003E","field_obiekt":"\u003Cp\u003EKamie\u0144 upami\u0119tniaj\u0105cy inwalid\u00f3w wojennych\u003C\/p\u003E\n","field_autor":"brak danych","field_material":"\u003Cp\u003Ekamie\u0144; br\u0105z\u003C\/p\u003E\n","field_czas_powstania_tab_pom_prz":"1997","field_wlasnosc":"Gmina Olsztyn","field_uwagi_wprtuppmo":"Poprzednia lokalizacja Plac Inwalid\u00f3w Wojennych","field_s":"\u003Ctime datetime=\u00222026-02-05T01:00:00+01:00\u0022 title=\u00222026-02-05\u0022 class=\u0022datetime\u0022\u003E2026-02-05\u003C\/time\u003E\n"},{"title":"\u003Ca href=\u0022\/wykaz-pomnikow-rzezb-tablic-usytuowanych-w-przestrzeni-publicznej-miasta-olsztyna-0\u0022 hreflang=\u0022pl\u0022\u003EDworcowa\/Pi\u0142sudskiego\u003C\/a\u003E","field_obiekt":"\u003Cp\u003EKamie\u0144 upami\u0119tniaj\u0105cy 40. rocznic\u0119 powrotu Warmii i Mazur do Macierzy\u003C\/p\u003E\n","field_autor":"Edward Jurjewicz","field_material":"\u003Cp\u003Ekamie\u0144\u003C\/p\u003E\n","field_czas_powstania_tab_pom_prz":"1985","field_wlasnosc":"Gmina Olsztyn","field_uwagi_wprtuppmo":"","field_s":"\u003Ctime datetime=\u00222026-02-05T01:00:00+01:00\u0022 title=\u00222026-02-05\u0022 class=\u0022datetime\u0022\u003E2026-02-05\u003C\/time\u003E\n"},{"title":"\u003Ca href=\u0022\/wykaz-pomnikow-rzezb-tablic-usytuowanych-w-przestrzeni-publicznej-miasta-olsztyna\/gelsenkirchen\u0022 hreflang=\u0022pl\u0022\u003EGelsenkirchen Aleja\u003C\/a\u003E","field_obiekt":"\u003Cp\u003ERze\u017aba \u0026quot;Barstuk\u0026quot;\u003C\/p\u003E\n","field_autor":" Dawid  Go\u0142\u0119biowski","field_material":"\u003Cp\u003Ebr\u0105z\u003C\/p\u003E\n","field_czas_powstania_tab_pom_prz":"2024","field_wlasnosc":"Gmina Olsztyn","field_uwagi_wprtuppmo":"","field_s":"\u003Ctime datetime=\u00222026-02-05T01:00:00+01:00\u0022 title=\u00222026-02-05\u0022 class=\u0022datetime\u0022\u003E2026-02-05\u003C\/time\u003E\n"},{"title":"\u003Ca href=\u0022\/wykaz-pomnikow-rzezb-tablic-usytuowanych-w-przestrzeni-publicznej-miasta-olsztyna\/grunwaldzka\u0022 hreflang=\u0022pl\u0022\u003EGrunwaldzka \/ Chateauroux Aleja\u003C\/a\u003E","field_obiekt":"\u003Cp\u003EKamie\u0144 pami\u0105tkowy na cze\u015b\u0107 Napoleona\u003C\/p\u003E\n","field_autor":"Edward Jurjewicz","field_material":"\u003Cp\u003Ekamie\u0144 - granit; tablica z br\u0105zu\u003C\/p\u003E\n","field_czas_powstania_tab_pom_prz":"2007","field_wlasnosc":"Gmina Olsztyn","field_uwagi_wprtuppmo":"","field_s":"\u003Ctime datetime=\u00222026-02-05T01:00:00+01:00\u0022 title=\u00222026-02-05\u0022 class=\u0022datetime\u0022\u003E2026-02-05\u003C\/time\u003E\n"},{"title":"\u003Ca href=\u0022\/wykaz-pomnikow-rzezb-tablic-usytuowanych-w-przestrzeni-publicznej-miasta-olsztyna\/grzegorzewskiej-6\u0022 hreflang=\u0022pl\u0022\u003EGrzegorzewskiej 6 (elewacja budynku Specjalnego O\u015brodka Szkolno-Wychowawczego dla Dzieci Nies\u0142ysz\u0105cych)\u003C\/a\u003E","field_obiekt":"\u003Cp\u003ETablica upami\u0119tniaj\u0105ca Mari\u0119 Grzegorzewsk\u0105\u003C\/p\u003E\n","field_autor":"brak danych","field_material":"\u003Cp\u003Ekamie\u0144\u003C\/p\u003E\n","field_czas_powstania_tab_pom_prz":"1981","field_wlasnosc":"Gmina Olsztyn","field_uwagi_wprtuppmo":"","field_s":"\u003Ctime datetime=\u00222026-02-05T01:00:00+01:00\u0022 title=\u00222026-02-05\u0022 class=\u0022datetime\u0022\u003E2026-02-05\u003C\/time\u003E\n"},{"title":"\u003Ca href=\u0022\/wykaz-pomnikow-rzezb-tablic-usytuowanych-w-przestrzeni-publicznej-miasta-olsztyna\/grzegorzewskiej-0\u0022 hreflang=\u0022pl\u0022\u003EGrzegorzewskiej 6 (elewacja budynku Specjalnego O\u015brodka Szkolno-Wychowawczego dla Dzieci Nies\u0142ysz\u0105cych)\u003C\/a\u003E","field_obiekt":"\u003Cp\u003ETablica upami\u0119tniaj\u0105ca Mari\u0119 i Georga Dietrich\u00f3w\u003C\/p\u003E\n","field_autor":"brak danych","field_material":"\u003Cp\u003Ekamie\u0144\u003C\/p\u003E\n","field_czas_powstania_tab_pom_prz":"2013","field_wlasnosc":"Gmina Olsztyn","field_uwagi_wprtuppmo":"","field_s":"\u003Ctime datetime=\u00222026-02-05T01:00:00+01:00\u0022 title=\u00222026-02-05\u0022 class=\u0022datetime\u0022\u003E2026-02-05\u003C\/time\u003E\n"},{"title":"\u003Ca href=\u0022\/wykaz-pomnikow-rzezb-tablic-usytuowanych-w-przestrzeni-publicznej-miasta-olsztyna\/jagiellonska-41\u0022 hreflang=\u0022pl\u0022\u003EJagiello\u0144ska 41 (przed wej\u015bciem do ko\u015bcio\u0142a \u015bw. J\u00f3zefa)\u003C\/a\u003E","field_obiekt":"\u003Cp\u003ERze\u017aba \u015bw. J\u00f3zefa\u003C\/p\u003E\n","field_autor":"brak danych","field_material":"\u003Cp\u003Ekamie\u0144\u003C\/p\u003E\n","field_czas_powstania_tab_pom_prz":"1964","field_wlasnosc":"inna","field_uwagi_wprtuppmo":"","field_s":"\u003Ctime datetime=\u00222026-02-05T01:00:00+01:00\u0022 title=\u00222026-02-05\u0022 class=\u0022datetime\u0022\u003E2026-02-05\u003C\/time\u003E\n"},{"title":"\u003Ca href=\u0022\/wykaz-pomnikow-rzezb-tablic-usytuowanych-w-przestrzeni-publicznej-miasta-olsztyna\/jagiellonska-5\u0022 hreflang=\u0022pl\u0022\u003EJagiello\u0144ska 5 (przejazd w bramie)\u003C\/a\u003E","field_obiekt":"\u003Cp\u003ETablica upami\u0119tniaj\u0105ca budowniczych domu\u003C\/p\u003E\n","field_autor":"brak danych","field_material":"\u003Cp\u003Ebeton\u003C\/p\u003E\n","field_czas_powstania_tab_pom_prz":"1956","field_wlasnosc":"inna","field_uwagi_wprtuppmo":"","field_s":"\u003Ctime datetime=\u00222026-02-05T01:00:00+01:00\u0022 title=\u00222026-02-05\u0022 class=\u0022datetime\u0022\u003E2026-02-05\u003C\/time\u003E\n"},{"title":"\u003Ca href=\u0022\/wykaz-pomnikow-rzezb-tablic-usytuowanych-w-przestrzeni-publicznej-miasta-olsztyna\/jana-pawla-ii\u0022 hreflang=\u0022pl\u0022\u003EJana Paw\u0142a II (plac przed Urz\u0119dem Miasta Olsztyna)\u003C\/a\u003E","field_obiekt":"\u003Cp\u003ERze\u017aba \u0026quot;Macierzy\u0144stwo\u0026quot;\u003C\/p\u003E\n","field_autor":"Kazimierz Zieli\u0144ski","field_material":"\u003Cp\u003Ebr\u0105z\u003C\/p\u003E\n","field_czas_powstania_tab_pom_prz":"1978","field_wlasnosc":"Gmina Olsztyn","field_uwagi_wprtuppmo":"","field_s":"\u003Ctime datetime=\u00222026-02-05T01:00:00+01:00\u0022 title=\u00222026-02-05\u0022 class=\u0022datetime\u0022\u003E2026-02-05\u003C\/time\u003E\n"},{"title":"\u003Ca href=\u0022\/wykaz-pomnikow-rzezb-tablic-usytuowanych-w-przestrzeni-publicznej-miasta-olsztyna\/jana-pawla-ii-0\u0022 hreflang=\u0022pl\u0022\u003EJana Paw\u0142a II (schody przed wej\u015bciem na plac, od strony ul. 11 Listopada)\u003C\/a\u003E","field_obiekt":"\u003Cp\u003ETablica pami\u0105tkowa informuj\u0105ca o cmentarzu i ko\u015bciele \u015bw. Krzy\u017ca\u003C\/p\u003E\n","field_autor":"brak danych","field_material":"\u003Cp\u003Emosi\u0105dz\u003C\/p\u003E\n","field_czas_powstania_tab_pom_prz":"2010","field_wlasnosc":"Gmina Olsztyn","field_uwagi_wprtuppmo":"","field_s":"\u003Ctime datetime=\u00222026-02-05T01:00:00+01:00\u0022 title=\u00222026-02-05\u0022 class=\u0022datetime\u0022\u003E2026-02-05\u003C\/time\u003E\n"},{"title":"\u003Ca href=\u0022\/wykaz-pomnikow-rzezb-tablic-usytuowanych-w-przestrzeni-publicznej-miasta-olsztyna\/jana-pawla-ii-1\u0022 hreflang=\u0022pl\u0022\u003EJana Paw\u0142a II 1 (nowy ratusz, I pi\u0119tro, \u015bciana przy sali nr 121)\u003C\/a\u003E","field_obiekt":"\u003Cp\u003ETablica upami\u0119tniaj\u0105ca 650-lecie Olsztyna\u003C\/p\u003E\n","field_autor":"brak danych","field_material":"\u003Cp\u003Ebr\u0105z\u003C\/p\u003E\n","field_czas_powstania_tab_pom_prz":"2003","field_wlasnosc":"Gmina Olsztyn ","field_uwagi_wprtuppmo":"","field_s":"\u003Ctime datetime=\u00222026-08-31T13:31:55+02:00\u0022 title=\u00222026-08-31\u0022 class=\u0022datetime\u0022\u003E2026-08-31\u003C\/time\u003E\n"},{"title":"\u003Ca href=\u0022\/wykaz-pomnikow-rzezb-tablic-usytuowanych-w-przestrzeni-publicznej-miasta-olsztyna\/jana-pawla-ii-1-0\u0022 hreflang=\u0022pl\u0022\u003EJana Paw\u0142a II 1 (\u015bciana klatki schodowej za wej\u015bciem g\u0142\u00f3wnym do nowego ratusza) \u003C\/a\u003E","field_obiekt":"\u003Cp\u003ETablica pami\u0105tkowa \u0026quot;Olszty\u0144skie kuranty \u0026gt;O  Warmio moja mi\u0142a\u0026lt;\u003C\/p\u003E\n","field_autor":"brak danych","field_material":"\u003Cp\u003Ekamie\u0144\u003C\/p\u003E\n","field_czas_powstania_tab_pom_prz":"1970","field_wlasnosc":"Gmina Olsztyn","field_uwagi_wprtuppmo":"","field_s":"\u003Ctime datetime=\u00222026-08-31T13:35:17+02:00\u0022 title=\u00222026-08-31\u0022 class=\u0022datetime\u0022\u003E2026-08-31\u003C\/time\u003E\n"},{"title":"\u003Ca href=\u0022\/wykaz-pomnikow-rzezb-tablic-usytuowanych-w-przestrzeni-publicznej-miasta-olsztyna\/jana-pawla-ii-1a\u0022 hreflang=\u0022pl\u0022\u003EJana Paw\u0142a II 1a (elewacja budynku od ulicy Seweryna Pieni\u0119\u017cnego)\u003C\/a\u003E","field_obiekt":"\u003Cp\u003ETablica adresowa\u003Cbr \/\u003E\nTablica pami\u0105tkowa Seweryna Pieni\u0119\u017cnego (1890-1940)\u003C\/p\u003E\n","field_autor":"Hubert Maciejczyk","field_material":"\u003Cp\u003Ebr\u0105z\u003C\/p\u003E\n","field_czas_powstania_tab_pom_prz":"lata 80. XX w.","field_wlasnosc":"inna","field_uwagi_wprtuppmo":"","field_s":"\u003Ctime datetime=\u00222026-02-05T01:00:00+01:00\u0022 title=\u00222026-02-05\u0022 class=\u0022datetime\u0022\u003E2026-02-05\u003C\/time\u003E\n"},{"title":"\u003Ca href=\u0022\/wykaz-pomnikow-rzezb-tablic-usytuowanych-w-przestrzeni-publicznej-miasta-olsztyna\/jarocka-1084320\u0022 hreflang=\u0022pl\u0022\u003EJarocka\u003C\/a\u003E","field_obiekt":"\u003Cp\u003EObelisk Wojciecha K\u0119trzy\u0144skiego\u003C\/p\u003E\n","field_autor":"brak danych","field_material":"\u003Cp\u003Ebloki z granitu; tablica kamienna\u003C\/p\u003E\n","field_czas_powstania_tab_pom_prz":"1988; 2009","field_wlasnosc":"nieustalona","field_uwagi_wprtuppmo":"Pierwotnie tablice z blachy mosi\u0119\u017cnej (1988), ukradzione w 2006\/2007 r., w roku 2009 zosta\u0142y zast\u0105pione tablic\u0105 kamienn\u0105.","field_s":"\u003Ctime datetime=\u00222026-02-05T01:00:00+01:00\u0022 title=\u00222026-02-05\u0022 class=\u0022datetime\u0022\u003E2026-02-05\u003C\/time\u003E\n"},{"title":"\u003Ca href=\u0022\/wykaz-pomnikow-rzezb-tablic-usytuowanych-w-przestrzeni-publicznej-miasta-olsztyna\/jednosci\u0022 hreflang=\u0022pl\u0022\u003EJedno\u015bci S\u0142owia\u0144skiej\u003C\/a\u003E","field_obiekt":"\u003Cp\u003EFontanna \u0026quot;Trzy Gracje\u0026quot;\u003C\/p\u003E\n","field_autor":"Hubert Maciejczyk","field_material":"\u003Cp\u003Ebeton\u003C\/p\u003E\n","field_czas_powstania_tab_pom_prz":"1974","field_wlasnosc":"Gmina Olsztyn","field_uwagi_wprtuppmo":"","field_s":"\u003Ctime datetime=\u00222026-02-05T01:00:00+01:00\u0022 title=\u00222026-02-05\u0022 class=\u0022datetime\u0022\u003E2026-02-05\u003C\/time\u003E\n"},{"title":"\u003Ca href=\u0022\/wykaz-pomnikow-rzezb-tablic-usytuowanych-w-przestrzeni-publicznej-miasta-olsztyna\/jednosci-0\u0022 hreflang=\u0022pl\u0022\u003EJedno\u015bci S\u0142owia\u0144skiej\u003C\/a\u003E","field_obiekt":"\u003Cp\u003EPomnik popiersie Micha\u0142a Lengowskiego\u003C\/p\u003E\n","field_autor":"Hubert Maciejczyk","field_material":"\u003Cp\u003Ebr\u0105z\u003C\/p\u003E\n","field_czas_powstania_tab_pom_prz":"1978","field_wlasnosc":"Gmina Olsztyn","field_uwagi_wprtuppmo":"","field_s":"\u003Ctime datetime=\u00222026-02-05T01:00:00+01:00\u0022 title=\u00222026-02-05\u0022 class=\u0022datetime\u0022\u003E2026-02-05\u003C\/time\u003E\n"},{"title":"\u003Ca href=\u0022\/wykaz-pomnikow-rzezb-tablic-usytuowanych-w-przestrzeni-publicznej-miasta-olsztyna\/jednosci-1\u0022 hreflang=\u0022pl\u0022\u003EJedno\u015bci S\u0142owia\u0144skiej 1\u003C\/a\u003E","field_obiekt":"\u003Cp\u003ETablica pami\u0105tkowa Aleksandra Zubelewicza\u003C\/p\u003E\n","field_autor":"brak danych","field_material":"\u003Cp\u003Ebr\u0105z (popiersie); beton; tynk (cok\u00f3\u0142)\u003C\/p\u003E\n","field_czas_powstania_tab_pom_prz":"1986","field_wlasnosc":"inna","field_uwagi_wprtuppmo":"W\u0142a\u015bciciel: PTTK Oddzia\u0142 Warmi\u0144sko-Mazurski w Olsztynie","field_s":"\u003Ctime datetime=\u00222026-02-05T01:00:00+01:00\u0022 title=\u00222026-02-05\u0022 class=\u0022datetime\u0022\u003E2026-02-05\u003C\/time\u003E\n"},{"title":"\u003Ca href=\u0022\/wykaz-pomnikow-rzezb-tablic-usytuowanych-w-przestrzeni-publicznej-miasta-olsztyna\/kapitanska-21a\u0022 hreflang=\u0022pl\u0022\u003EKapita\u0144ska 21A (teren CRS \u0026quot;Ukiel\u0026quot;)\u003C\/a\u003E","field_obiekt":"\u003Cp\u003E\u0026quot;Aleja S\u0142aw Olszty\u0144skiego Sportu\u0026quot; \u2013 tablice w nawierzchni chodnika (tablica z nazw\u0105 \u0026quot;Aleja S\u0142aw Olszty\u0144skiego Sportu\u0026quot; oraz 25. mniejszych  tablic z nazwiskami os\u00f3b zas\u0142u\u017conych dla rozwoju olszty\u0144skiego sportu - liczba tablic wg stanu na 31.10.2025 r.)\u003C\/p\u003E\n","field_autor":"El\u017cbieta  Milowicz","field_material":"\u003Cp\u003Emosi\u0105dz; br\u0105z\u003C\/p\u003E\n","field_czas_powstania_tab_pom_prz":"2021","field_wlasnosc":"Gmina Olsztyn","field_uwagi_wprtuppmo":"Inicjator: Fundacja  Olszty\u0144ski Laur Sportowy","field_s":"\u003Ctime datetime=\u00222026-02-05T01:00:00+01:00\u0022 title=\u00222026-02-05\u0022 class=\u0022datetime\u0022\u003E2026-02-05\u003C\/time\u003E\n"},{"title":"\u003Ca href=\u0022\/wykaz-pomnikow-rzezb-tablic-usytuowanych-w-przestrzeni-publicznej-miasta-olsztyna\/knosaly-przy\u0022 hreflang=\u0022pl\u0022\u003EKnosa\u0142y (przy Muzeum Nowoczesno\u015bci)\u003C\/a\u003E","field_obiekt":"\u003Cp\u003ERze\u017aba \u0026quot;Czart z ta\u0142eckiego bagna\u0026quot;\u003C\/p\u003E\n","field_autor":" Dawid  Go\u0142\u0119biowski","field_material":"\u003Cp\u003Ebr\u0105z\u003C\/p\u003E\n","field_czas_powstania_tab_pom_prz":"2025","field_wlasnosc":"Gmina Olsztyn","field_uwagi_wprtuppmo":"","field_s":"\u003Ctime datetime=\u00222026-02-05T01:00:00+01:00\u0022 title=\u00222026-02-05\u0022 class=\u0022datetime\u0022\u003E2026-02-05\u003C\/time\u003E\n"},{"title":"\u003Ca href=\u0022\/wykaz-pomnikow-rzezb-tablic-usytuowanych-w-przestrzeni-publicznej-miasta-olsztyna\/konopnickiej\u0022 hreflang=\u0022pl\u0022\u003EKonopnickiej \/ Jagie\u0142\u0142y (skwer naprzeciw Dworca Zachodniego)\u003C\/a\u003E","field_obiekt":"\u003Cp\u003ERze\u017aba \u0026quot;Macierzy\u0144stwo\u0026quot;\u003C\/p\u003E\n","field_autor":"Kazimierz Zieli\u0144ski","field_material":"\u003Cp\u003Ebr\u0105z\u003C\/p\u003E\n","field_czas_powstania_tab_pom_prz":"1978","field_wlasnosc":"Gmina Olsztyn","field_uwagi_wprtuppmo":"Wcze\u015bniejsza lokalizacja: ul. Ko\u015bciuszki obok dawnego hotelu Gromada. Pomnik w nowej lokalizacji od XII.2021 r.","field_s":"\u003Ctime datetime=\u00222026-02-05T01:00:00+01:00\u0022 title=\u00222026-02-05\u0022 class=\u0022datetime\u0022\u003E2026-02-05\u003C\/time\u003E\n"},{"title":"\u003Ca href=\u0022\/wykaz-pomnikow-rzezb-tablic-usytuowanych-w-przestrzeni-publicznej-miasta-olsztyna\/konsulatu\u0022 hreflang=\u0022pl\u0022\u003EKonsulatu Polskiego\u003C\/a\u003E","field_obiekt":"\u003Cp\u003EPomnik \u0026quot;Kolumna Or\u0142a Bia\u0142ego\u0026quot;\u003C\/p\u003E\n","field_autor":"Urszula i Ryszard Szmyt (orze\u0142); Andrzej Matyka (kolumna)","field_material":"\u003Cp\u003Ebr\u0105z; granit\u003C\/p\u003E\n","field_czas_powstania_tab_pom_prz":"2002","field_wlasnosc":"Gmina Olsztyn","field_uwagi_wprtuppmo":"","field_s":"\u003Ctime datetime=\u00222026-02-05T01:00:00+01:00\u0022 title=\u00222026-02-05\u0022 class=\u0022datetime\u0022\u003E2026-02-05\u003C\/time\u003E\n"},{"title":"\u003Ca href=\u0022\/wykaz-pomnikow-rzezb-tablic-usytuowanych-w-przestrzeni-publicznej-miasta-olsztyna\/konsulatu-0\u0022 hreflang=\u0022pl\u0022\u003EKonsulatu Polskiego\u003C\/a\u003E","field_obiekt":"\u003Cp\u003ETablice w posadzce placu: tablice \u2013 or\u0142y; tablica upami\u0119tniaj\u0105ca obecno\u015b\u0107 harcerzy w Olsztynie i ich zas\u0142ugi dla miasta i regionu (z okazji 70. rocznicy powstania organizacji)\u003C\/p\u003E\n","field_autor":"brak danych","field_material":"\u003Cp\u003Egranit\u003C\/p\u003E\n","field_czas_powstania_tab_pom_prz":"2015","field_wlasnosc":"Gmina Olsztyn","field_uwagi_wprtuppmo":"Ods\u0142oni\u0119cie 17.10.2015 r.","field_s":"\u003Ctime datetime=\u00222026-02-05T01:00:00+01:00\u0022 title=\u00222026-02-05\u0022 class=\u0022datetime\u0022\u003E2026-02-05\u003C\/time\u003E\n"},{"title":"\u003Ca href=\u0022\/wykaz-pomnikow-rzezb-tablic-usytuowanych-w-przestrzeni-publicznej-miasta-olsztyna\/konsulatu-1\u0022 hreflang=\u0022pl\u0022\u003EKonsulatu Polskiego 5\u003C\/a\u003E","field_obiekt":"\u003Cp\u003ETablica upami\u0119tniaj\u0105ca 50 lecie pa\u0144stwowo\u015bci polskiej na Warmii i Mazurach\u003C\/p\u003E\n","field_autor":"brak danych","field_material":"\u003Cp\u003Eczarny granit\u003C\/p\u003E\n","field_czas_powstania_tab_pom_prz":"1995","field_wlasnosc":"inna","field_uwagi_wprtuppmo":"","field_s":"\u003Ctime datetime=\u00222026-02-05T01:00:00+01:00\u0022 title=\u00222026-02-05\u0022 class=\u0022datetime\u0022\u003E2026-02-05\u003C\/time\u003E\n"},{"title":"\u003Ca href=\u0022\/wykaz-pomnikow-rzezb-tablic-usytuowanych-w-przestrzeni-publicznej-miasta-olsztyna\/konsulatu-2\u0022 hreflang=\u0022pl\u0022\u003EKonsulatu Polskiego 5\u003C\/a\u003E","field_obiekt":"\u003Cp\u003ETablica pami\u0105tkowa Konsulatu Polskiego Rzeczypospolitej Polskiej\u003C\/p\u003E\n","field_autor":"Boles\u0142aw Marschall","field_material":"\u003Cp\u003Ebia\u0142y marmur\u003C\/p\u003E\n","field_czas_powstania_tab_pom_prz":"1981","field_wlasnosc":"inna","field_uwagi_wprtuppmo":"","field_s":"\u003Ctime datetime=\u00222026-02-05T01:00:00+01:00\u0022 title=\u00222026-02-05\u0022 class=\u0022datetime\u0022\u003E2026-02-05\u003C\/time\u003E\n"},{"title":"\u003Ca href=\u0022\/wykaz-pomnikow-rzezb-tablic-usytuowanych-w-przestrzeni-publicznej-miasta-olsztyna\/kopernika-skwer\u0022 hreflang=\u0022pl\u0022\u003EKopernika (skwer przy ko\u015bciele p.w. Naj\u015bwi\u0119tszego Serca Pana Jezusa)\u003C\/a\u003E","field_obiekt":"\u003Cp\u003ERze\u017aba \u0026quot;Chrystus Kr\u00f3l \u2013 Zbawca \u015awiata\u0026quot;\u003C\/p\u003E\n","field_autor":"brak danych","field_material":"\u003Cp\u003Epiaskowiec\u003C\/p\u003E\n","field_czas_powstania_tab_pom_prz":"1737","field_wlasnosc":"inna","field_uwagi_wprtuppmo":"Decyzja o wpisie dobra kultury do rejestru zabytk\u00f3w wojew\u00f3dztwa warmi\u0144sko-mazurskiego PSOZ-1928\/IZR.5330-16\/97 z 23.10.1997 r. (nr rejestru zabytk\u00f3w: B-167\/97)","field_s":"\u003Ctime datetime=\u00222026-02-05T01:00:00+01:00\u0022 title=\u00222026-02-05\u0022 class=\u0022datetime\u0022\u003E2026-02-05\u003C\/time\u003E\n"},{"title":"\u003Ca href=\u0022\/wykaz-pomnikow-rzezb-tablic-usytuowanych-w-przestrzeni-publicznej-miasta-olsztyna\/kosciuszki-przy\u0022 hreflang=\u0022pl\u0022\u003EKo\u015bciuszki (przy szkole muzycznej, dawnej filharmonii)\u003C\/a\u003E","field_obiekt":"\u003Cp\u003ERze\u017aba \u0026quot;Kantata\u0026quot;\u003C\/p\u003E\n","field_autor":"Ryszard Wachowski","field_material":"\u003Cp\u003Estal\u003C\/p\u003E\n","field_czas_powstania_tab_pom_prz":"1978","field_wlasnosc":"Gmina Olsztyn","field_uwagi_wprtuppmo":"","field_s":"\u003Ctime datetime=\u00222026-02-05T01:00:00+01:00\u0022 title=\u00222026-02-05\u0022 class=\u0022datetime\u0022\u003E2026-02-05\u003C\/time\u003E\n"},{"title":"\u003Ca href=\u0022\/wykaz-pomnikow-rzezb-tablic-usytuowanych-w-przestrzeni-publicznej-miasta-olsztyna\/leonharda-1084334\u0022 hreflang=\u0022pl\u0022\u003ELeonharda\u003C\/a\u003E","field_obiekt":"\u003Cp\u003EKamie\u0144 pami\u0105tkowy W\u0142adys\u0142awa Leonharda\u003C\/p\u003E\n","field_autor":"Andrzej Jurjewicz","field_material":"\u003Cp\u003Epiaskowiec; br\u0105z\u003C\/p\u003E\n","field_czas_powstania_tab_pom_prz":"1987","field_wlasnosc":"inna","field_uwagi_wprtuppmo":"","field_s":"\u003Ctime datetime=\u00222026-02-05T01:00:00+01:00\u0022 title=\u00222026-02-05\u0022 class=\u0022datetime\u0022\u003E2026-02-05\u003C\/time\u003E\n"},{"title":"\u003Ca href=\u0022\/wykaz-pomnikow-rzezb-tablic-usytuowanych-w-przestrzeni-publicznej-miasta-olsztyna\/leonharda-przed\u0022 hreflang=\u0022pl\u0022\u003ELeonharda (przed stadionem OSiR)\u003C\/a\u003E","field_obiekt":"\u003Cp\u003ERze\u017aba \u0026quot;Gimnastyczka\u0026quot;\u003C\/p\u003E\n","field_autor":"Jan Wies\u0142aw Kaczmarek, Hubert Maciejczyk","field_material":"\u003Cp\u003Ebia\u0142y beton; stal\u003C\/p\u003E\n","field_czas_powstania_tab_pom_prz":"1978","field_wlasnosc":"Gmina Olsztyn","field_uwagi_wprtuppmo":"","field_s":"\u003Ctime datetime=\u00222026-02-05T01:00:00+01:00\u0022 title=\u00222026-02-05\u0022 class=\u0022datetime\u0022\u003E2026-02-05\u003C\/time\u003E\n"},{"title":"\u003Ca href=\u0022\/wykaz-pomnikow-rzezb-tablic-usytuowanych-w-przestrzeni-publicznej-miasta-olsztyna\/leonharda-przed-0\u0022 hreflang=\u0022pl\u0022\u003ELeonharda (przed stadionem OSiR)\u003C\/a\u003E","field_obiekt":"\u003Cp\u003ERze\u017aba \u0026quot;K\u00f3\u0142ka olimpijskie\u0026quot;\u003C\/p\u003E\n","field_autor":"Jan Wies\u0142aw Kaczmarek, Hubert Maciejczyk","field_material":"\u003Cp\u003Estal\u003C\/p\u003E\n","field_czas_powstania_tab_pom_prz":"1978","field_wlasnosc":"Gmina Olsztyn","field_uwagi_wprtuppmo":"","field_s":"\u003Ctime datetime=\u00222026-02-05T01:00:00+01:00\u0022 title=\u00222026-02-05\u0022 class=\u0022datetime\u0022\u003E2026-02-05\u003C\/time\u003E\n"},{"title":"\u003Ca href=\u0022\/wykaz-pomnikow-rzezb-tablic-usytuowanych-w-przestrzeni-publicznej-miasta-olsztyna\/limanowskiego-5\u0022 hreflang=\u0022pl\u0022\u003ELimanowskiego 5\u003C\/a\u003E","field_obiekt":"\u003Cp\u003ETablica upami\u0119tniaj\u0105ca artyst\u00f3w: Zofi\u0119 Hermanowicz, Jana Ilkiewicza, Miros\u0142awa Smerka, Bogdana Stefan\u00f3w, Mieczys\u0142awa Roma\u0144czuka, Eugeniusza Jankowskiego\u003C\/p\u003E\n","field_autor":"brak danych","field_material":"\u003Cp\u003Eodlew z mosi\u0105dzu 70 x 100 cm\u003C\/p\u003E\n","field_czas_powstania_tab_pom_prz":"2017\u003Cbr \/\u003E\n","field_wlasnosc":"inna","field_uwagi_wprtuppmo":"Ods\u0142oni\u0119cie 15.11.2017 r.\u003Cbr \/\u003E\n ","field_s":"\u003Ctime datetime=\u00222026-02-05T01:00:00+01:00\u0022 title=\u00222026-02-05\u0022 class=\u0022datetime\u0022\u003E2026-02-05\u003C\/time\u003E\n"},{"title":"\u003Ca href=\u0022\/wykaz-pomnikow-rzezb-tablic-usytuowanych-w-przestrzeni-publicznej-miasta-olsztyna\/linki-5-1084338\u0022 hreflang=\u0022pl\u0022\u003ELinki 5\u003C\/a\u003E","field_obiekt":"\u003Cp\u003ETablica pami\u0105tkowa Bogumi\u0142a Linki (1865-1920)\u003C\/p\u003E\n","field_autor":"Hubert Maciejczyk","field_material":"\u003Cp\u003Ebr\u0105z\u003C\/p\u003E\n","field_czas_powstania_tab_pom_prz":"po\u0142owa lat 80. XX w.","field_wlasnosc":"inna","field_uwagi_wprtuppmo":"","field_s":"\u003Ctime datetime=\u00222026-02-05T01:00:00+01:00\u0022 title=\u00222026-02-05\u0022 class=\u0022datetime\u0022\u003E2026-02-05\u003C\/time\u003E\n"},{"title":"\u003Ca href=\u0022\/wykaz-pomnikow-rzezb-tablic-usytuowanych-w-przestrzeni-publicznej-miasta-olsztyna\/marianska\u0022 hreflang=\u0022pl\u0022\u003EMaria\u0144ska \/ Lengowskiego (skwer)\u003C\/a\u003E","field_obiekt":"\u003Cp\u003EKamie\u0144 upami\u0119tniaj\u0105cy dawny cmentarz Szpitala Mariackiego\u003C\/p\u003E\n","field_autor":"Sow-Granit","field_material":"\u003Cp\u003Ekamie\u0144\u003C\/p\u003E\n","field_czas_powstania_tab_pom_prz":"2005","field_wlasnosc":"Gmina Olsztyn","field_uwagi_wprtuppmo":"","field_s":"\u003Ctime datetime=\u00222026-02-05T01:00:00+01:00\u0022 title=\u00222026-02-05\u0022 class=\u0022datetime\u0022\u003E2026-02-05\u003C\/time\u003E\n"},{"title":"\u003Ca href=\u0022\/wykaz-pomnikow-rzezb-tablic-usytuowanych-w-przestrzeni-publicznej-miasta-olsztyna\/mazurska-1\u0022 hreflang=\u0022pl\u0022\u003EMazurska 1\u003C\/a\u003E","field_obiekt":"\u003Cp\u003ETablica pami\u0105tkowa G\u0142osu Olszty\u0144skiego\u003C\/p\u003E\n","field_autor":"Edward Jurjewicz","field_material":"\u003Cp\u003Ebr\u0105z\u003C\/p\u003E\n","field_czas_powstania_tab_pom_prz":"1986","field_wlasnosc":"inna","field_uwagi_wprtuppmo":"","field_s":"\u003Ctime datetime=\u00222026-02-05T01:00:00+01:00\u0022 title=\u00222026-02-05\u0022 class=\u0022datetime\u0022\u003E2026-02-05\u003C\/time\u003E\n"},{"title":"\u003Ca href=\u0022\/wykaz-pomnikow-rzezb-tablic-usytuowanych-w-przestrzeni-publicznej-miasta-olsztyna\/mickiewicza\u0022 hreflang=\u0022pl\u0022\u003EMickiewicza \/ D\u0105browszczak\u00f3w (skwer)\u003C\/a\u003E","field_obiekt":"\u003Cp\u003EKamie\u0144 po\u015bwi\u0119cony pami\u0119ci Wincentego Pola (1807-1872)\u003C\/p\u003E\n","field_autor":"Rafa\u0142 Grabowski","field_material":"\u003Cp\u003Ekamie\u0144; tabliczka mosi\u0119\u017cna\u003C\/p\u003E\n","field_czas_powstania_tab_pom_prz":"2007","field_wlasnosc":"Gmina Olsztyn","field_uwagi_wprtuppmo":"","field_s":"\u003Ctime datetime=\u00222026-02-05T01:00:00+01:00\u0022 title=\u00222026-02-05\u0022 class=\u0022datetime\u0022\u003E2026-02-05\u003C\/time\u003E\n"},{"title":"\u003Ca href=\u0022\/wykaz-pomnikow-rzezb-tablic-usytuowanych-w-przestrzeni-publicznej-miasta-olsztyna\/mickiewicza-6\u0022 hreflang=\u0022pl\u0022\u003EMickiewicza 6 (skwer przed I LO)\u003C\/a\u003E","field_obiekt":"\u003Cp\u003EPopiersie Adama Mickiewicza\u003C\/p\u003E\n","field_autor":"Balbina \u015awitycz-Widacka","field_material":"\u003Cp\u003Ebr\u0105z; cok\u00f3\u0142 granitowy; litery z br\u0105zu\u003C\/p\u003E\n","field_czas_powstania_tab_pom_prz":"1965","field_wlasnosc":"Gmina Olsztyn","field_uwagi_wprtuppmo":"Decyzja o wpisie do rejestru zabytk\u00f3w ruchomych wojew\u00f3dztwa warmi\u0144sko-mazurskiego IZAR.5140.3.4.2025 z 21.10.2025 r. (nr rejestru zabytk\u00f3w: B-464)","field_s":"\u003Ctime datetime=\u00222026-02-05T01:00:00+01:00\u0022 title=\u00222026-02-05\u0022 class=\u0022datetime\u0022\u003E2026-02-05\u003C\/time\u003E\n"},{"title":"\u003Ca href=\u0022\/wykaz-pomnikow-rzezb-tablic-usytuowanych-w-przestrzeni-publicznej-miasta-olsztyna\/niepodleglosci\u0022 hreflang=\u0022pl\u0022\u003ENiepodleg\u0142o\u015bci (skwer przy siedzibie Komendy Wojew\u00f3dzkiej i Miejskiej Pa\u0144stwowej Stra\u017cy Po\u017carnej, skrzy\u017cowanie ulic Niepodleg\u0142o\u015bci \/ \u015aliwy w Olsztynie)\u003C\/a\u003E","field_obiekt":"\u003Cp\u003EPomnik \u0026quot;Stra\u017cakom poleg\u0142ym w akcji\u0026quot;\u003C\/p\u003E\n","field_autor":"Agnieszka Janek-Ma\u015blanka (projekt); Jacek Walawski (wykonanie)","field_material":"\u003Cp\u003Ebr\u0105z; kamie\u0144\u003C\/p\u003E\n","field_czas_powstania_tab_pom_prz":"2006","field_wlasnosc":"inna","field_uwagi_wprtuppmo":"","field_s":"\u003Ctime datetime=\u00222026-02-05T01:00:00+01:00\u0022 title=\u00222026-02-05\u0022 class=\u0022datetime\u0022\u003E2026-02-05\u003C\/time\u003E\n"},{"title":"\u003Ca href=\u0022\/wykaz-pomnikow-rzezb-tablic-usytuowanych-w-przestrzeni-publicznej-miasta-olsztyna\/niepodleglosci-16\u0022 hreflang=\u0022pl\u0022\u003ENiepodleg\u0142o\u015bci 16 (budynek Pa\u0144stwowej Stra\u017cy Po\u017carnej)\u003C\/a\u003E","field_obiekt":"\u003Cp\u003ETablica pami\u0105tkowa Micha\u0142a Lengowskiego (1873-1967)\u003C\/p\u003E\n","field_autor":"Hubert Maciejczyk, Jan Wies\u0142aw Kaczmarek","field_material":"\u003Cp\u003Ebr\u0105z\u003C\/p\u003E\n","field_czas_powstania_tab_pom_prz":"po\u0142owa lat 80. XX w.","field_wlasnosc":"inna","field_uwagi_wprtuppmo":"","field_s":"\u003Ctime datetime=\u00222026-02-05T01:00:00+01:00\u0022 title=\u00222026-02-05\u0022 class=\u0022datetime\u0022\u003E2026-02-05\u003C\/time\u003E\n"},{"title":"\u003Ca href=\u0022\/wykaz-pomnikow-rzezb-tablic-usytuowanych-w-przestrzeni-publicznej-miasta-olsztyna\/niepodleglosci-0\u0022 hreflang=\u0022pl\u0022\u003ENiepodleg\u0142o\u015bci 16 (elewacja budynku Komendy Wojew\u00f3dzkiej i Komendy Miejskiej Pa\u0144stwowej Stra\u017cy Po\u017carnej)\u003C\/a\u003E","field_obiekt":"\u003Cp\u003EP\u0142askorze\u017aby przedstawiaj\u0105ce prac\u0119 stra\u017cak\u00f3w\u003C\/p\u003E\n","field_autor":"Sylwin Mydlak","field_material":"\u003Cp\u003Ebia\u0142y beton\u003C\/p\u003E\n","field_czas_powstania_tab_pom_prz":"lata 70. XX w.","field_wlasnosc":"inna","field_uwagi_wprtuppmo":"","field_s":"\u003Ctime datetime=\u00222026-02-05T01:00:00+01:00\u0022 title=\u00222026-02-05\u0022 class=\u0022datetime\u0022\u003E2026-02-05\u003C\/time\u003E\n"},{"title":"\u003Ca href=\u0022\/wykaz-pomnikow-rzezb-tablic-usytuowanych-w-przestrzeni-publicznej-miasta-olsztyna\/niepodleglosci-18\u0022 hreflang=\u0022pl\u0022\u003ENiepodleg\u0142o\u015bci 18  (skwer przed Szko\u0142\u0105 Podstawow\u0105 nr 10)\u003C\/a\u003E","field_obiekt":"\u003Cp\u003EPomnik - popiersie W\u0142adys\u0142awa Broniewskiego oraz le\u017c\u0105cy obok kamie\u0144 z wykutym wierszem\u003C\/p\u003E\n","field_autor":"Zofia Topczewska-Hudyka","field_material":"\u003Cp\u003Ebr\u0105z; granit; beton\u003C\/p\u003E\n","field_czas_powstania_tab_pom_prz":"1970","field_wlasnosc":"Gmina Olsztyn","field_uwagi_wprtuppmo":"","field_s":"\u003Ctime datetime=\u00222026-02-05T01:00:00+01:00\u0022 title=\u00222026-02-05\u0022 class=\u0022datetime\u0022\u003E2026-02-05\u003C\/time\u003E\n"},{"title":"\u003Ca href=\u0022\/wykaz-pomnikow-rzezb-tablic-usytuowanych-w-przestrzeni-publicznej-miasta-olsztyna\/nowowiejskiego-10\u0022 hreflang=\u0022pl\u0022\u003ENowowiejskiego 10\u003C\/a\u003E","field_obiekt":"\u003Cp\u003ETablica pami\u0105tkowa Izabeli Garglinowicz (1903-1986)\u003C\/p\u003E\n","field_autor":"brak danych","field_material":"\u003Cp\u003Ekamie\u0144; odlew z br\u0105zu\u003C\/p\u003E\n","field_czas_powstania_tab_pom_prz":"2005\u003Cbr \/\u003E\n","field_wlasnosc":"inna","field_uwagi_wprtuppmo":"W\u0142a\u015bciciel: spo\u0142eczno\u015b\u0107 szko\u0142y muzycznej i Towarzystwo Mi\u0142o\u015bnik\u00f3w Olsztyna","field_s":"\u003Ctime datetime=\u00222026-02-05T01:00:00+01:00\u0022 title=\u00222026-02-05\u0022 class=\u0022datetime\u0022\u003E2026-02-05\u003C\/time\u003E\n"},{"title":"\u003Ca href=\u0022\/wykaz-pomnikow-rzezb-tablic-usytuowanych-w-przestrzeni-publicznej-miasta-olsztyna\/oczapowskiego-10\u0022 hreflang=\u0022pl\u0022\u003EOczapowskiego 10 (przy budynku Instytutu Rybactwa \u015ar\u00f3dl\u0105dowego)\u003C\/a\u003E","field_obiekt":"\u003Cp\u003ELapidarium po\u015bwi\u0119cone pochowanym w Kortowie\u003C\/p\u003E\n","field_autor":"brak danych","field_material":"\u003Cp\u003Ekamienie nagrobne; kamie\u0144 pami\u0105tkowy; fragment kutego krzy\u017ca\u003C\/p\u003E\n","field_czas_powstania_tab_pom_prz":"1997","field_wlasnosc":"inna","field_uwagi_wprtuppmo":"","field_s":"\u003Ctime datetime=\u00222026-02-05T01:00:00+01:00\u0022 title=\u00222026-02-05\u0022 class=\u0022datetime\u0022\u003E2026-02-05\u003C\/time\u003E\n"},{"title":"\u003Ca href=\u0022\/wykaz-pomnikow-rzezb-tablic-usytuowanych-w-przestrzeni-publicznej-miasta-olsztyna\/oczapowskiego-5\u0022 hreflang=\u0022pl\u0022\u003EOczapowskiego 5 (przed budynkiem Wydzia\u0142u Bioin\u017cynierii Zwierz\u0105t UWM)\u003C\/a\u003E","field_obiekt":"\u003Cp\u003ERze\u017aba \u0026quot;Rybactwo i rolnictwo\u0026quot;\u003C\/p\u003E\n","field_autor":"Balbina \u015awitycz-Widacka","field_material":"\u003Cp\u003Ebrak danych\u003C\/p\u003E\n","field_czas_powstania_tab_pom_prz":"koniec lat 50. XX w.","field_wlasnosc":"inna","field_uwagi_wprtuppmo":"","field_s":"\u003Ctime datetime=\u00222026-02-05T01:00:00+01:00\u0022 title=\u00222026-02-05\u0022 class=\u0022datetime\u0022\u003E2026-02-05\u003C\/time\u003E\n"},{"title":"\u003Ca href=\u0022\/wykaz-pomnikow-rzezb-tablic-usytuowanych-w-przestrzeni-publicznej-miasta-olsztyna\/oczapowskiego-8\u0022 hreflang=\u0022pl\u0022\u003EOczapowskiego 8 (dziedziniec budynku)\u003C\/a\u003E","field_obiekt":"\u003Cp\u003EKormoran \u2013 fontanna\u003C\/p\u003E\n","field_autor":"Balbina \u015awitycz-Widacka","field_material":"\u003Cp\u003Ebrak danych\u003C\/p\u003E\n","field_czas_powstania_tab_pom_prz":"koniec lat 50. XX w.","field_wlasnosc":"inna","field_uwagi_wprtuppmo":"","field_s":"\u003Ctime datetime=\u00222026-02-05T01:00:00+01:00\u0022 title=\u00222026-02-05\u0022 class=\u0022datetime\u0022\u003E2026-02-05\u003C\/time\u003E\n"},{"title":"\u003Ca href=\u0022\/wykaz-pomnikow-rzezb-tablic-usytuowanych-w-przestrzeni-publicznej-miasta-olsztyna\/ofiar-katynia\u0022 hreflang=\u0022pl\u0022\u003EOfiar Katynia Plac (rondo)\u003C\/a\u003E","field_obiekt":"\u003Cp\u003EKamie\u0144 pami\u0105tkowy\u003C\/p\u003E\n","field_autor":"Edward Jurjewicz","field_material":"\u003Cp\u003Egranit; br\u0105z\u003C\/p\u003E\n","field_czas_powstania_tab_pom_prz":"1985","field_wlasnosc":"Gmina Olsztyn","field_uwagi_wprtuppmo":"","field_s":"\u003Ctime datetime=\u00222026-02-05T01:00:00+01:00\u0022 title=\u00222026-02-05\u0022 class=\u0022datetime\u0022\u003E2026-02-05\u003C\/time\u003E\n"},{"title":"\u003Ca href=\u0022\/wykaz-pomnikow-rzezb-tablic-usytuowanych-w-przestrzeni-publicznej-miasta-olsztyna\/okopowa-nad-rz\u0022 hreflang=\u0022pl\u0022\u003EOkopowa (nad rz. \u0141yn\u0105)\u003C\/a\u003E","field_obiekt":"\u003Cp\u003EFontanna \u0026quot;Rycerze\u0026quot;\u003C\/p\u003E\n","field_autor":"Hubert Maciejczyk","field_material":"\u003Cp\u003Ebeton\u003C\/p\u003E\n","field_czas_powstania_tab_pom_prz":"1974","field_wlasnosc":"Gmina Olsztyn","field_uwagi_wprtuppmo":"W zwi\u0105zku rewitalizacj\u0105 Parku Podzamcze fontanna przeniesiona z ul. Mochnackiego (n\/\u0141yn\u0105)","field_s":"\u003Ctime datetime=\u00222026-02-05T01:00:00+01:00\u0022 title=\u00222026-02-05\u0022 class=\u0022datetime\u0022\u003E2026-02-05\u003C\/time\u003E\n"},{"title":"\u003Ca href=\u0022\/wykaz-pomnikow-rzezb-tablic-usytuowanych-w-przestrzeni-publicznej-miasta-olsztyna\/okopowa-20\u0022 hreflang=\u0022pl\u0022\u003EOkopowa 20\u003C\/a\u003E","field_obiekt":"\u003Cp\u003EDekoracja z metaloplastyki\u003C\/p\u003E\n","field_autor":"brak danych","field_material":"\u003Cp\u003Emetaloplastyka\u003C\/p\u003E\n","field_czas_powstania_tab_pom_prz":"brak danych","field_wlasnosc":"inna","field_uwagi_wprtuppmo":"","field_s":"\u003Ctime datetime=\u00222026-09-01T09:35:47+02:00\u0022 title=\u00222026-09-01\u0022 class=\u0022datetime\u0022\u003E2026-09-01\u003C\/time\u003E\n"},{"title":"\u003Ca href=\u0022\/wykaz-pomnikow-rzezb-tablic-usytuowanych-w-przestrzeni-publicznej-miasta-olsztyna\/orlowicza-1084353\u0022 hreflang=\u0022pl\u0022\u003EOr\u0142owicza\u003C\/a\u003E","field_obiekt":"\u003Cp\u003EKamie\u0144 pami\u0105tkowy Mieczys\u0142awa Or\u0142owicza\u003C\/p\u003E\n","field_autor":"Zofia Topczewska-Hudyka","field_material":"\u003Cp\u003Ebia\u0142y cement m\u0142otkowany\u003C\/p\u003E\n","field_czas_powstania_tab_pom_prz":"koniec lat 80-tych XX w.","field_wlasnosc":"Gmina Olsztyn","field_uwagi_wprtuppmo":"","field_s":"\u003Ctime datetime=\u00222026-02-05T01:00:00+01:00\u0022 title=\u00222026-02-05\u0022 class=\u0022datetime\u0022\u003E2026-02-05\u003C\/time\u003E\n"},{"title":"\u003Ca href=\u0022\/wykaz-pomnikow-rzezb-tablic-usytuowanych-w-przestrzeni-publicznej-miasta-olsztyna\/paderewskiego\u0022 hreflang=\u0022pl\u0022\u003EPaderewskiego 10\/12 (elewacja budynku Zespo\u0142u Szk\u00f3\u0142 Ekonomiczno-Handlowych im. Polak\u00f3w spod Znaku Rod\u0142a)\u003C\/a\u003E","field_obiekt":"\u003Cp\u003ETablica upami\u0119tniaj\u0105ca Zwi\u0105zek Polak\u00f3w w Niemczech\u003C\/p\u003E\n","field_autor":"brak danych","field_material":"\u003Cp\u003Ekamie\u0144 - bia\u0142y marmur\u003C\/p\u003E\n","field_czas_powstania_tab_pom_prz":"2022","field_wlasnosc":"Gmina Olsztyn","field_uwagi_wprtuppmo":"","field_s":"\u003Ctime datetime=\u00222026-02-05T01:00:00+01:00\u0022 title=\u00222026-02-05\u0022 class=\u0022datetime\u0022\u003E2026-02-05\u003C\/time\u003E\n"},{"title":"\u003Ca href=\u0022\/wykaz-pomnikow-rzezb-tablic-usytuowanych-w-przestrzeni-publicznej-miasta-olsztyna\/park\u0022 hreflang=\u0022pl\u0022\u003EPark Kusoci\u0144skiego\u003C\/a\u003E","field_obiekt":"\u003Cp\u003EPomnik ku pami\u0119ci Papie\u017ca Jana Paw\u0142a II (pomnik \u017cagle)\u003C\/p\u003E\n","field_autor":"Ryszard Szmyt","field_material":"\u003Cp\u003Egranit\u003C\/p\u003E\n","field_czas_powstania_tab_pom_prz":"2006","field_wlasnosc":"Gmina Olsztyn","field_uwagi_wprtuppmo":"Obecne tablice kamienne zast\u0105pi\u0142y oryginalne (wykonane z br\u0105zu, ukradzione w 2010 r.)","field_s":"\u003Ctime datetime=\u00222026-02-05T01:00:00+01:00\u0022 title=\u00222026-02-05\u0022 class=\u0022datetime\u0022\u003E2026-02-05\u003C\/time\u003E\n"},{"title":"\u003Ca href=\u0022\/wykaz-pomnikow-rzezb-tablic-usytuowanych-w-przestrzeni-publicznej-miasta-olsztyna\/park-0\u0022 hreflang=\u0022pl\u0022\u003EPark Kusoci\u0144skiego\u003C\/a\u003E","field_obiekt":"\u003Cp\u003EKamie\u0144 z tablic\u0105 pami\u0105tkow\u0105 po\u015bwi\u0119cony ofiarom katastrofy smole\u0144skiej oraz wszystkich, kt\u00f3rzy oddali \u017cycie w s\u0142u\u017cbie ojczyzny\u003C\/p\u003E\n","field_autor":"brak danych","field_material":"\u003Cp\u003Ekamie\u0144\u003C\/p\u003E\n","field_czas_powstania_tab_pom_prz":"2014","field_wlasnosc":"inna","field_uwagi_wprtuppmo":"W\u0142a\u015bciel: Ruch spo\u0142eczny im. Prezydenta Lecha Kaczy\u0144skiego","field_s":"\u003Ctime datetime=\u00222026-02-05T01:00:00+01:00\u0022 title=\u00222026-02-05\u0022 class=\u0022datetime\u0022\u003E2026-02-05\u003C\/time\u003E\n"},{"title":"\u003Ca href=\u0022\/wykaz-pomnikow-rzezb-tablic-usytuowanych-w-przestrzeni-publicznej-miasta-olsztyna\/park-podzamcze\u0022 hreflang=\u0022pl\u0022\u003EPark Podzamcze\u003C\/a\u003E","field_obiekt":"\u003Cp\u003ERze\u017aba \u0026quot;Ryba z dzieckiem\u0026quot;\u003C\/p\u003E\n","field_autor":"Balbina \u015awitycz-Widacka","field_material":"\u003Cp\u003Eodlew betonowy\u003C\/p\u003E\n","field_czas_powstania_tab_pom_prz":"1959","field_wlasnosc":"Gmina Olsztyn","field_uwagi_wprtuppmo":"Decyzja o wpisie do rejestru zabytk\u00f3w ruchomych wojew\u00f3dztwa warmi\u0144sko-mazurskiego IZAR.5140.3.4.2025 z 21.10.2025 r. (nr rejestru zabytk\u00f3w: B-464)","field_s":"\u003Ctime datetime=\u00222026-02-05T01:00:00+01:00\u0022 title=\u00222026-02-05\u0022 class=\u0022datetime\u0022\u003E2026-02-05\u003C\/time\u003E\n"},{"title":"\u003Ca href=\u0022\/wykaz-pomnikow-rzezb-tablic-usytuowanych-w-przestrzeni-publicznej-miasta-olsztyna\/park-podzamcze-0\u0022 hreflang=\u0022pl\u0022\u003EPark Podzamcze\u003C\/a\u003E","field_obiekt":"\u003Cp\u003ERze\u017aba \u0026quot;Wiosna\u0026quot;\u003C\/p\u003E\n","field_autor":"Balbina \u015awitycz-Widacka","field_material":"\u003Cp\u003Eodlew betonowy; cok\u00f3\u0142 betonowy z kostk\u0105 kamienn\u0105\u003C\/p\u003E\n","field_czas_powstania_tab_pom_prz":"1966","field_wlasnosc":"Gmina Olsztyn","field_uwagi_wprtuppmo":"Decyzja o wpisie do rejestru zabytk\u00f3w ruchomych wojew\u00f3dztwa warmi\u0144sko-mazurskiego IZAR.5140.3.4.2025 z 21.10.2025 r. (nr rejestru zabytk\u00f3w: B-464)","field_s":"\u003Ctime datetime=\u00222026-02-05T01:00:00+01:00\u0022 title=\u00222026-02-05\u0022 class=\u0022datetime\u0022\u003E2026-02-05\u003C\/time\u003E\n"},{"title":"\u003Ca href=\u0022\/wykaz-pomnikow-rzezb-tablic-usytuowanych-w-przestrzeni-publicznej-miasta-olsztyna\/park-podzamcze-1\u0022 hreflang=\u0022pl\u0022\u003EPark Podzamcze\u003C\/a\u003E","field_obiekt":"\u003Cp\u003EFontanna \u0026quot;Symfonia ptak\u00f3w\u0026quot;\u003C\/p\u003E\n","field_autor":"Ryszard Wachowski, Antoni Szczypczy\u0144ski ","field_material":"\u003Cp\u003Ebeton; odlewy \u017celiwne\u003C\/p\u003E\n","field_czas_powstania_tab_pom_prz":"1968","field_wlasnosc":"Gmina Olsztyn","field_uwagi_wprtuppmo":"","field_s":"\u003Ctime datetime=\u00222026-02-05T01:00:00+01:00\u0022 title=\u00222026-02-05\u0022 class=\u0022datetime\u0022\u003E2026-02-05\u003C\/time\u003E\n"},{"title":"\u003Ca href=\u0022\/wykaz-pomnikow-rzezb-tablic-usytuowanych-w-przestrzeni-publicznej-miasta-olsztyna\/park-podzamcze-2\u0022 hreflang=\u0022pl\u0022\u003EPark Podzamcze\u003C\/a\u003E","field_obiekt":"\u003Cp\u003ERze\u017aba \u0026quot;Amor na czatach\u0026quot;\u003C\/p\u003E\n","field_autor":"Balbina \u015awitycz-Widacka","field_material":"\u003Cp\u003Eodlew betonowy\u003C\/p\u003E\n","field_czas_powstania_tab_pom_prz":"1968","field_wlasnosc":"Gmina Olsztyn","field_uwagi_wprtuppmo":"Decyzja o wpisie do rejestru zabytk\u00f3w ruchomych wojew\u00f3dztwa warmi\u0144sko-mazurskiego IZAR.5140.3.4.2025 z 21.10.2025 r. (nr rejestru zabytk\u00f3w: B-464)","field_s":"\u003Ctime datetime=\u00222026-02-05T01:00:00+01:00\u0022 title=\u00222026-02-05\u0022 class=\u0022datetime\u0022\u003E2026-02-05\u003C\/time\u003E\n"},{"title":"\u003Ca href=\u0022\/wykaz-pomnikow-rzezb-tablic-usytuowanych-w-przestrzeni-publicznej-miasta-olsztyna\/park-podzamcze-3\u0022 hreflang=\u0022pl\u0022\u003EPark Podzamcze\u003C\/a\u003E","field_obiekt":"\u003Cp\u003ERze\u017aba \u0026quot;\u017baba\u0026quot;\u003C\/p\u003E\n","field_autor":"Ryszard Wachowski","field_material":"\u003Cp\u003Ebeton\u003C\/p\u003E\n","field_czas_powstania_tab_pom_prz":"1957","field_wlasnosc":"Gmina Olsztyn","field_uwagi_wprtuppmo":"","field_s":"\u003Ctime datetime=\u00222026-02-05T01:00:00+01:00\u0022 title=\u00222026-02-05\u0022 class=\u0022datetime\u0022\u003E2026-02-05\u003C\/time\u003E\n"},{"title":"\u003Ca href=\u0022\/wykaz-pomnikow-rzezb-tablic-usytuowanych-w-przestrzeni-publicznej-miasta-olsztyna\/park-podzamcze-4\u0022 hreflang=\u0022pl\u0022\u003EPark Podzamcze\u003C\/a\u003E","field_obiekt":"\u003Cp\u003ERze\u017aba \u0026quot;\u0141yna\u0026quot;\u003C\/p\u003E\n","field_autor":"Ryszard Wachowski","field_material":"\u003Cp\u003Ebeton\u003C\/p\u003E\n","field_czas_powstania_tab_pom_prz":"1957","field_wlasnosc":"Gmina Olsztyn","field_uwagi_wprtuppmo":"","field_s":"\u003Ctime datetime=\u00222026-02-05T01:00:00+01:00\u0022 title=\u00222026-02-05\u0022 class=\u0022datetime\u0022\u003E2026-02-05\u003C\/time\u003E\n"},{"title":"\u003Ca href=\u0022\/wykaz-pomnikow-rzezb-tablic-usytuowanych-w-przestrzeni-publicznej-miasta-olsztyna\/park-podzamcze-5\u0022 hreflang=\u0022pl\u0022\u003EPark Podzamcze\u003C\/a\u003E","field_obiekt":"\u003Cp\u003ERze\u017aba \u0026quot;Leda z \u0142ab\u0119dziem\u0026quot;\u003C\/p\u003E\n","field_autor":"Boles\u0142aw Marschall","field_material":"\u003Cp\u003Ekamie\u0144; wapie\u0144 pi\u0144czowski\u003C\/p\u003E\n","field_czas_powstania_tab_pom_prz":"1963","field_wlasnosc":"Gmina Olsztyn","field_uwagi_wprtuppmo":"","field_s":"\u003Ctime datetime=\u00222026-02-05T01:00:00+01:00\u0022 title=\u00222026-02-05\u0022 class=\u0022datetime\u0022\u003E2026-02-05\u003C\/time\u003E\n"},{"title":"\u003Ca href=\u0022\/wykaz-pomnikow-rzezb-tablic-usytuowanych-w-przestrzeni-publicznej-miasta-olsztyna\/park-podzamcze-6\u0022 hreflang=\u0022pl\u0022\u003EPark Podzamcze\u003C\/a\u003E","field_obiekt":"\u003Cp\u003EKamie\u0144 po\u015bwi\u0119cony pami\u0119ci Seweryna Pieni\u0119\u017cnego\u003C\/p\u003E\n","field_autor":"Eugeniusz Jankowski","field_material":"\u003Cp\u003Ekamie\u0144\u003C\/p\u003E\n","field_czas_powstania_tab_pom_prz":"1964","field_wlasnosc":"Gmina Olsztyn","field_uwagi_wprtuppmo":"","field_s":"\u003Ctime datetime=\u00222026-02-05T01:00:00+01:00\u0022 title=\u00222026-02-05\u0022 class=\u0022datetime\u0022\u003E2026-02-05\u003C\/time\u003E\n"},{"title":"\u003Ca href=\u0022\/wykaz-pomnikow-rzezb-tablic-usytuowanych-w-przestrzeni-publicznej-miasta-olsztyna\/park-podzamcze-7\u0022 hreflang=\u0022pl\u0022\u003EPark Podzamcze (murek przy \u0141ynie)\u003C\/a\u003E","field_obiekt":"\u003Cp\u003ERze\u017aba \u0026quot;Karczmarka z Nakomiad\u0026quot;\u003C\/p\u003E\n","field_autor":" Dawid  Go\u0142\u0119biowski","field_material":"\u003Cp\u003Ebr\u0105z\u003C\/p\u003E\n","field_czas_powstania_tab_pom_prz":"2025","field_wlasnosc":"Gmina Olsztyn","field_uwagi_wprtuppmo":"","field_s":"\u003Ctime datetime=\u00222026-02-05T01:00:00+01:00\u0022 title=\u00222026-02-05\u0022 class=\u0022datetime\u0022\u003E2026-02-05\u003C\/time\u003E\n"},{"title":"\u003Ca href=\u0022\/wykaz-pomnikow-rzezb-tablic-usytuowanych-w-przestrzeni-publicznej-miasta-olsztyna\/park-podzamcze-8\u0022 hreflang=\u0022pl\u0022\u003EPark Podzamcze (przy parterach ogrodowych)\u003C\/a\u003E","field_obiekt":"\u003Cp\u003ERze\u017aba \u0026quot;Perkun\u0026quot;\u003C\/p\u003E\n","field_autor":" Dawid  Go\u0142\u0119biowski","field_material":"\u003Cp\u003Ebr\u0105z\u003C\/p\u003E\n","field_czas_powstania_tab_pom_prz":"2025","field_wlasnosc":"Gmina Olsztyn","field_uwagi_wprtuppmo":"","field_s":"\u003Ctime datetime=\u00222026-02-05T01:00:00+01:00\u0022 title=\u00222026-02-05\u0022 class=\u0022datetime\u0022\u003E2026-02-05\u003C\/time\u003E\n"},{"title":"\u003Ca href=\u0022\/wykaz-pomnikow-rzezb-tablic-usytuowanych-w-przestrzeni-publicznej-miasta-olsztyna\/park-podzamcze-9\u0022 hreflang=\u0022pl\u0022\u003EPark Podzamcze (skwer nad \u0141yn\u0105 naprzeciwko budynku przy ul. Zamkowej 5)\u003C\/a\u003E","field_obiekt":"\u003Cp\u003EPomnik - popiersie Miko\u0142aja Kopernika\u003C\/p\u003E\n","field_autor":"Johann G\u00f6tz z Berlina","field_material":"\u003Cp\u003Epopiersie z br\u0105zu; postument granitowy\u003C\/p\u003E\n","field_czas_powstania_tab_pom_prz":"1917","field_wlasnosc":"Gmina Olsztyn","field_uwagi_wprtuppmo":"Pierwotna lokalizacja pomnika \u2013 u  podn\u00f3\u017ca zamku, sk\u0105d w roku 1946 zosta\u0142 przeniesiony.\u003Cbr \/\u003E\n\u003Cbr \/\u003E\nDecyzja o wpisie dobra kultury do rejestru zabytk\u00f3w wojew\u00f3dztwa warmi\u0144sko-mazurskiego PSOZ-1928\/IZR.5330-17\/97 z 23.10.1997 r. (nr rejestru zabytk\u00f3w: B-168\/97).","field_s":"\u003Ctime datetime=\u00222026-02-05T01:00:00+01:00\u0022 title=\u00222026-02-05\u0022 class=\u0022datetime\u0022\u003E2026-02-05\u003C\/time\u003E\n"},{"title":"\u003Ca href=\u0022\/wykaz-pomnikow-rzezb-tablic-usytuowanych-w-przestrzeni-publicznej-miasta-olsztyna\/partyzantow-23\u0022 hreflang=\u0022pl\u0022\u003EPartyzant\u00f3w 23 (Komenda Miejska Policji, obok wej\u015bcia g\u0142\u00f3wnego)\u003C\/a\u003E","field_obiekt":"\u003Cp\u003ETablica upami\u0119tniaj\u0105ca pp\u0142k Jana Niemierskiego ps. \u0026quot;Kasperski\u0026quot;\u003C\/p\u003E\n","field_autor":"brak danych","field_material":"\u003Cp\u003Ekamie\u0144\u003C\/p\u003E\n","field_czas_powstania_tab_pom_prz":"2021","field_wlasnosc":"inna","field_uwagi_wprtuppmo":"Ods\u0142oni\u0119cie 13.01.2022 r.","field_s":"\u003Ctime datetime=\u00222026-02-05T01:00:00+01:00\u0022 title=\u00222026-02-05\u0022 class=\u0022datetime\u0022\u003E2026-02-05\u003C\/time\u003E\n"},{"title":"\u003Ca href=\u0022\/wykaz-pomnikow-rzezb-tablic-usytuowanych-w-przestrzeni-publicznej-miasta-olsztyna\/partyzantow-87\u0022 hreflang=\u0022pl\u0022\u003EPartyzant\u00f3w 87 (elewacja budynku Instytutu P\u00f3\u0142nocnego im. Wojciecha K\u0119trzy\u0144skiego od strony ul. Lanca)\u003C\/a\u003E","field_obiekt":"\u003Cp\u003ETablica pami\u0105tkowa po\u015bwi\u0119cona istnieniu Szk\u00f3\u0142 Polskich na Warmii (1934-1939)\u003C\/p\u003E\n","field_autor":"brak danych","field_material":"\u003Cp\u003Eodlew z mosi\u0105dzu\u003C\/p\u003E\n","field_czas_powstania_tab_pom_prz":"2010","field_wlasnosc":"inna","field_uwagi_wprtuppmo":"","field_s":"\u003Ctime datetime=\u00222026-02-05T01:00:00+01:00\u0022 title=\u00222026-02-05\u0022 class=\u0022datetime\u0022\u003E2026-02-05\u003C\/time\u003E\n"},{"title":"\u003Ca href=\u0022\/wykaz-pomnikow-rzezb-tablic-usytuowanych-w-przestrzeni-publicznej-miasta-olsztyna\/partyzantow-87-1\u0022 hreflang=\u0022pl\u0022\u003EPartyzant\u00f3w 87 (elewacja budynku Instytutu P\u00f3\u0142nocnego im. Wojciecha K\u0119trzy\u0144skiego od strony ul. Lanca)\u003C\/a\u003E","field_obiekt":"\u003Cp\u003ETablica pami\u0105tkowa Jana Baczewskiego (1890-1958)\u003C\/p\u003E\n","field_autor":"brak danych","field_material":"\u003Cp\u003Eodlew z mosi\u0105dzu\u003C\/p\u003E\n","field_czas_powstania_tab_pom_prz":"2022","field_wlasnosc":"inna","field_uwagi_wprtuppmo":"Ods\u0142oni\u0119cie 10.11.2022 r.","field_s":"\u003Ctime datetime=\u00222026-02-05T01:00:00+01:00\u0022 title=\u00222026-02-05\u0022 class=\u0022datetime\u0022\u003E2026-02-05\u003C\/time\u003E\n"},{"title":"\u003Ca href=\u0022\/wykaz-pomnikow-rzezb-tablic-usytuowanych-w-przestrzeni-publicznej-miasta-olsztyna\/partyzantow-87-2\u0022 hreflang=\u0022pl\u0022\u003EPartyzant\u00f3w 87 (elewacja budynku Instytutu P\u00f3\u0142nocnego im. Wojciecha K\u0119trzy\u0144skiego od strony ul. Lanca)\u003C\/a\u003E","field_obiekt":"\u003Cp\u003ETablica upami\u0119tniaj\u0105ca obecno\u015b\u0107 harcerzy w Olsztynie i ich zas\u0142ugi dla miasta i regionu (z okazji 70. rocznicy powstania organizacji)\u003C\/p\u003E\n","field_autor":"brak danych","field_material":"\u003Cp\u003Eodlew z mosi\u0105dzu\u003C\/p\u003E\n","field_czas_powstania_tab_pom_prz":"2015","field_wlasnosc":"inna","field_uwagi_wprtuppmo":"Ods\u0142oni\u0119cie 17.10.2015 r.","field_s":"\u003Ctime datetime=\u00222026-02-05T01:00:00+01:00\u0022 title=\u00222026-02-05\u0022 class=\u0022datetime\u0022\u003E2026-02-05\u003C\/time\u003E\n"},{"title":"\u003Ca href=\u0022\/wykaz-pomnikow-rzezb-tablic-usytuowanych-w-przestrzeni-publicznej-miasta-olsztyna\/partyzantow-87-3\u0022 hreflang=\u0022pl\u0022\u003EPartyzant\u00f3w 87 (elewacja budynku od ul. Lanca)\u003C\/a\u003E","field_obiekt":"\u003Cp\u003ETablica z nazw\u0105 ulicy jej patrona - Jerzego Lanca (1901-1932)\u003C\/p\u003E\n","field_autor":"Hubert Maciejczyk","field_material":"\u003Cp\u003Ebr\u0105z\u003C\/p\u003E\n","field_czas_powstania_tab_pom_prz":"po\u0142owa lat 80. XX w.","field_wlasnosc":"inna","field_uwagi_wprtuppmo":"","field_s":"\u003Ctime datetime=\u00222026-02-05T01:00:00+01:00\u0022 title=\u00222026-02-05\u0022 class=\u0022datetime\u0022\u003E2026-02-05\u003C\/time\u003E\n"},{"title":"\u003Ca href=\u0022\/wykaz-pomnikow-rzezb-tablic-usytuowanych-w-przestrzeni-publicznej-miasta-olsztyna\/partyzantow-87-0\u0022 hreflang=\u0022pl\u0022\u003EPartyzant\u00f3w 87 (naro\u017cnik budynku Instytutu P\u00f3\u0142nocnego im. Wojciecha K\u0119trzy\u0144skiego, dawniej: OBN)\u003C\/a\u003E","field_obiekt":"\u003Cp\u003ETablica pami\u0105tkowa Domu Polskiego\u003C\/p\u003E\n","field_autor":"Boles\u0142aw Marschall","field_material":"\u003Cp\u003Ebr\u0105z\u003C\/p\u003E\n","field_czas_powstania_tab_pom_prz":"1980","field_wlasnosc":"inna","field_uwagi_wprtuppmo":"","field_s":"\u003Ctime datetime=\u00222026-02-05T01:00:00+01:00\u0022 title=\u00222026-02-05\u0022 class=\u0022datetime\u0022\u003E2026-02-05\u003C\/time\u003E\n"},{"title":"\u003Ca href=\u0022\/wykaz-pomnikow-rzezb-tablic-usytuowanych-w-przestrzeni-publicznej-miasta-olsztyna\/piastowska\u0022 hreflang=\u0022pl\u0022\u003EPiastowska (przejazd w bramie)\u003C\/a\u003E","field_obiekt":"\u003Cp\u003ETablica upami\u0119tniaj\u0105ca budowniczych Star\u00f3wki\u003C\/p\u003E\n","field_autor":"brak danych","field_material":"\u003Cp\u003Ebia\u0142y cement\u003C\/p\u003E\n","field_czas_powstania_tab_pom_prz":"1956","field_wlasnosc":"Gmina Olsztyn","field_uwagi_wprtuppmo":"","field_s":"\u003Ctime datetime=\u00222026-02-05T01:00:00+01:00\u0022 title=\u00222026-02-05\u0022 class=\u0022datetime\u0022\u003E2026-02-05\u003C\/time\u003E\n"},{"title":"\u003Ca href=\u0022\/wykaz-pomnikow-rzezb-tablic-usytuowanych-w-przestrzeni-publicznej-miasta-olsztyna\/pienieznego-0\u0022 hreflang=\u0022pl\u0022\u003EPieni\u0119\u017cnego (planty miejskie)\u003C\/a\u003E","field_obiekt":"\u003Cp\u003ERze\u017aba \u0026quot;Titelitury\u0026quot;\u003C\/p\u003E\n","field_autor":" Dawid  Go\u0142\u0119biowski","field_material":"\u003Cp\u003Ebr\u0105z\u003C\/p\u003E\n","field_czas_powstania_tab_pom_prz":"2025","field_wlasnosc":"Gmina Olsztyn","field_uwagi_wprtuppmo":"","field_s":"\u003Ctime datetime=\u00222026-02-05T01:00:00+01:00\u0022 title=\u00222026-02-05\u0022 class=\u0022datetime\u0022\u003E2026-02-05\u003C\/time\u003E\n"},{"title":"\u003Ca href=\u0022\/wykaz-pomnikow-rzezb-tablic-usytuowanych-w-przestrzeni-publicznej-miasta-olsztyna\/pienieznego\u0022 hreflang=\u0022pl\u0022\u003EPieni\u0119\u017cnego (wej\u015bcie do Parku Centralnego)\u003C\/a\u003E","field_obiekt":"\u003Cp\u003ERze\u017aba parkowa \u0026quot;Warmi\u0144skie \u017burawie\u0026quot;\u003C\/p\u003E\n","field_autor":"Izydor Borys","field_material":"\u003Cp\u003Estal ocynkowana\u003C\/p\u003E\n","field_czas_powstania_tab_pom_prz":"2020","field_wlasnosc":"Gmina Olsztyn","field_uwagi_wprtuppmo":"","field_s":"\u003Ctime datetime=\u00222026-02-05T01:00:00+01:00\u0022 title=\u00222026-02-05\u0022 class=\u0022datetime\u0022\u003E2026-02-05\u003C\/time\u003E\n"},{"title":"\u003Ca href=\u0022\/wykaz-pomnikow-rzezb-tablic-usytuowanych-w-przestrzeni-publicznej-miasta-olsztyna\/pienieznego-18\u0022 hreflang=\u0022pl\u0022\u003EPieni\u0119\u017cnego 18\u003C\/a\u003E","field_obiekt":"\u003Cp\u003ETablica pami\u0105tkowa Feliksa Nowowiejskiego (1877-1946)\u003C\/p\u003E\n","field_autor":"Jan Wies\u0142aw Kaczmarek","field_material":"\u003Cp\u003Ebr\u0105z\u003C\/p\u003E\n","field_czas_powstania_tab_pom_prz":"2002","field_wlasnosc":"inna","field_uwagi_wprtuppmo":"","field_s":"\u003Ctime datetime=\u00222026-02-05T01:00:00+01:00\u0022 title=\u00222026-02-05\u0022 class=\u0022datetime\u0022\u003E2026-02-05\u003C\/time\u003E\n"},{"title":"\u003Ca href=\u0022\/wykaz-pomnikow-rzezb-tablic-usytuowanych-w-przestrzeni-publicznej-miasta-olsztyna\/pienieznego-19\u0022 hreflang=\u0022pl\u0022\u003EPieni\u0119\u017cnego 19\u003C\/a\u003E","field_obiekt":"\u003Cp\u003ETablica pami\u0105tkowa pracownik\u00f3w Olszty\u0144skiego Okr\u0119gu Poczt i Telegraf\u00f3w\u003C\/p\u003E\n","field_autor":"brak danych","field_material":"\u003Cp\u003Ekamie\u0144\u003C\/p\u003E\n","field_czas_powstania_tab_pom_prz":"1992","field_wlasnosc":"inna","field_uwagi_wprtuppmo":"","field_s":"\u003Ctime datetime=\u00222026-02-05T01:00:00+01:00\u0022 title=\u00222026-02-05\u0022 class=\u0022datetime\u0022\u003E2026-02-05\u003C\/time\u003E\n"},{"title":"\u003Ca href=\u0022\/wykaz-pomnikow-rzezb-tablic-usytuowanych-w-przestrzeni-publicznej-miasta-olsztyna\/pienieznego-21\u0022 hreflang=\u0022pl\u0022\u003EPieni\u0119\u017cnego 21\u003C\/a\u003E","field_obiekt":"\u003Cp\u003ETablica upami\u0119tniaj\u0105ca pierwsz\u0105 po wyzwoleniu Warmii i Mazur promocj\u0119 oficer\u00f3w artylerii.\u003C\/p\u003E\n","field_autor":"brak danych","field_material":"\u003Cp\u003Ekamie\u0144\u003C\/p\u003E\n","field_czas_powstania_tab_pom_prz":"1985","field_wlasnosc":"inna","field_uwagi_wprtuppmo":"","field_s":"\u003Ctime datetime=\u00222026-09-01T09:39:09+02:00\u0022 title=\u00222026-09-01\u0022 class=\u0022datetime\u0022\u003E2026-09-01\u003C\/time\u003E\n"},{"title":"\u003Ca href=\u0022\/wykaz-pomnikow-rzezb-tablic-usytuowanych-w-przestrzeni-publicznej-miasta-olsztyna\/pienieznego-2a\u0022 hreflang=\u0022pl\u0022\u003EPieni\u0119\u017cnego 2a (dziedziniec Domu Pielgrzyma)\u003C\/a\u003E","field_obiekt":"\u003Cp\u003EPomnik \u015bw. Jakuba\u003C\/p\u003E\n","field_autor":"brak danych","field_material":"\u003Cp\u003Emasa spi\u017copodobna; kamienny cok\u00f3\u0142 z tablic\u0105\u003C\/p\u003E\n","field_czas_powstania_tab_pom_prz":"2015","field_wlasnosc":"inna","field_uwagi_wprtuppmo":"Kopia z XVII-wiecznej drewnianej rze\u017aby z ko\u015bcio\u0142a \u015bw. Jakuba w Toruniu, ustawiona z okazji 700-lecia chrystianizacji miasta","field_s":"\u003Ctime datetime=\u00222026-02-05T01:00:00+01:00\u0022 title=\u00222026-02-05\u0022 class=\u0022datetime\u0022\u003E2026-02-05\u003C\/time\u003E\n"},{"title":"\u003Ca href=\u0022\/wykaz-pomnikow-rzezb-tablic-usytuowanych-w-przestrzeni-publicznej-miasta-olsztyna\/pilsudskiego-3\u0022 hreflang=\u0022pl\u0022\u003EPi\u0142sudskiego 3 (elewacja budynku aresztu przy drzwiach wej\u015bciowych)\u003C\/a\u003E","field_obiekt":"\u003Cp\u003ETablica pami\u0105tkowa Bohater\u00f3w Polskiego Podziemia antykomunistycznego, przetrzymywanych i represjonowanych w budynku Aresztu \u015aledczego przez komunistyczny aparat terroru\u003C\/p\u003E\n","field_autor":"brak danych","field_material":"\u003Cp\u003Emarmur\u003C\/p\u003E\n","field_czas_powstania_tab_pom_prz":"2023","field_wlasnosc":"inna","field_uwagi_wprtuppmo":"","field_s":"\u003Ctime datetime=\u00222026-02-05T01:00:00+01:00\u0022 title=\u00222026-02-05\u0022 class=\u0022datetime\u0022\u003E2026-02-05\u003C\/time\u003E\n"},{"title":"\u003Ca href=\u0022\/wykaz-pomnikow-rzezb-tablic-usytuowanych-w-przestrzeni-publicznej-miasta-olsztyna\/pilsudskiego-38\u0022 hreflang=\u0022pl\u0022\u003EPi\u0142sudskiego 38 (atrium Biura Wystaw Artystycznych)\u003C\/a\u003E","field_obiekt":"\u003Cp\u003ERelief \u0026quot;Kompozycja astronomiczna\u0026quot; powsta\u0142y z okazji 500. rocznicy urodzin Miko\u0142aja Kopernika\u003C\/p\u003E\n","field_autor":"Stefan Knapp","field_material":"\u003Cp\u003Eblachy stalowe (205 szt.); szkliwione i barwione farbami akrylowymi na stela\u017cu\u003C\/p\u003E\n","field_czas_powstania_tab_pom_prz":"1973","field_wlasnosc":"Gmina Olsztyn","field_uwagi_wprtuppmo":"","field_s":"\u003Ctime datetime=\u00222026-02-05T01:00:00+01:00\u0022 title=\u00222026-02-05\u0022 class=\u0022datetime\u0022\u003E2026-02-05\u003C\/time\u003E\n"},{"title":"\u003Ca href=\u0022\/wykaz-pomnikow-rzezb-tablic-usytuowanych-w-przestrzeni-publicznej-miasta-olsztyna\/pilsudskiego-42\u0022 hreflang=\u0022pl\u0022\u003EPi\u0142sudskiego 42 (elewacja budynku Specjalnego  O\u015brodka Szkolno-Wychowawczegoy)\u003C\/a\u003E","field_obiekt":"\u003Cp\u003ETablica upami\u0119tniaj\u0105ca Kornela Makuszy\u0144skiego\u003C\/p\u003E\n","field_autor":"brak danych","field_material":"\u003Cp\u003Esztuczny kamie\u0144\u003C\/p\u003E\n","field_czas_powstania_tab_pom_prz":"1983","field_wlasnosc":"Gmina Olsztyn","field_uwagi_wprtuppmo":"","field_s":"\u003Ctime datetime=\u00222026-02-05T01:00:00+01:00\u0022 title=\u00222026-02-05\u0022 class=\u0022datetime\u0022\u003E2026-02-05\u003C\/time\u003E\n"},{"title":"\u003Ca href=\u0022\/wykaz-pomnikow-rzezb-tablic-usytuowanych-w-przestrzeni-publicznej-miasta-olsztyna\/pilsudskiego-44\u0022 hreflang=\u0022pl\u0022\u003EPi\u0142sudskiego 44 (przed Hal\u0105 widowiskowo-sportow\u0105 \u0026quot;Urania\u0026quot;)\u003C\/a\u003E","field_obiekt":"\u003Cp\u003ERze\u017aba \u0026quot;Rytm\u0026quot; potocznie zwana \u0026quot;Gimnastycy\u0026quot;\u003C\/p\u003E\n","field_autor":"Ryszard Wachowski","field_material":"\u003Cp\u003Ebeton; stal\u003C\/p\u003E\n","field_czas_powstania_tab_pom_prz":"1979","field_wlasnosc":"Gmina Olsztyn","field_uwagi_wprtuppmo":"","field_s":"\u003Ctime datetime=\u00222026-02-05T01:00:00+01:00\u0022 title=\u00222026-02-05\u0022 class=\u0022datetime\u0022\u003E2026-02-05\u003C\/time\u003E\n"},{"title":"\u003Ca href=\u0022\/wykaz-pomnikow-rzezb-tablic-usytuowanych-w-przestrzeni-publicznej-miasta-olsztyna\/plater-1-elewacja\u0022 hreflang=\u0022pl\u0022\u003EPlater 1 (elewacja budynku od strony ul. Ko\u015bciuszki)\u003C\/a\u003E","field_obiekt":"\u003Cp\u003ETablica pami\u0105tkowa Marsza\u0142ka J\u00f3zefa Pi\u0142sudskiego (1867-1935)\u003C\/p\u003E\n","field_autor":"Edward Jurjewicz","field_material":"\u003Cp\u003Eodlew z br\u0105zu\u003C\/p\u003E\n","field_czas_powstania_tab_pom_prz":"2008","field_wlasnosc":"inna","field_uwagi_wprtuppmo":"Monta\u017c w 2009 r.","field_s":"\u003Ctime datetime=\u00222026-02-05T01:00:00+01:00\u0022 title=\u00222026-02-05\u0022 class=\u0022datetime\u0022\u003E2026-02-05\u003C\/time\u003E\n"},{"title":"\u003Ca href=\u0022\/wykaz-pomnikow-rzezb-tablic-usytuowanych-w-przestrzeni-publicznej-miasta-olsztyna\/poprzeczna\u0022 hreflang=\u0022pl\u0022\u003EPoprzeczna (cmentarz komunalny)\u003C\/a\u003E","field_obiekt":"\u003Cp\u003EPomnik Ofiar Zbrodni Katy\u0144skiej\u003C\/p\u003E\n","field_autor":"brak danych","field_material":"\u003Cp\u003Ekamie\u0144\u003C\/p\u003E\n","field_czas_powstania_tab_pom_prz":"1995","field_wlasnosc":"Gmina Olsztyn","field_uwagi_wprtuppmo":"","field_s":"\u003Ctime datetime=\u00222026-02-05T01:00:00+01:00\u0022 title=\u00222026-02-05\u0022 class=\u0022datetime\u0022\u003E2026-02-05\u003C\/time\u003E\n"},{"title":"\u003Ca href=\u0022\/wykaz-pomnikow-rzezb-tablic-usytuowanych-w-przestrzeni-publicznej-miasta-olsztyna\/poprzeczna-0\u0022 hreflang=\u0022pl\u0022\u003EPoprzeczna (cmentarz komunalny, aleja Zas\u0142u\u017conych)\u003C\/a\u003E","field_obiekt":"\u003Cp\u003EPomnik Wilnianom-Wilnianie upami\u0119tniaj\u0105cy 50. rocznic\u0119 agresji ZSRR na Kresy Wschodnie II Rzeczypospolitej\u003C\/p\u003E\n","field_autor":"brak danych","field_material":"\u003Cp\u003Ekamie\u0144 (pomnik); sztuczny kamie\u0144 (tablica)\u003C\/p\u003E\n","field_czas_powstania_tab_pom_prz":"1989","field_wlasnosc":"Gmina Olsztyn","field_uwagi_wprtuppmo":"Ods\u0142oni\u0119cie 18.09.1989 r.","field_s":"\u003Ctime datetime=\u00222026-02-05T01:00:00+01:00\u0022 title=\u00222026-02-05\u0022 class=\u0022datetime\u0022\u003E2026-02-05\u003C\/time\u003E\n"},{"title":"\u003Ca href=\u0022\/wykaz-pomnikow-rzezb-tablic-usytuowanych-w-przestrzeni-publicznej-miasta-olsztyna\/prosta-most-sw\u0022 hreflang=\u0022pl\u0022\u003EProsta (most \u015bw. Jana)\u003C\/a\u003E","field_obiekt":"\u003Cp\u003ERze\u017aba \u015bw. Jana Nepomucena\u003C\/p\u003E\n","field_autor":"Edward Jurjewicz,  \u003Cbr \/\u003E\nPiotr Obarek","field_material":"\u003Cp\u003Eodlew z br\u0105zu; tablica i cok\u00f3\u0142 z granitu\u003C\/p\u003E\n","field_czas_powstania_tab_pom_prz":"1996","field_wlasnosc":"Gmina Olsztyn","field_uwagi_wprtuppmo":"","field_s":"\u003Ctime datetime=\u00222026-02-05T01:00:00+01:00\u0022 title=\u00222026-02-05\u0022 class=\u0022datetime\u0022\u003E2026-02-05\u003C\/time\u003E\n"},{"title":"\u003Ca href=\u0022\/wykaz-pomnikow-rzezb-tablic-usytuowanych-w-przestrzeni-publicznej-miasta-olsztyna\/prosta-12-na\u0022 hreflang=\u0022pl\u0022\u003EProsta 1\/2 (na elewacji budynku)\u003C\/a\u003E","field_obiekt":"\u003Cp\u003EP\u0142askorze\u017aba \u0026quot;Syrenka dwuogoniasta\u0026quot; lub \u0026quot;Mazurska syrena\u0026quot;\u003C\/p\u003E\n","field_autor":"Ryszard Wachowski","field_material":"\u003Cp\u003Ebia\u0142y beton\u003C\/p\u003E\n","field_czas_powstania_tab_pom_prz":"1969","field_wlasnosc":"inna","field_uwagi_wprtuppmo":"","field_s":"\u003Ctime datetime=\u00222026-02-05T01:00:00+01:00\u0022 title=\u00222026-02-05\u0022 class=\u0022datetime\u0022\u003E2026-02-05\u003C\/time\u003E\n"},{"title":"\u003Ca href=\u0022\/wykaz-pomnikow-rzezb-tablic-usytuowanych-w-przestrzeni-publicznej-miasta-olsztyna\/prosta-38-dom\u0022 hreflang=\u0022pl\u0022\u003EProsta 38 (Dom Rzemios\u0142)\u003C\/a\u003E","field_obiekt":"\u003Cp\u003EZielone plakiety dekoracje z metaloplastyki\u003C\/p\u003E\n","field_autor":"Boles\u0142aw Wolski","field_material":"\u003Cp\u003Eceramiczne plakiety; metaloplastyka\u003C\/p\u003E\n","field_czas_powstania_tab_pom_prz":"1984","field_wlasnosc":"inna","field_uwagi_wprtuppmo":"","field_s":"\u003Ctime datetime=\u00222026-02-05T01:00:00+01:00\u0022 title=\u00222026-02-05\u0022 class=\u0022datetime\u0022\u003E2026-02-05\u003C\/time\u003E\n"},{"title":"\u003Ca href=\u0022\/wykaz-pomnikow-rzezb-tablic-usytuowanych-w-przestrzeni-publicznej-miasta-olsztyna\/prosta-56-1084390\u0022 hreflang=\u0022pl\u0022\u003EProsta 5\/6\u003C\/a\u003E","field_obiekt":"\u003Cp\u003EP\u0142askorze\u017aby z g\u0142owami\u003C\/p\u003E\n","field_autor":"Ryszard Wachowski","field_material":"\u003Cp\u003Ebeton\u003C\/p\u003E\n","field_czas_powstania_tab_pom_prz":"1969","field_wlasnosc":"inna","field_uwagi_wprtuppmo":"","field_s":"\u003Ctime datetime=\u00222026-02-05T01:00:00+01:00\u0022 title=\u00222026-02-05\u0022 class=\u0022datetime\u0022\u003E2026-02-05\u003C\/time\u003E\n"},{"title":"\u003Ca href=\u0022\/wykaz-pomnikow-rzezb-tablic-usytuowanych-w-przestrzeni-publicznej-miasta-olsztyna\/pstrowskiego-mur\u0022 hreflang=\u0022pl\u0022\u003EPstrowskiego (mur oporowy przed budynkiem plac\u00f3wki o\u015bwiatowej przy ul. Pstrowskiego 5)\u003C\/a\u003E","field_obiekt":"\u003Cp\u003EKompozycja rze\u017abiarska\u003C\/p\u003E\n","field_autor":"brak danych","field_material":"\u003Cp\u003Ebeton\u003C\/p\u003E\n","field_czas_powstania_tab_pom_prz":"","field_wlasnosc":"Gmina Olsztyn","field_uwagi_wprtuppmo":"","field_s":"\u003Ctime datetime=\u00222026-08-31T13:43:00+02:00\u0022 title=\u00222026-08-31\u0022 class=\u0022datetime\u0022\u003E2026-08-31\u003C\/time\u003E\n"},{"title":"\u003Ca href=\u0022\/wykaz-pomnikow-rzezb-tablic-usytuowanych-w-przestrzeni-publicznej-miasta-olsztyna\/pstrowskiego-3\u0022 hreflang=\u0022pl\u0022\u003EPstrowskiego 3 (koszary)\u003C\/a\u003E","field_obiekt":"\u003Cp\u003EPomnik \u2013 Pami\u0119ci Policjantom, kt\u00f3rzy zgin\u0119li na s\u0142u\u017cbie\u003C\/p\u003E\n","field_autor":"brak danych","field_material":"\u003Cp\u003Ecok\u00f3\u0142 betonowy; tablice kamienne\u003C\/p\u003E\n","field_czas_powstania_tab_pom_prz":"2014","field_wlasnosc":"inna","field_uwagi_wprtuppmo":"","field_s":"\u003Ctime datetime=\u00222026-02-05T01:00:00+01:00\u0022 title=\u00222026-02-05\u0022 class=\u0022datetime\u0022\u003E2026-02-05\u003C\/time\u003E\n"},{"title":"\u003Ca href=\u0022\/wykaz-pomnikow-rzezb-tablic-usytuowanych-w-przestrzeni-publicznej-miasta-olsztyna\/samulowskiego-6\u0022 hreflang=\u0022pl\u0022\u003ESamulowskiego 6\u003C\/a\u003E","field_obiekt":"\u003Cp\u003ETablica pami\u0105tkowa Andrzeja Samulowskiego (1840-1928)\u003C\/p\u003E\n","field_autor":"Hubert Maciejczyk","field_material":"\u003Cp\u003Ebr\u0105z\u003C\/p\u003E\n","field_czas_powstania_tab_pom_prz":"1986","field_wlasnosc":"inna","field_uwagi_wprtuppmo":"","field_s":"\u003Ctime datetime=\u00222026-02-05T01:00:00+01:00\u0022 title=\u00222026-02-05\u0022 class=\u0022datetime\u0022\u003E2026-02-05\u003C\/time\u003E\n"},{"title":"\u003Ca href=\u0022\/wykaz-pomnikow-rzezb-tablic-usytuowanych-w-przestrzeni-publicznej-miasta-olsztyna\/sielska-dawny\u0022 hreflang=\u0022pl\u0022\u003ESielska (dawny cmentarz parafialny)\u003C\/a\u003E","field_obiekt":"\u003Cp\u003EPomnik upami\u0119tniaj\u0105cy mieszka\u0144c\u00f3w Dajtek poleg\u0142ych na frontach I wojny \u015bwiatowej wraz z now\u0105 tablic\u0105 pami\u0105tkow\u0105\u003C\/p\u003E\n","field_autor":"brak danych","field_material":"\u003Cp\u003Esztuczny kamie\u0144; granit\u003C\/p\u003E\n","field_czas_powstania_tab_pom_prz":"1932 - pomnik; 2013 nowa tablica","field_wlasnosc":"Gmina Olsztyn","field_uwagi_wprtuppmo":"","field_s":"\u003Ctime datetime=\u00222026-02-05T01:00:00+01:00\u0022 title=\u00222026-02-05\u0022 class=\u0022datetime\u0022\u003E2026-02-05\u003C\/time\u003E\n"},{"title":"\u003Ca href=\u0022\/wykaz-pomnikow-rzezb-tablic-usytuowanych-w-przestrzeni-publicznej-miasta-olsztyna\/solidarnosci-plac\u0022 hreflang=\u0022pl\u0022\u003ESolidarno\u015bci Plac\u003C\/a\u003E","field_obiekt":"\u003Cp\u003EPomnik \u0026quot;Wolno\u015bci Ojczyzny\u0026quot;\u003C\/p\u003E\n","field_autor":"Janusz Wierzy\u0144ski","field_material":"\u003Cp\u003Ebloki kamienne\u003C\/p\u003E\n","field_czas_powstania_tab_pom_prz":"2003","field_wlasnosc":"Gmina Olsztyn","field_uwagi_wprtuppmo":"","field_s":"\u003Ctime datetime=\u00222026-02-05T01:00:00+01:00\u0022 title=\u00222026-02-05\u0022 class=\u0022datetime\u0022\u003E2026-02-05\u003C\/time\u003E\n"},{"title":"\u003Ca href=\u0022\/wykaz-pomnikow-rzezb-tablic-usytuowanych-w-przestrzeni-publicznej-miasta-olsztyna\/stare-miasto-obok\u0022 hreflang=\u0022pl\u0022\u003EStare Miasto (obok budynku Starego Ratusza)\u003C\/a\u003E","field_obiekt":"\u003Cp\u003EMakieta starego miasta\u003C\/p\u003E\n","field_autor":"projekt: El\u017cbieta Milowicz","field_material":"\u003Cp\u003E17 kg przetopionych kluczy; granit (cok\u00f3\u0142)\u003C\/p\u003E\n","field_czas_powstania_tab_pom_prz":"2013","field_wlasnosc":"Gmina Olsztyn","field_uwagi_wprtuppmo":"Ods\u0142oni\u0119cie 26.10.2013 r.","field_s":"\u003Ctime datetime=\u00222026-02-05T01:00:00+01:00\u0022 title=\u00222026-02-05\u0022 class=\u0022datetime\u0022\u003E2026-02-05\u003C\/time\u003E\n"},{"title":"\u003Ca href=\u0022\/wykaz-pomnikow-rzezb-tablic-usytuowanych-w-przestrzeni-publicznej-miasta-olsztyna\/stare-miasto-przy\u0022 hreflang=\u0022pl\u0022\u003EStare Miasto (przy Starym Ratuszu)\u003C\/a\u003E","field_obiekt":"\u003Cp\u003ERze\u017aba \u0026quot;Kr\u00f3lowa r\u00f3\u017c\u0026quot;\u003C\/p\u003E\n","field_autor":" Dawid  Go\u0142\u0119biowski","field_material":"\u003Cp\u003Ebr\u0105z\u003C\/p\u003E\n","field_czas_powstania_tab_pom_prz":"2025","field_wlasnosc":"Gmina Olsztyn","field_uwagi_wprtuppmo":"","field_s":"\u003Ctime datetime=\u00222026-02-05T01:00:00+01:00\u0022 title=\u00222026-02-05\u0022 class=\u0022datetime\u0022\u003E2026-02-05\u003C\/time\u003E\n"},{"title":"\u003Ca href=\u0022\/wykaz-pomnikow-rzezb-tablic-usytuowanych-w-przestrzeni-publicznej-miasta-olsztyna\/stare-miasto-1116\u0022 hreflang=\u0022pl\u0022\u003EStare Miasto 11\/16\u003C\/a\u003E","field_obiekt":"\u003Cp\u003ETablica pami\u0105tkowa redakcji i drukarni Gazety Olszty\u0144skiej\u003C\/p\u003E\n","field_autor":"Edward Jurjewicz","field_material":"\u003Cp\u003Ebr\u0105z\u003C\/p\u003E\n","field_czas_powstania_tab_pom_prz":"1986","field_wlasnosc":"inna","field_uwagi_wprtuppmo":"","field_s":"\u003Ctime datetime=\u00222026-02-05T01:00:00+01:00\u0022 title=\u00222026-02-05\u0022 class=\u0022datetime\u0022\u003E2026-02-05\u003C\/time\u003E\n"},{"title":"\u003Ca href=\u0022\/wykaz-pomnikow-rzezb-tablic-usytuowanych-w-przestrzeni-publicznej-miasta-olsztyna\/stare-miasto-0\u0022 hreflang=\u0022pl\u0022\u003EStare Miasto 11\/16\u003C\/a\u003E","field_obiekt":"\u003Cp\u003ETablica Jana z \u0141ajs\u003C\/p\u003E\n","field_autor":"brak danych","field_material":"\u003Cp\u003Egranit\u003C\/p\u003E\n","field_czas_powstania_tab_pom_prz":"1999","field_wlasnosc":"inna","field_uwagi_wprtuppmo":"","field_s":"\u003Ctime datetime=\u00222026-02-05T01:00:00+01:00\u0022 title=\u00222026-02-05\u0022 class=\u0022datetime\u0022\u003E2026-02-05\u003C\/time\u003E\n"},{"title":"\u003Ca href=\u0022\/wykaz-pomnikow-rzezb-tablic-usytuowanych-w-przestrzeni-publicznej-miasta-olsztyna\/stare-miasto-1\u0022 hreflang=\u0022pl\u0022\u003EStare Miasto 11\/16\u003C\/a\u003E","field_obiekt":"\u003Cp\u003EP\u0142askorze\u017aby na elewacji od strony rynku (postacie) oraz od strony ul. Staszica (zwierz\u0119ta)\u003C\/p\u003E\n","field_autor":"Ryszard Wachowski","field_material":"\u003Cp\u003Esztuczny kamie\u0144\u003C\/p\u003E\n","field_czas_powstania_tab_pom_prz":"1966","field_wlasnosc":"inna","field_uwagi_wprtuppmo":"","field_s":"\u003Ctime datetime=\u00222026-02-05T01:00:00+01:00\u0022 title=\u00222026-02-05\u0022 class=\u0022datetime\u0022\u003E2026-02-05\u003C\/time\u003E\n"},{"title":"\u003Ca href=\u0022\/wykaz-pomnikow-rzezb-tablic-usytuowanych-w-przestrzeni-publicznej-miasta-olsztyna\/stare-miasto-1721\u0022 hreflang=\u0022pl\u0022\u003EStare Miasto 17\/21\u003C\/a\u003E","field_obiekt":"\u003Cp\u003EPlakiety ze znakami cechowymi\u003C\/p\u003E\n","field_autor":"Boles\u0142aw Wolski","field_material":"\u003Cp\u003Eceramiczne plakiety\u003C\/p\u003E\n","field_czas_powstania_tab_pom_prz":"1966","field_wlasnosc":"inna","field_uwagi_wprtuppmo":"","field_s":"\u003Ctime datetime=\u00222026-02-05T01:00:00+01:00\u0022 title=\u00222026-02-05\u0022 class=\u0022datetime\u0022\u003E2026-02-05\u003C\/time\u003E\n"},{"title":"\u003Ca href=\u0022\/wykaz-pomnikow-rzezb-tablic-usytuowanych-w-przestrzeni-publicznej-miasta-olsztyna\/stare-miasto-33\u0022 hreflang=\u0022pl\u0022\u003EStare Miasto 33 (hol Starego Ratusza)\u003C\/a\u003E","field_obiekt":"\u003Cp\u003ETablica pami\u0105tkowa Emilii Sukertowej-Biedrawiny (1887-1970)\u003C\/p\u003E\n","field_autor":"Urszula Szmyt","field_material":"\u003Cp\u003Emosi\u0105dz\u003C\/p\u003E\n","field_czas_powstania_tab_pom_prz":"2010","field_wlasnosc":"inna","field_uwagi_wprtuppmo":"","field_s":"\u003Ctime datetime=\u00222026-02-05T01:00:00+01:00\u0022 title=\u00222026-02-05\u0022 class=\u0022datetime\u0022\u003E2026-02-05\u003C\/time\u003E\n"},{"title":"\u003Ca href=\u0022\/wykaz-pomnikow-rzezb-tablic-usytuowanych-w-przestrzeni-publicznej-miasta-olsztyna\/staromiejska-1\u0022 hreflang=\u0022pl\u0022\u003EStaromiejska 1 (Brama G\u00f3rna)\u003C\/a\u003E","field_obiekt":"\u003Cp\u003ETablica pami\u0105tkowa Wojciecha K\u0119trzy\u0144skiego (1838-1918)\u003C\/p\u003E\n","field_autor":"Edward Jurjewicz","field_material":"\u003Cp\u003Ebr\u0105z\u003C\/p\u003E\n","field_czas_powstania_tab_pom_prz":"2006","field_wlasnosc":"Gmina Olsztyn","field_uwagi_wprtuppmo":"Wcze\u015bniejsza tablica pami\u0105tkowa 1967\/1968 z okazji obchod\u00f3w roku Wojciecha K\u0119trzy\u0144skiego","field_s":"\u003Ctime datetime=\u00222026-02-05T01:00:00+01:00\u0022 title=\u00222026-02-05\u0022 class=\u0022datetime\u0022\u003E2026-02-05\u003C\/time\u003E\n"},{"title":"\u003Ca href=\u0022\/wykaz-pomnikow-rzezb-tablic-usytuowanych-w-przestrzeni-publicznej-miasta-olsztyna\/staromiejska-1-0\u0022 hreflang=\u0022pl\u0022\u003EStaromiejska 1 (Brama G\u00f3rna)\u003C\/a\u003E","field_obiekt":"\u003Cp\u003ETablica na 650-lecie Olsztyna\u003C\/p\u003E\n","field_autor":"Jan Wies\u0142aw Kaczmarek","field_material":"\u003Cp\u003Ebr\u0105z\u003C\/p\u003E\n","field_czas_powstania_tab_pom_prz":"2003","field_wlasnosc":"Gmina Olsztyn","field_uwagi_wprtuppmo":"","field_s":"\u003Ctime datetime=\u00222026-02-05T01:00:00+01:00\u0022 title=\u00222026-02-05\u0022 class=\u0022datetime\u0022\u003E2026-02-05\u003C\/time\u003E\n"},{"title":"\u003Ca href=\u0022\/wykaz-pomnikow-rzezb-tablic-usytuowanych-w-przestrzeni-publicznej-miasta-olsztyna\/staromiejska-1-1\u0022 hreflang=\u0022pl\u0022\u003EStaromiejska 1 (Brama G\u00f3rna)\u003C\/a\u003E","field_obiekt":"\u003Cp\u003EG\u0142owa Jana Paw\u0142a II\u003C\/p\u003E\n","field_autor":"Andrzej Koss","field_material":"\u003Cp\u003Ebr\u0105z\u003C\/p\u003E\n","field_czas_powstania_tab_pom_prz":"2006","field_wlasnosc":"Gmina Olsztyn","field_uwagi_wprtuppmo":"","field_s":"\u003Ctime datetime=\u00222026-02-05T01:00:00+01:00\u0022 title=\u00222026-02-05\u0022 class=\u0022datetime\u0022\u003E2026-02-05\u003C\/time\u003E\n"},{"title":"\u003Ca href=\u0022\/wykaz-pomnikow-rzezb-tablic-usytuowanych-w-przestrzeni-publicznej-miasta-olsztyna\/staromiejska-1-2\u0022 hreflang=\u0022pl\u0022\u003EStaromiejska 1 (Brama G\u00f3rna)\u003C\/a\u003E","field_obiekt":"\u003Cp\u003ERze\u017aba \u0026quot;Kobieta o bursztynowych w\u0142osach\u0026quot;\u003C\/p\u003E\n","field_autor":" Dawid  Go\u0142\u0119biowski","field_material":"\u003Cp\u003Ebr\u0105z\u003C\/p\u003E\n","field_czas_powstania_tab_pom_prz":"2025","field_wlasnosc":"Gmina Olsztyn","field_uwagi_wprtuppmo":"","field_s":"\u003Ctime datetime=\u00222026-02-05T01:00:00+01:00\u0022 title=\u00222026-02-05\u0022 class=\u0022datetime\u0022\u003E2026-02-05\u003C\/time\u003E\n"},{"title":"\u003Ca href=\u0022\/wykaz-pomnikow-rzezb-tablic-usytuowanych-w-przestrzeni-publicznej-miasta-olsztyna\/staromiejska-10\u0022 hreflang=\u0022pl\u0022\u003EStaromiejska 10 \/ \u015bw. Barbary 1\u003C\/a\u003E","field_obiekt":"\u003Cp\u003ETablica pami\u0105tkowa Ericha Mendelsohna (1887-1953)\u003C\/p\u003E\n","field_autor":"brak danych","field_material":"\u003Cp\u003Egranit\u003C\/p\u003E\n","field_czas_powstania_tab_pom_prz":"1997","field_wlasnosc":"inna","field_uwagi_wprtuppmo":"","field_s":"\u003Ctime datetime=\u00222026-02-05T01:00:00+01:00\u0022 title=\u00222026-02-05\u0022 class=\u0022datetime\u0022\u003E2026-02-05\u003C\/time\u003E\n"},{"title":"\u003Ca href=\u0022\/wykaz-pomnikow-rzezb-tablic-usytuowanych-w-przestrzeni-publicznej-miasta-olsztyna\/staromiejska-25\u0022 hreflang=\u0022pl\u0022\u003EStaromiejska 2\/5\u003C\/a\u003E","field_obiekt":"\u003Cp\u003ETablica pami\u0105tkowa Eugeniusza Buchholza\u003C\/p\u003E\n","field_autor":"Jan Wies\u0142aw Kaczmarek","field_material":"\u003Cp\u003Ebr\u0105z\u003C\/p\u003E\n","field_czas_powstania_tab_pom_prz":"2005","field_wlasnosc":"inna","field_uwagi_wprtuppmo":"Inicjator: Stowarzyszenie \u0026quot;Civitas Christiana\u0026quot;, Towarzystwo Historyczne w Olsztynie, Samorz\u0105d Olsztyna, Miasto \u0141uck  na Ukrainie","field_s":"\u003Ctime datetime=\u00222026-02-05T01:00:00+01:00\u0022 title=\u00222026-02-05\u0022 class=\u0022datetime\u0022\u003E2026-02-05\u003C\/time\u003E\n"},{"title":"\u003Ca href=\u0022\/wykaz-pomnikow-rzezb-tablic-usytuowanych-w-przestrzeni-publicznej-miasta-olsztyna\/staszica-elewacja\u0022 hreflang=\u0022pl\u0022\u003EStaszica (elewacja frontowa budynku Katedry \u015bw. Jakuba)\u003C\/a\u003E","field_obiekt":"\u003Cp\u003EPopiersie Papie\u017ca Jana Paw\u0142a II wraz z tablic\u0105 pami\u0105tkow\u0105 (epitafium)\u003C\/p\u003E\n","field_autor":"Ryszard Szmyt","field_material":"\u003Cp\u003Ebr\u0105z\u003C\/p\u003E\n","field_czas_powstania_tab_pom_prz":"2006","field_wlasnosc":"inna","field_uwagi_wprtuppmo":"","field_s":"\u003Ctime datetime=\u00222026-02-05T01:00:00+01:00\u0022 title=\u00222026-02-05\u0022 class=\u0022datetime\u0022\u003E2026-02-05\u003C\/time\u003E\n"},{"title":"\u003Ca href=\u0022\/wykaz-pomnikow-rzezb-tablic-usytuowanych-w-przestrzeni-publicznej-miasta-olsztyna\/staszica-przed\u0022 hreflang=\u0022pl\u0022\u003EStaszica (przed Katedr\u0105 \u015bw. Jakuba)\u003C\/a\u003E","field_obiekt":"\u003Cp\u003EPomnik ks. Adalberta Wojciecha Zinka (1902-1969)\u003C\/p\u003E\n","field_autor":"Izydor  Borys","field_material":"\u003Cp\u003Ebr\u0105z; cok\u00f3\u0142 kamienny\u003C\/p\u003E\n","field_czas_powstania_tab_pom_prz":"2018","field_wlasnosc":"inna","field_uwagi_wprtuppmo":"Ods\u0142oni\u0119cie 29.02.2018 r.","field_s":"\u003Ctime datetime=\u00222026-02-05T01:00:00+01:00\u0022 title=\u00222026-02-05\u0022 class=\u0022datetime\u0022\u003E2026-02-05\u003C\/time\u003E\n"},{"title":"\u003Ca href=\u0022\/wykaz-pomnikow-rzezb-tablic-usytuowanych-w-przestrzeni-publicznej-miasta-olsztyna\/staszica-12\u0022 hreflang=\u0022pl\u0022\u003EStaszica 12 \u003C\/a\u003E","field_obiekt":"\u003Cp\u003ETablica pami\u0105tkowa Gazety Olszty\u0144skiej\u003C\/p\u003E\n","field_autor":"Boles\u0142aw Marschall","field_material":"\u003Cp\u003Ebia\u0142y marmur\u003C\/p\u003E\n","field_czas_powstania_tab_pom_prz":"1986","field_wlasnosc":"inna","field_uwagi_wprtuppmo":"","field_s":"\u003Ctime datetime=\u00222026-02-05T01:00:00+01:00\u0022 title=\u00222026-02-05\u0022 class=\u0022datetime\u0022\u003E2026-02-05\u003C\/time\u003E\n"},{"title":"\u003Ca href=\u0022\/wykaz-pomnikow-rzezb-tablic-usytuowanych-w-przestrzeni-publicznej-miasta-olsztyna\/staszica-19\u0022 hreflang=\u0022pl\u0022\u003EStaszica 19\u003C\/a\u003E","field_obiekt":"\u003Cp\u003ETablica pami\u0105tkowa Henryka Syski (1920-2000)\u003C\/p\u003E\n","field_autor":"brak danych","field_material":"\u003Cp\u003Eczarny marmur; z\u0142ocone litery\u003C\/p\u003E\n","field_czas_powstania_tab_pom_prz":"2010","field_wlasnosc":"inna","field_uwagi_wprtuppmo":"","field_s":"\u003Ctime datetime=\u00222026-02-05T01:00:00+01:00\u0022 title=\u00222026-02-05\u0022 class=\u0022datetime\u0022\u003E2026-02-05\u003C\/time\u003E\n"},{"title":"\u003Ca href=\u0022\/wykaz-pomnikow-rzezb-tablic-usytuowanych-w-przestrzeni-publicznej-miasta-olsztyna\/sybirakow-pl\u0022 hreflang=\u0022pl\u0022\u003ESybirak\u00f3w (Pl. Powsta\u0144c\u00f3w Warszawy)\u003C\/a\u003E","field_obiekt":"\u003Cp\u003EPomnik \u0026quot;Bohaterom Powstania Warszawskiego\u0026quot;\u003C\/p\u003E\n","field_autor":"brak danych","field_material":"\u003Cp\u003Ekamie\u0144 (2 rodzaje); napis - litery mosi\u0119\u017cne; p\u0142askorze\u017aba - br\u0105z\u003C\/p\u003E\n","field_czas_powstania_tab_pom_prz":"brak danych","field_wlasnosc":"Gmina Olsztyn","field_uwagi_wprtuppmo":"","field_s":"\u003Ctime datetime=\u00222026-02-05T01:00:00+01:00\u0022 title=\u00222026-02-05\u0022 class=\u0022datetime\u0022\u003E2026-02-05\u003C\/time\u003E\n"},{"title":"\u003Ca href=\u0022\/wykaz-pomnikow-rzezb-tablic-usytuowanych-w-przestrzeni-publicznej-miasta-olsztyna\/sybirakow-skwer\u0022 hreflang=\u0022pl\u0022\u003ESybirak\u00f3w (skwer za ko\u015bcio\u0142em \u015bw. J\u00f3zefa)\u003C\/a\u003E","field_obiekt":"\u003Cp\u003EPomnik Pami\u0119ci Zes\u0142a\u0144c\u00f3w Syberyjskich\u003C\/p\u003E\n","field_autor":"Mariusz Kulpa","field_material":"\u003Cp\u003Ekopiec z p\u0142yt\u0105 granitow\u0105; odlew z br\u0105zu z a\u017curowymi krzy\u017cami (\u0026quot;Kwiat pami\u0119ci\u0026quot;)\u003C\/p\u003E\n","field_czas_powstania_tab_pom_prz":"2004; 2005","field_wlasnosc":"Gmina Olsztyn","field_uwagi_wprtuppmo":"","field_s":"\u003Ctime datetime=\u00222026-02-05T01:00:00+01:00\u0022 title=\u00222026-02-05\u0022 class=\u0022datetime\u0022\u003E2026-02-05\u003C\/time\u003E\n"},{"title":"\u003Ca href=\u0022\/wykaz-pomnikow-rzezb-tablic-usytuowanych-w-przestrzeni-publicznej-miasta-olsztyna\/synow-pulku\u0022 hreflang=\u0022pl\u0022\u003ESyn\u00f3w Pu\u0142ku\u003C\/a\u003E","field_obiekt":"\u003Cp\u003EKamie\u0144 pami\u0105tkowy Syn\u00f3w Pu\u0142ku\u003C\/p\u003E\n","field_autor":"Boles\u0142aw Wolski","field_material":"\u003Cp\u003Egranit; piaskowiec; beton\u003C\/p\u003E\n","field_czas_powstania_tab_pom_prz":"1991","field_wlasnosc":"Gmina Olsztyn","field_uwagi_wprtuppmo":"","field_s":"\u003Ctime datetime=\u00222026-02-05T01:00:00+01:00\u0022 title=\u00222026-02-05\u0022 class=\u0022datetime\u0022\u003E2026-02-05\u003C\/time\u003E\n"},{"title":"\u003Ca href=\u0022\/wykaz-pomnikow-rzezb-tablic-usytuowanych-w-przestrzeni-publicznej-miasta-olsztyna\/szarych-szeregow\u0022 hreflang=\u0022pl\u0022\u003ESzarych Szereg\u00f3w (cmentarz wojenny z okresu I i II wojny \u015bwiatowej)\u003C\/a\u003E","field_obiekt":"\u003Cp\u003EPomnik lotnik\u00f3w francuskich z pu\u0142ku lotniczego Normandie-Niemen\u003C\/p\u003E\n","field_autor":"brak danych","field_material":"\u003Cp\u003Ekamie\u0144 - granit\u003C\/p\u003E\n","field_czas_powstania_tab_pom_prz":"2004","field_wlasnosc":"Gmina Olsztyn","field_uwagi_wprtuppmo":"","field_s":"\u003Ctime datetime=\u00222026-02-05T01:00:00+01:00\u0022 title=\u00222026-02-05\u0022 class=\u0022datetime\u0022\u003E2026-02-05\u003C\/time\u003E\n"},{"title":"\u003Ca href=\u0022\/wykaz-pomnikow-rzezb-tablic-usytuowanych-w-przestrzeni-publicznej-miasta-olsztyna\/szarych-0\u0022 hreflang=\u0022pl\u0022\u003ESzarych Szereg\u00f3w (cmentarz wojenny z okresu I i II wojny \u015bwiatowej)\u003C\/a\u003E","field_obiekt":"\u003Cp\u003EPomnik pami\u0119ci \u017co\u0142nierzy polskich poleg\u0142ych w 1939 r.\u003C\/p\u003E\n","field_autor":"Sow-Granit","field_material":"\u003Cp\u003Egranit\u003C\/p\u003E\n","field_czas_powstania_tab_pom_prz":"2006","field_wlasnosc":"Gmina Olsztyn","field_uwagi_wprtuppmo":"","field_s":"\u003Ctime datetime=\u00222026-02-05T01:00:00+01:00\u0022 title=\u00222026-02-05\u0022 class=\u0022datetime\u0022\u003E2026-02-05\u003C\/time\u003E\n"},{"title":"\u003Ca href=\u0022\/wykaz-pomnikow-rzezb-tablic-usytuowanych-w-przestrzeni-publicznej-miasta-olsztyna\/szarych-1\u0022 hreflang=\u0022pl\u0022\u003ESzarych Szereg\u00f3w (cmentarz wojenny z okresu I i II wojny \u015bwiatowej)\u003C\/a\u003E","field_obiekt":"\u003Cp\u003EPomnik pami\u0119ci poleg\u0142ych \u017co\u0142nierzy polskich poleg\u0142ych w latach 1939-1945\u003C\/p\u003E\n","field_autor":"Ryszard Wachowski","field_material":"\u003Cp\u003Ebeton\u003C\/p\u003E\n","field_czas_powstania_tab_pom_prz":"1966","field_wlasnosc":"Gmina Olsztyn","field_uwagi_wprtuppmo":"","field_s":"\u003Ctime datetime=\u00222026-02-05T01:00:00+01:00\u0022 title=\u00222026-02-05\u0022 class=\u0022datetime\u0022\u003E2026-02-05\u003C\/time\u003E\n"},{"title":"\u003Ca href=\u0022\/wykaz-pomnikow-rzezb-tablic-usytuowanych-w-przestrzeni-publicznej-miasta-olsztyna\/szarych-2\u0022 hreflang=\u0022pl\u0022\u003ESzarych Szereg\u00f3w (cmentarz wojenny z okresu I i II wojny \u015bwiatowej)\u003C\/a\u003E","field_obiekt":"\u003Cp\u003EPomnik \u017co\u0142nierzy radzieckich\u003C\/p\u003E\n","field_autor":"brak danych","field_material":"\u003Cp\u003Ekamie\u0144 - piaskowiec\u003C\/p\u003E\n","field_czas_powstania_tab_pom_prz":"brak danych","field_wlasnosc":"Gmina Olsztyn","field_uwagi_wprtuppmo":"","field_s":"\u003Ctime datetime=\u00222026-02-05T01:00:00+01:00\u0022 title=\u00222026-02-05\u0022 class=\u0022datetime\u0022\u003E2026-02-05\u003C\/time\u003E\n"},{"title":"\u003Ca href=\u0022\/wykaz-pomnikow-rzezb-tablic-usytuowanych-w-przestrzeni-publicznej-miasta-olsztyna\/szarych-3\u0022 hreflang=\u0022pl\u0022\u003ESzarych Szereg\u00f3w (cmentarz wojenny z okresu I i II wojny \u015bwiatowej)\u003C\/a\u003E","field_obiekt":"\u003Cp\u003EPomnik \u017co\u0142nierzy polskich, radzieckich i francuskich\u003C\/p\u003E\n","field_autor":"brak danych","field_material":"\u003Cp\u003Egranit; beton\u003C\/p\u003E\n","field_czas_powstania_tab_pom_prz":"brak danych","field_wlasnosc":"Gmina Olsztyn","field_uwagi_wprtuppmo":"","field_s":"\u003Ctime datetime=\u00222026-02-05T01:00:00+01:00\u0022 title=\u00222026-02-05\u0022 class=\u0022datetime\u0022\u003E2026-02-05\u003C\/time\u003E\n"},{"title":"\u003Ca href=\u0022\/wykaz-pomnikow-rzezb-tablic-usytuowanych-w-przestrzeni-publicznej-miasta-olsztyna\/szewczenki-1\u0022 hreflang=\u0022pl\u0022\u003ESzewczenki 1\u003Cbr \/\u003E\n\u003C\/a\u003E","field_obiekt":"\u003Cp\u003ETablica pami\u0105tkowa Tarasa Szewczenki\u003C\/p\u003E\n","field_autor":"fundator Miasto \u0141uck na Ukrainie","field_material":"\u003Cp\u003Egranit (tablica); odlew z br\u0105zu (p\u0142askorze\u017aba - g\u0142owa poety)\u003C\/p\u003E\n","field_czas_powstania_tab_pom_prz":"2011","field_wlasnosc":"Gmina Olsztyn","field_uwagi_wprtuppmo":"","field_s":"\u003Ctime datetime=\u00222026-02-05T01:00:00+01:00\u0022 title=\u00222026-02-05\u0022 class=\u0022datetime\u0022\u003E2026-02-05\u003C\/time\u003E\n"},{"title":"\u003Ca href=\u0022\/wykaz-pomnikow-rzezb-tablic-usytuowanych-w-przestrzeni-publicznej-miasta-olsztyna\/szrajbera-11\u0022 hreflang=\u0022pl\u0022\u003ESzrajbera 11\u003C\/a\u003E","field_obiekt":"\u003Cp\u003ETablica adresowa\u003Cbr \/\u003E\nTablica pami\u0105tkowa Feliksa Szrajbera (1857-1889)\u003C\/p\u003E\n","field_autor":"Hubert Maciejczyk","field_material":"\u003Cp\u003Ebr\u0105z\u003C\/p\u003E\n","field_czas_powstania_tab_pom_prz":"lata 80. XX w.","field_wlasnosc":"inna","field_uwagi_wprtuppmo":"","field_s":"\u003Ctime datetime=\u00222026-09-01T10:10:08+02:00\u0022 title=\u00222026-09-01\u0022 class=\u0022datetime\u0022\u003E2026-09-01\u003C\/time\u003E\n"},{"title":"\u003Ca href=\u0022\/wykaz-pomnikow-rzezb-tablic-usytuowanych-w-przestrzeni-publicznej-miasta-olsztyna\/targ-rybny\u0022 hreflang=\u0022pl\u0022\u003ETarg Rybny\u003C\/a\u003E","field_obiekt":"\u003Cp\u003EFigura \u015bw. Jakuba\u003C\/p\u003E\n","field_autor":"Rafa\u0142 Grabowski","field_material":"\u003Cp\u003Esztuczny kamie\u0144; cok\u00f3\u0142 z granitu\u003C\/p\u003E\n","field_czas_powstania_tab_pom_prz":"2003-2004","field_wlasnosc":"Gmina Olsztyn","field_uwagi_wprtuppmo":"","field_s":"\u003Ctime datetime=\u00222026-02-05T01:00:00+01:00\u0022 title=\u00222026-02-05\u0022 class=\u0022datetime\u0022\u003E2026-02-05\u003C\/time\u003E\n"},{"title":"\u003Ca href=\u0022\/wykaz-pomnikow-rzezb-tablic-usytuowanych-w-przestrzeni-publicznej-miasta-olsztyna\/targ-rybny-dom\u0022 hreflang=\u0022pl\u0022\u003ETarg Rybny (Dom Gazety Olszty\u0144skiej)\u003C\/a\u003E","field_obiekt":"\u003Cp\u003ETablica pami\u0105tkowa \u0026quot;Jeszcze Polska nie zgin\u0119\u0142a. W 200 rocznic\u0119 Mazurka D\u0105browskiego (1797-1997)\u0026quot;\u003C\/p\u003E\n","field_autor":"Jan Wies\u0142aw Kaczmarek","field_material":"\u003Cp\u003Egranit; litery z\u0142ocone\u003C\/p\u003E\n","field_czas_powstania_tab_pom_prz":"1997","field_wlasnosc":"inna","field_uwagi_wprtuppmo":"","field_s":"\u003Ctime datetime=\u00222026-02-05T01:00:00+01:00\u0022 title=\u00222026-02-05\u0022 class=\u0022datetime\u0022\u003E2026-02-05\u003C\/time\u003E\n"},{"title":"\u003Ca href=\u0022\/wykaz-pomnikow-rzezb-tablic-usytuowanych-w-przestrzeni-publicznej-miasta-olsztyna\/targ-rybny-przy\u0022 hreflang=\u0022pl\u0022\u003ETarg Rybny (przy Domu Gazety Olszty\u0144skiej)\u003C\/a\u003E","field_obiekt":"\u003Cp\u003ERze\u017aba \u0026quot;Topnik\u0026quot;\u003C\/p\u003E\n","field_autor":" Dawid  Go\u0142\u0119biowski","field_material":"\u003Cp\u003Ebr\u0105z\u003C\/p\u003E\n","field_czas_powstania_tab_pom_prz":"2025","field_wlasnosc":"Gmina Olsztyn","field_uwagi_wprtuppmo":"","field_s":"\u003Ctime datetime=\u00222026-02-05T01:00:00+01:00\u0022 title=\u00222026-02-05\u0022 class=\u0022datetime\u0022\u003E2026-02-05\u003C\/time\u003E\n"},{"title":"\u003Ca href=\u0022\/wykaz-pomnikow-rzezb-tablic-usytuowanych-w-przestrzeni-publicznej-miasta-olsztyna\/towarowa\u0022 hreflang=\u0022pl\u0022\u003ETowarowa (k\/Olszty\u0144skich Zak\u0142ad\u00f3w Graficznych)\u003C\/a\u003E","field_obiekt":"\u003Cp\u003EPopiersie Seweryna Pieni\u0119\u017cnego\u003C\/p\u003E\n","field_autor":"Edward Jurjewicz","field_material":"\u003Cp\u003Ekamie\u0144\u003C\/p\u003E\n","field_czas_powstania_tab_pom_prz":"lata 80. XX w.","field_wlasnosc":"inna","field_uwagi_wprtuppmo":"","field_s":"\u003Ctime datetime=\u00222026-02-05T01:00:00+01:00\u0022 title=\u00222026-02-05\u0022 class=\u0022datetime\u0022\u003E2026-02-05\u003C\/time\u003E\n"},{"title":"\u003Ca href=\u0022\/wykaz-pomnikow-rzezb-tablic-usytuowanych-w-przestrzeni-publicznej-miasta-olsztyna-1\u0022 hreflang=\u0022pl\u0022\u003EWarszawska\/Obro\u0144c\u00f3w Tobruku\u003C\/a\u003E","field_obiekt":"\u003Cp\u003EPomnik Obro\u0144c\u00f3w Tobruku\u003C\/p\u003E\n","field_autor":"brak danych","field_material":"\u003Cp\u003Egranit; br\u0105z\u003C\/p\u003E\n","field_czas_powstania_tab_pom_prz":"1997","field_wlasnosc":"Gmina Olsztyn","field_uwagi_wprtuppmo":"","field_s":"\u003Ctime datetime=\u00222026-02-05T01:00:00+01:00\u0022 title=\u00222026-02-05\u0022 class=\u0022datetime\u0022\u003E2026-02-05\u003C\/time\u003E\n"},{"title":"\u003Ca href=\u0022\/wykaz-pomnikow-rzezb-tablic-usytuowanych-w-przestrzeni-publicznej-miasta-olsztyna\/warszawskia\u0022 hreflang=\u0022pl\u0022\u003EWarszawskia \/ Jagiello\u0144czyka (skrzy\u017cowanie)\u003C\/a\u003E","field_obiekt":"\u003Cp\u003ERze\u017aba \u2013 Chrystus upadaj\u0105cy pod krzy\u017cem \u0026quot;Id\u017a za mn\u0105\u0026quot;\u003C\/p\u003E\n","field_autor":"brak danych","field_material":"\u003Cp\u003Epiaskowiec (figura kamienna); cok\u00f3\u0142 ze sztucznego kamienia\u003C\/p\u003E\n","field_czas_powstania_tab_pom_prz":"XVIII w.","field_wlasnosc":"Gmina Olsztyn","field_uwagi_wprtuppmo":"Pierwotna lokalizacja - Targ Ko\u0144ski (ob. pl. Roosevelta), sk\u0105d zosta\u0142a przeniesiona w 1937 r. Decyzja o wpisie dobra kultury do rejestru zabytk\u00f3w wojew\u00f3dztwa warmi\u0144sko-mazurskiego PSOZ-1928\/IZR.5330-15\/97 z 23.10.1997 r. (nr rejestru zabytk\u00f3w: B-166\/97).","field_s":"\u003Ctime datetime=\u00222026-02-05T01:00:00+01:00\u0022 title=\u00222026-02-05\u0022 class=\u0022datetime\u0022\u003E2026-02-05\u003C\/time\u003E\n"},{"title":"\u003Ca href=\u0022\/wykaz-pomnikow-rzezb-tablic-usytuowanych-w-przestrzeni-publicznej-miasta-olsztyna\/wojska-polskiego\u0022 hreflang=\u0022pl\u0022\u003EWojska Polskiego\u003C\/a\u003E","field_obiekt":"\u003Cp\u003EKamie\u0144 upami\u0119tniaj\u0105cy dawny cmentarz ewangelicki\u003C\/p\u003E\n","field_autor":"Sow-Granit Zenon Sowi\u0144ski","field_material":"\u003Cp\u003Ekamie\u0144\u003C\/p\u003E\n","field_czas_powstania_tab_pom_prz":"2005","field_wlasnosc":"Gmina Olsztyn","field_uwagi_wprtuppmo":"","field_s":"\u003Ctime datetime=\u00222026-02-05T01:00:00+01:00\u0022 title=\u00222026-02-05\u0022 class=\u0022datetime\u0022\u003E2026-02-05\u003C\/time\u003E\n"},{"title":"\u003Ca href=\u0022\/wykaz-pomnikow-rzezb-tablic-usytuowanych-w-przestrzeni-publicznej-miasta-olsztyna\/wojska-0\u0022 hreflang=\u0022pl\u0022\u003EWojska Polskiego (Park Jakubowo)\u003C\/a\u003E","field_obiekt":"\u003Cp\u003EPomnik \u0026quot;Bohaterom Walk o Wyzwolenie Narodowe i Spo\u0142eczne Warmii i Mazur\u0026quot;\u003C\/p\u003E\n","field_autor":"Boles\u0142aw Marschall","field_material":"\u003Cp\u003Ewapie\u0144 pi\u0144czowski\u003C\/p\u003E\n","field_czas_powstania_tab_pom_prz":"1972","field_wlasnosc":"Gmina Olsztyn","field_uwagi_wprtuppmo":"Postawiony w 50. rocznic\u0119 powstania Zwi\u0105zku Polak\u00f3w w Niemczech, usytuowany w miejscu, gdzie od 1928 r. sta\u0142 niemiecki pomnik zwyci\u0119stwa plebiscytowego","field_s":"\u003Ctime datetime=\u00222026-02-05T01:00:00+01:00\u0022 title=\u00222026-02-05\u0022 class=\u0022datetime\u0022\u003E2026-02-05\u003C\/time\u003E\n"},{"title":"\u003Ca href=\u0022\/wykaz-pomnikow-rzezb-tablic-usytuowanych-w-przestrzeni-publicznej-miasta-olsztyna\/wojska-1\u0022 hreflang=\u0022pl\u0022\u003EWojska Polskiego (Park Jakubowo)\u003C\/a\u003E","field_obiekt":"\u003Cp\u003EFontanna \/ wodotrysk\u003C\/p\u003E\n","field_autor":"brak danych","field_material":"\u003Cp\u003Ebeton\u003C\/p\u003E\n","field_czas_powstania_tab_pom_prz":"1910","field_wlasnosc":"Gmina Olsztyn","field_uwagi_wprtuppmo":"","field_s":"\u003Ctime datetime=\u00222026-02-05T01:00:00+01:00\u0022 title=\u00222026-02-05\u0022 class=\u0022datetime\u0022\u003E2026-02-05\u003C\/time\u003E\n"},{"title":"\u003Ca href=\u0022\/wykaz-pomnikow-rzezb-tablic-usytuowanych-w-przestrzeni-publicznej-miasta-olsztyna\/wojska-2\u0022 hreflang=\u0022pl\u0022\u003EWojska Polskiego (teren dawnego cmentarza ewangelickiego, obecnie park przy al. Wojska Polskiego w Olsztynie)\u003C\/a\u003E","field_obiekt":"\u003Cp\u003EPomnik Bogumi\u0142a Linki\u003C\/p\u003E\n","field_autor":"Boles\u0142aw Marschall","field_material":"\u003Cp\u003Ewapie\u0144 pi\u0144czowski\u003C\/p\u003E\n","field_czas_powstania_tab_pom_prz":"1973","field_wlasnosc":"Gmina Olsztyn","field_uwagi_wprtuppmo":"","field_s":"\u003Ctime datetime=\u00222026-02-05T01:00:00+01:00\u0022 title=\u00222026-02-05\u0022 class=\u0022datetime\u0022\u003E2026-02-05\u003C\/time\u003E\n"},{"title":"\u003Ca href=\u0022\/wykaz-pomnikow-rzezb-tablic-usytuowanych-w-przestrzeni-publicznej-miasta-olsztyna\/wojska-3\u0022 hreflang=\u0022pl\u0022\u003EWojska Polskiego \/Radiowa (Park Jakubowo)\u003C\/a\u003E","field_obiekt":"\u003Cp\u003EWodop\u00f3j \u0026quot;Pingwiny\u0026quot;\u003C\/p\u003E\n","field_autor":"Hubert Maciejczyk","field_material":"\u003Cp\u003Ebeton\u003C\/p\u003E\n","field_czas_powstania_tab_pom_prz":"lata 70.  XX w.","field_wlasnosc":"Gmina Olsztyn","field_uwagi_wprtuppmo":"","field_s":"\u003Ctime datetime=\u00222026-02-05T01:00:00+01:00\u0022 title=\u00222026-02-05\u0022 class=\u0022datetime\u0022\u003E2026-02-05\u003C\/time\u003E\n"},{"title":"\u003Ca href=\u0022\/wykaz-pomnikow-rzezb-tablic-usytuowanych-w-przestrzeni-publicznej-miasta-olsztyna\/wojska-4\u0022 hreflang=\u0022pl\u0022\u003EWojska Polskiego 17\/18 (elewacja budynku Zespo\u0142u Szk\u00f3\u0142 Samochodowych)\u003C\/a\u003E","field_obiekt":"\u003Cp\u003ETablica upami\u0119tniaj\u0105ca Aleksandra Szczyg\u0142o\u003C\/p\u003E\n","field_autor":"Janusz Wierzy\u0144ski","field_material":"\u003Cp\u003Egranit\u003C\/p\u003E\n","field_czas_powstania_tab_pom_prz":"2013","field_wlasnosc":"Gmina Olsztyn","field_uwagi_wprtuppmo":"Ods\u0142oni\u0119cie 25.10.2013 r.","field_s":"\u003Ctime datetime=\u00222026-02-05T01:00:00+01:00\u0022 title=\u00222026-02-05\u0022 class=\u0022datetime\u0022\u003E2026-02-05\u003C\/time\u003E\n"},{"title":"\u003Ca href=\u0022\/wykaz-pomnikow-rzezb-tablic-usytuowanych-w-przestrzeni-publicznej-miasta-olsztyna\/wyszynskiego-9\u0022 hreflang=\u0022pl\u0022\u003EWyszy\u0144skiego 9 (plac przy Ko\u015bciele Chrystusa Odkupiciela Cz\u0142owieka)\u003C\/a\u003E","field_obiekt":"\u003Cp\u003EPopiersie Jana Paw\u0142a II\u003C\/p\u003E\n","field_autor":"Ryszard Kaczor","field_material":"\u003Cp\u003Eodlew z br\u0105zu\u003C\/p\u003E\n","field_czas_powstania_tab_pom_prz":"2008","field_wlasnosc":"inna","field_uwagi_wprtuppmo":"Ods\u0142oni\u0119cie 02.04.2008 r.","field_s":"\u003Ctime datetime=\u00222026-02-05T01:00:00+01:00\u0022 title=\u00222026-02-05\u0022 class=\u0022datetime\u0022\u003E2026-02-05\u003C\/time\u003E\n"},{"title":"\u003Ca href=\u0022\/wykaz-pomnikow-rzezb-tablic-usytuowanych-w-przestrzeni-publicznej-miasta-olsztyna\/wyzwolenia-9\u0022 hreflang=\u0022pl\u0022\u003EWyzwolenia 9\u003C\/a\u003E","field_obiekt":"\u003Cp\u003ETablica upami\u0119tniaj\u0105ca dr W\u0142adys\u0142awa  G\u0119bika\u003C\/p\u003E\n","field_autor":"projekt uczni\u00f3w z Liceum Plastycznego","field_material":"\u003Cp\u003Eodlew z br\u0105zu\u003C\/p\u003E\n","field_czas_powstania_tab_pom_prz":"2015\u003Cbr \/\u003E\n","field_wlasnosc":"inna","field_uwagi_wprtuppmo":"Ods\u0142oni\u0119cie 10.11.2015 r.","field_s":"\u003Ctime datetime=\u00222026-02-05T01:00:00+01:00\u0022 title=\u00222026-02-05\u0022 class=\u0022datetime\u0022\u003E2026-02-05\u003C\/time\u003E\n"},{"title":"\u003Ca href=\u0022\/wykaz-pomnikow-rzezb-tablic-usytuowanych-w-przestrzeni-publicznej-miasta-olsztyna-2\u0022 hreflang=\u0022pl\u0022\u003EWyzwolenia\/\u017barskiej (przy wiaduktach)\u003C\/a\u003E","field_obiekt":"\u003Cp\u003ERze\u017aba \u0026quot;Diabelska k\u0142adka\u0026quot;\u003C\/p\u003E\n","field_autor":" Dawid  Go\u0142\u0119biowski","field_material":"\u003Cp\u003Ebr\u0105z\u003C\/p\u003E\n","field_czas_powstania_tab_pom_prz":"2025","field_wlasnosc":"Gmina Olsztyn","field_uwagi_wprtuppmo":"","field_s":"\u003Ctime datetime=\u00222026-02-05T01:00:00+01:00\u0022 title=\u00222026-02-05\u0022 class=\u0022datetime\u0022\u003E2026-02-05\u003C\/time\u003E\n"},{"title":"\u003Ca href=\u0022\/wykaz-pomnikow-rzezb-tablic-usytuowanych-w-przestrzeni-publicznej-miasta-olsztyna\/zamkowa-1084436\u0022 hreflang=\u0022pl\u0022\u003EZamkowa\u003C\/a\u003E","field_obiekt":"\u003Cp\u003ERze\u017aba \u0026quot;\u0141aweczka z Kopernikiem\u0026quot;\u003C\/p\u003E\n","field_autor":"Urszula Szmyt","field_material":"\u003Cp\u003Eodlew z br\u0105zu; cok\u00f3\u0142 ceglany; siedzisko z granitu\u003C\/p\u003E\n","field_czas_powstania_tab_pom_prz":"2003","field_wlasnosc":"Gmina Olsztyn","field_uwagi_wprtuppmo":"","field_s":"\u003Ctime datetime=\u00222026-02-05T01:00:00+01:00\u0022 title=\u00222026-02-05\u0022 class=\u0022datetime\u0022\u003E2026-02-05\u003C\/time\u003E\n"},{"title":"\u003Ca href=\u0022\/wykaz-pomnikow-rzezb-tablic-usytuowanych-w-przestrzeni-publicznej-miasta-olsztyna\/zamkowa-1084437\u0022 hreflang=\u0022pl\u0022\u003EZamkowa\u003C\/a\u003E","field_obiekt":"\u003Cp\u003ERze\u017aba \u0026quot;Uk\u0142ad S\u0142oneczny\u0026quot;\u003C\/p\u003E\n","field_autor":"Jean Marie Bechet","field_material":"\u003Cp\u003Ekamie\u0144 \u2013 piaskowiec\u003C\/p\u003E\n","field_czas_powstania_tab_pom_prz":"1972-73","field_wlasnosc":"Gmina Olsztyn","field_uwagi_wprtuppmo":"","field_s":"\u003Ctime datetime=\u00222026-02-05T01:00:00+01:00\u0022 title=\u00222026-02-05\u0022 class=\u0022datetime\u0022\u003E2026-02-05\u003C\/time\u003E\n"},{"title":"\u003Ca href=\u0022\/wykaz-pomnikow-rzezb-tablic-usytuowanych-w-przestrzeni-publicznej-miasta-olsztyna\/zamkowa-na-murku\u0022 hreflang=\u0022pl\u0022\u003EZamkowa (na murku)\u003C\/a\u003E","field_obiekt":"\u003Cp\u003ERze\u017aba \u0026quot;Sm\u0119tek\u0026quot;\u003C\/p\u003E\n","field_autor":" Dawid  Go\u0142\u0119biowski","field_material":"\u003Cp\u003Ebr\u0105z\u003C\/p\u003E\n","field_czas_powstania_tab_pom_prz":"2025","field_wlasnosc":"Gmina Olsztyn","field_uwagi_wprtuppmo":"","field_s":"\u003Ctime datetime=\u00222026-02-05T01:00:00+01:00\u0022 title=\u00222026-02-05\u0022 class=\u0022datetime\u0022\u003E2026-02-05\u003C\/time\u003E\n"},{"title":"\u003Ca href=\u0022\/wykaz-pomnikow-rzezb-tablic-usytuowanych-w-przestrzeni-publicznej-miasta-olsztyna\/zamkowa-przy\u0022 hreflang=\u0022pl\u0022\u003EZamkowa (przy restauracji Casablanca, murek przy schodach)\u003C\/a\u003E","field_obiekt":"\u003Cp\u003ERze\u017aba \u0026quot;A\u0142na\u0026quot;\u003C\/p\u003E\n","field_autor":" Dawid  Go\u0142\u0119biowski","field_material":"\u003Cp\u003Ebr\u0105z\u003C\/p\u003E\n","field_czas_powstania_tab_pom_prz":"2025","field_wlasnosc":"Gmina Olsztyn","field_uwagi_wprtuppmo":"","field_s":"\u003Ctime datetime=\u00222026-02-05T01:00:00+01:00\u0022 title=\u00222026-02-05\u0022 class=\u0022datetime\u0022\u003E2026-02-05\u003C\/time\u003E\n"},{"title":"\u003Ca href=\u0022\/wykaz-pomnikow-rzezb-tablic-usytuowanych-w-przestrzeni-publicznej-miasta-olsztyna\/zamkowa-2\u0022 hreflang=\u0022pl\u0022\u003EZamkowa 2 (dziedziniec Zamku)\u003C\/a\u003E","field_obiekt":"\u003Cp\u003ERze\u017aba \u0026quot;Baba Pruska\u0026quot;\u003C\/p\u003E\n","field_autor":"brak danych","field_material":"\u003Cp\u003Ekamie\u0144\u003C\/p\u003E\n","field_czas_powstania_tab_pom_prz":"1948","field_wlasnosc":"inna","field_uwagi_wprtuppmo":"","field_s":"\u003Ctime datetime=\u00222026-02-05T01:00:00+01:00\u0022 title=\u00222026-02-05\u0022 class=\u0022datetime\u0022\u003E2026-02-05\u003C\/time\u003E\n"},{"title":"\u003Ca href=\u0022\/wykaz-pomnikow-rzezb-tablic-usytuowanych-w-przestrzeni-publicznej-miasta-olsztyna\/zamkowa-2-0\u0022 hreflang=\u0022pl\u0022\u003EZamkowa 2 (elewacja budynku dawnej siedziby ZPAP)\u003C\/a\u003E","field_obiekt":"\u003Cp\u003ETablica Okr\u0119gu Olszty\u0144skiego Zwi\u0105zku Polskich Artyst\u00f3w Plastyk\u00f3w\u003C\/p\u003E\n","field_autor":"brak danych","field_material":"\u003Cp\u003Ebrak danych\u003C\/p\u003E\n","field_czas_powstania_tab_pom_prz":"brak danych","field_wlasnosc":"inna","field_uwagi_wprtuppmo":"","field_s":"\u003Ctime datetime=\u00222026-02-05T01:00:00+01:00\u0022 title=\u00222026-02-05\u0022 class=\u0022datetime\u0022\u003E2026-02-05\u003C\/time\u003E\n"},{"title":"\u003Ca href=\u0022\/wykaz-pomnikow-rzezb-tablic-usytuowanych-w-przestrzeni-publicznej-miasta-olsztyna\/zamkowa-2-zamek\u0022 hreflang=\u0022pl\u0022\u003EZamkowa 2 \u2013 Zamek\u003C\/a\u003E","field_obiekt":"\u003Cp\u003ETablica pami\u0105tkowa \u0026quot;Bojownikom o Polsko\u015b\u0107 Warmii i Mazur Pomordowanym przez hitlerowc\u00f3w\u0026quot;\u003C\/p\u003E\n","field_autor":"Zygfryd Korpalski","field_material":"\u003Cp\u003Ebr\u0105z\u003C\/p\u003E\n","field_czas_powstania_tab_pom_prz":"1965","field_wlasnosc":"inna","field_uwagi_wprtuppmo":"","field_s":"\u003Ctime datetime=\u00222026-02-05T01:00:00+01:00\u0022 title=\u00222026-02-05\u0022 class=\u0022datetime\u0022\u003E2026-02-05\u003C\/time\u003E\n"},{"title":"\u003Ca href=\u0022\/wykaz-pomnikow-rzezb-tablic-usytuowanych-w-przestrzeni-publicznej-miasta-olsztyna\/zamkowa-2a-dawna\u0022 hreflang=\u0022pl\u0022\u003EZamkowa 2a (dawna siedziba ZPAP)\u003C\/a\u003E","field_obiekt":"\u003Cp\u003ETablica upami\u0119tniaj\u0105ca budowniczych siedziby Zwi\u0105zku Polskich Artyst\u00f3w Plastyk\u00f3w w Olsztynie\u003C\/p\u003E\n","field_autor":"brak danych","field_material":"\u003Cp\u003Ekamie\u0144\u003C\/p\u003E\n","field_czas_powstania_tab_pom_prz":"1970","field_wlasnosc":"","field_uwagi_wprtuppmo":"","field_s":"\u003Ctime datetime=\u00222026-09-01T10:12:33+02:00\u0022 title=\u00222026-09-01\u0022 class=\u0022datetime\u0022\u003E2026-09-01\u003C\/time\u003E\n"},{"title":"\u003Ca href=\u0022\/wykaz-pomnikow-rzezb-tablic-usytuowanych-w-przestrzeni-publicznej-miasta-olsztyna\/zamkowa-5-1084441\u0022 hreflang=\u0022pl\u0022\u003EZamkowa 5 \u003C\/a\u003E","field_obiekt":"\u003Cp\u003ETablica pami\u0105tkowa Balbiny \u015awitycz-Widackiej\u003C\/p\u003E\n","field_autor":"Jowita Widacka-Solarska (autorka projektu wcze\u015bniejszej tablicy; c\u00f3rka Balbiny \u015awitycz- Widackiej)","field_material":"\u003Cp\u003Emarmur; odlew g\u0142owy z br\u0105zu; litery mosi\u0119\u017cne\u003C\/p\u003E\n","field_czas_powstania_tab_pom_prz":"1997","field_wlasnosc":"inna","field_uwagi_wprtuppmo":"Ods\u0142oni\u0119cie tablicy 1999 r.; 2007 \u2013 naprawa tablicy; 2015- ponowny monta\u017c","field_s":"\u003Ctime datetime=\u00222026-02-05T01:00:00+01:00\u0022 title=\u00222026-02-05\u0022 class=\u0022datetime\u0022\u003E2026-02-05\u003C\/time\u003E\n"},{"title":"\u003Ca href=\u0022\/wykaz-pomnikow-rzezb-tablic-usytuowanych-w-przestrzeni-publicznej-miasta-olsztyna\/zarskiej-2\u0022 hreflang=\u0022pl\u0022\u003E\u017barskiej 2 (elewacja budynku Warmi\u0144sko-Mazurskiej Biblioteki Pedagogicznej od strony ul. Nowowiejskiego)\u003C\/a\u003E","field_obiekt":"\u003Cp\u003ETablica pami\u0105tkowa prof. Tadeusza Kotarbi\u0144skiego (1886-1981)\u003C\/p\u003E\n","field_autor":"Jan Wies\u0142aw Kaczmarek","field_material":"\u003Cp\u003Ebr\u0105z\u003C\/p\u003E\n","field_czas_powstania_tab_pom_prz":"lata 80. XX w.","field_wlasnosc":"inna","field_uwagi_wprtuppmo":"","field_s":"\u003Ctime datetime=\u00222026-02-05T01:00:00+01:00\u0022 title=\u00222026-02-05\u0022 class=\u0022datetime\u0022\u003E2026-02-05\u003C\/time\u003E\n"},{"title":"\u003Ca href=\u0022\/wykaz-pomnikow-rzezb-tablic-usytuowanych-w-przestrzeni-publicznej-miasta-olsztyna\/zientary\u0022 hreflang=\u0022pl\u0022\u003EZientary-Malewskiej 2\u003C\/a\u003E","field_obiekt":"\u003Cp\u003ETablica pami\u0105tkowa po\u015bwi\u0119cona pierwszej grupie Polak\u00f3w przyby\u0142ej do Olsztyna - kolejarzom\u003C\/p\u003E\n","field_autor":"brak danych","field_material":"\u003Cp\u003Egranit\u003C\/p\u003E\n","field_czas_powstania_tab_pom_prz":"brak danych","field_wlasnosc":"inna","field_uwagi_wprtuppmo":"","field_s":"\u003Ctime datetime=\u00222026-02-05T01:00:00+01:00\u0022 title=\u00222026-02-05\u0022 class=\u0022datetime\u0022\u003E2026-02-05\u003C\/time\u003E\n"},{"title":"\u003Ca href=\u0022\/wykaz-pomnikow-rzezb-tablic-usytuowanych-w-przestrzeni-publicznej-miasta-olsztyna\/zientary-0\u0022 hreflang=\u0022pl\u0022\u003EZientary-Malewskiej 3\u003C\/a\u003E","field_obiekt":"\u003Cp\u003ETablica pami\u0105tkowa Marii Zientary-Malewskiej (1894-1984)\u003C\/p\u003E\n","field_autor":"Sara Szerszunowicz","field_material":"\u003Cp\u003Eodlew z br\u0105zu\u003C\/p\u003E\n","field_czas_powstania_tab_pom_prz":"2009\/2010","field_wlasnosc":"inna","field_uwagi_wprtuppmo":"","field_s":"\u003Ctime datetime=\u00222026-02-05T01:00:00+01:00\u0022 title=\u00222026-02-05\u0022 class=\u0022datetime\u0022\u003E2026-02-05\u003C\/time\u003E\n"},{"title":"\u003Ca href=\u0022\/wykaz-pomnikow-rzezb-tablic-usytuowanych-w-przestrzeni-publicznej-miasta-olsztyna\/zolnierska\u0022 hreflang=\u0022pl\u0022\u003E\u017bo\u0142nierska  \u017bo\u0142nierska 18a (Wojew\u00f3dzki Specjalistyczny Szpitala Dzieci\u0119cy im. prof. dr. Stanis\u0142awa Popowskiego)\u003C\/a\u003E","field_obiekt":"\u003Cp\u003EPopiersie Janusza Korczaka\u003C\/p\u003E\n","field_autor":"Boles\u0142aw Marschall","field_material":"\u003Cp\u003Ekamie\u0144\u003C\/p\u003E\n","field_czas_powstania_tab_pom_prz":"lata 70. XX w.","field_wlasnosc":"inna","field_uwagi_wprtuppmo":"","field_s":"\u003Ctime datetime=\u00222026-02-05T01:00:00+01:00\u0022 title=\u00222026-02-05\u0022 class=\u0022datetime\u0022\u003E2026-02-05\u003C\/time\u003E\n"}]